{"id":10203,"date":"2022-05-30T15:27:33","date_gmt":"2022-05-30T18:27:33","guid":{"rendered":"https:\/\/fundacaofemar.org.br\/portalwordpress\/?p=10203"},"modified":"2022-06-15T19:20:28","modified_gmt":"2022-06-15T22:20:28","slug":"nova-desinfeccao-nas-instalacoes-da-femar","status":"publish","type":"post","link":"https:\/\/fundacaofemar.org.br\/portalwordpress\/2022\/05\/30\/nova-desinfeccao-nas-instalacoes-da-femar\/","title":{"rendered":"NOVA DESINFEC\u00c7\u00c3O NAS INSTALA\u00c7\u00d5ES DA FEMAR"},"content":{"rendered":"<div class=\"post-content\">\n<p><strong>Publicado em 30 de Maio de 2022<\/strong><\/p>\n\n\n\n<p>A Funda\u00e7\u00e3o de Estudos do Mar \u2013 FEMAR, com o intuito de cooperar com o esfor\u00e7o nacional de preven\u00e7\u00e3o e combate ao COVID-19, atua em sintonia com as orienta\u00e7\u00f5es dos \u00f3rg\u00e3os de sa\u00fade. No \u00faltimo s\u00e1bado, dia 28 de Maio, realizou uma nova desinfec\u00e7\u00e3o nas \u00e1reas comuns da Institui\u00e7\u00e3o, que contou com a a\u00e7\u00e3o de militares do Batalh\u00e3o de Defesa Nuclear, Biol\u00f3gica, Qu\u00edmica e Radiol\u00f3gica (BtlDefNBQR).<\/p>\n\n\n<div class=\"wp-block-image post-image\">\n<figure class=\"aligncenter size-large\"><img fetchpriority=\"high\" decoding=\"async\" width=\"768\" height=\"1024\" src=\"https:\/\/fundacaofemar.org.br\/portalwordpress\/wp-content\/uploads\/2022\/05\/1-768x1024.jpg\" alt=\"\" class=\"wp-image-10204\" srcset=\"https:\/\/fundacaofemar.org.br\/portalwordpress\/wp-content\/uploads\/2022\/05\/1-768x1024.jpg 768w, https:\/\/fundacaofemar.org.br\/portalwordpress\/wp-content\/uploads\/2022\/05\/1-225x300.jpg 225w, https:\/\/fundacaofemar.org.br\/portalwordpress\/wp-content\/uploads\/2022\/05\/1.jpg 780w\" sizes=\"(max-width: 768px) 100vw, 768px\" \/><\/figure><\/div>\n\n\n<p>A primeira desinfec\u00e7\u00e3o nas escadarias, biblioteca, audit\u00f3rio, salas de aula, salas administrativas e de professores, sagu\u00e3o e banheiros da Funda\u00e7\u00e3o aconteceu em 25 de maio de 2020, quando o grupamento do Comando Conjunto Leste, por meio da Marinha do Brasil (MB) tamb\u00e9m esteve da FEMAR com o mesmo prop\u00f3sito.<\/p>\n\n\n\n<p>Para a desinfec\u00e7\u00e3o, foram utilizadas solu\u00e7\u00f5es registradas e recomendadas pela Ag\u00eancia Nacional de Vigil\u00e2ncia Sanit\u00e1ria. Um produto que n\u00e3o \u00e9 corrosivo, n\u00e3o prejudica a sa\u00fade humana e preserva as superf\u00edcies nas quais s\u00e3o aplicados.<\/p>\n\n\n<div class=\"wp-block-image post-image\">\n<figure class=\"aligncenter size-large\"><img decoding=\"async\" width=\"1024\" height=\"768\" src=\"https:\/\/fundacaofemar.org.br\/portalwordpress\/wp-content\/uploads\/2022\/05\/2-1024x768.jpg\" alt=\"\" class=\"wp-image-10205\" srcset=\"https:\/\/fundacaofemar.org.br\/portalwordpress\/wp-content\/uploads\/2022\/05\/2-1024x768.jpg 1024w, https:\/\/fundacaofemar.org.br\/portalwordpress\/wp-content\/uploads\/2022\/05\/2-300x225.jpg 300w, https:\/\/fundacaofemar.org.br\/portalwordpress\/wp-content\/uploads\/2022\/05\/2-768x576.jpg 768w, https:\/\/fundacaofemar.org.br\/portalwordpress\/wp-content\/uploads\/2022\/05\/2.jpg 1040w\" sizes=\"(max-width: 1024px) 100vw, 1024px\" \/><\/figure><\/div>\n\n\n<h3 class=\"has-text-align-center wp-block-heading\">\u00c9 a FEMAR trabalhando com o empenho e a persist\u00eancia no prop\u00f3sito de lidar com o bem-estar e a seguran\u00e7a dos FEMARINOS e seus familiares, Nosso Patrim\u00f4nio Maior!<\/h3>\n\n\n\n<figure class=\"wp-block-image size-full post-image\"><img decoding=\"async\" width=\"780\" height=\"1040\" src=\"https:\/\/fundacaofemar.org.br\/portalwordpress\/wp-content\/uploads\/2022\/05\/3.jpg\" alt=\"\" class=\"wp-image-10206\" srcset=\"https:\/\/fundacaofemar.org.br\/portalwordpress\/wp-content\/uploads\/2022\/05\/3.jpg 780w, https:\/\/fundacaofemar.org.br\/portalwordpress\/wp-content\/uploads\/2022\/05\/3-225x300.jpg 225w, https:\/\/fundacaofemar.org.br\/portalwordpress\/wp-content\/uploads\/2022\/05\/3-768x1024.jpg 768w\" sizes=\"(max-width: 780px) 100vw, 780px\" \/><\/figure>\n\n\n\n<p><strong>N\u00e3o deixe de acompanhar nossas novidades nos links abaixo:<\/strong><\/p>\n\n\n\n<p><a href=\"https:\/\/fundacaofemar.org.br\/portalwordpress\/\">https:\/\/fundacaofemar.org.br\/portalwordpress\/<\/a><\/p>\n\n\n\n<p><a href=\"https:\/\/pt-br.facebook.com\/femar.fundacao \">https:\/\/pt-br.facebook.com\/femar.fundacao <\/a><\/p>\n\n\n\n<p><a href=\"https:\/\/br.linkedin.com\/company\/fundacaofemar\" target=\"_blank\" rel=\"noreferrer noopener\">https:\/\/br.linkedin.com\/company\/fundacaofemar<\/a><\/p>\n\n\n\n<p><a href=\"https:\/\/www.youtube.com\/channel\/UC7_4ePpkhIVxbL5gZFTbRcg\">https:\/\/www.youtube.com\/channel\/UC7_4ePpkhIVxbL5gZFTbRcg<\/a><\/p>\n<\/div>","protected":false},"excerpt":{"rendered":"<p>A Funda\u00e7\u00e3o de Estudos do Mar \u2013 FEMAR, com o intuito de cooperar com o esfor\u00e7o nacional de preven\u00e7\u00e3o e combate ao COVID-19, atua em sintonia com as orienta\u00e7\u00f5es dos \u00f3rg\u00e3os de sa\u00fade. No \u00faltimo s\u00e1bado, dia 28 de Maio, realizou uma nova desinfec\u00e7\u00e3o nas \u00e1reas comuns da Institui\u00e7\u00e3o, que contou com a a\u00e7\u00e3o de militares do Batalh\u00e3o de Defesa Nuclear, Biol\u00f3gica, Qu\u00edmica e Radiol\u00f3gica (BtlDefNBQR).<\/p>\n","protected":false},"author":9,"featured_media":0,"comment_status":"closed","ping_status":"closed","sticky":false,"template":"","format":"standard","meta":{"footnotes":""},"categories":[2],"tags":[],"class_list":["post-10203","post","type-post","status-publish","format-standard","hentry","category-news"],"rise-blocks_total_comments":0,"rise-blocks_categories":[{"term_id":2,"name":"News","slug":"news","term_group":0,"term_taxonomy_id":2,"taxonomy":"category","description":"","parent":0,"count":363,"filter":"raw","cat_ID":2,"category_count":363,"category_description":"","cat_name":"News","category_nicename":"news","category_parent":0}],"rise-blocks_excerpt":"A Funda\u00e7\u00e3o de Estudos do Mar \u2013 FEMAR, com o intuito de cooperar com o esfor\u00e7o nacional de preven\u00e7\u00e3o e combate ao COVID-19, atua em sintonia com as orienta\u00e7\u00f5es dos \u00f3rg\u00e3os de sa\u00fade. No \u00faltimo s\u00e1bado, dia 28 de Maio, realizou uma nova desinfec\u00e7\u00e3o nas \u00e1reas comuns da Institui\u00e7\u00e3o, que contou com a a\u00e7\u00e3o de militares do Batalh\u00e3o de Defesa Nuclear, Biol\u00f3gica, Qu\u00edmica e Radiol\u00f3gica (BtlDefNBQR).","_links":{"self":[{"href":"https:\/\/fundacaofemar.org.br\/portalwordpress\/wp-json\/wp\/v2\/posts\/10203","targetHints":{"allow":["GET"]}}],"collection":[{"href":"https:\/\/fundacaofemar.org.br\/portalwordpress\/wp-json\/wp\/v2\/posts"}],"about":[{"href":"https:\/\/fundacaofemar.org.br\/portalwordpress\/wp-json\/wp\/v2\/types\/post"}],"author":[{"embeddable":true,"href":"https:\/\/fundacaofemar.org.br\/portalwordpress\/wp-json\/wp\/v2\/users\/9"}],"replies":[{"embeddable":true,"href":"https:\/\/fundacaofemar.org.br\/portalwordpress\/wp-json\/wp\/v2\/comments?post=10203"}],"version-history":[{"count":0,"href":"https:\/\/fundacaofemar.org.br\/portalwordpress\/wp-json\/wp\/v2\/posts\/10203\/revisions"}],"wp:attachment":[{"href":"https:\/\/fundacaofemar.org.br\/portalwordpress\/wp-json\/wp\/v2\/media?parent=10203"}],"wp:term":[{"taxonomy":"category","embeddable":true,"href":"https:\/\/fundacaofemar.org.br\/portalwordpress\/wp-json\/wp\/v2\/categories?post=10203"},{"taxonomy":"post_tag","embeddable":true,"href":"https:\/\/fundacaofemar.org.br\/portalwordpress\/wp-json\/wp\/v2\/tags?post=10203"}],"curies":[{"name":"wp","href":"https:\/\/api.w.org\/{rel}","templated":true}]}}