{"id":10359,"date":"2022-06-07T10:38:00","date_gmt":"2022-06-07T13:38:00","guid":{"rendered":"https:\/\/fundacaofemar.org.br\/portalwordpress\/?p=10359"},"modified":"2022-06-15T19:17:26","modified_gmt":"2022-06-15T22:17:26","slug":"femar-e-br-marinas-unidas-na-semana-do-meio-ambiente","status":"publish","type":"post","link":"https:\/\/fundacaofemar.org.br\/portalwordpress\/2022\/06\/07\/femar-e-br-marinas-unidas-na-semana-do-meio-ambiente\/","title":{"rendered":"FEMAR E BR MARINAS UNIDAS NA SEMANA DO MEIO AMBIENTE"},"content":{"rendered":"<div class=\"post-content\">\n<p><strong>Publicado em 07 de Junho de 2022<\/strong><\/p>\n\n\n\n<p class=\"has-text-align-left\">A Funda\u00e7\u00e3o de Estudos do Mar (FEMAR), junto com a BR Marinas e outras Institui\u00e7\u00f5es, se uniram na Semana do Meio Ambiente com o prop\u00f3sito de promover a valoriza\u00e7\u00e3o, a prote\u00e7\u00e3o e as potencialidades dos oceanos para o p\u00fablico geral, al\u00e9m da import\u00e2ncia na atenua\u00e7\u00e3o das mudan\u00e7as clim\u00e1ticas.<\/p>\n\n\n\n<p class=\"has-text-align-left\">A 10\u00aa Semana do Meio Ambiente da BR Marinas, situada no bairro da Gl\u00f3ria, Rio de Janeiro teve in\u00edcio hoje, 07 de Junho, com a presen\u00e7a de especialistas abordando tem\u00e1ticas sobre diversas \u00e1reas, tais como os riscos \u00e0 sa\u00fade dos oceanos e solu\u00e7\u00f5es que podem conter essas amea\u00e7as, a Biodiversidade Marinha, Pol\u00edticas P\u00fablicas frente \u00e0s mudan\u00e7as clim\u00e1ticas e o Desenvolvimento Sustent\u00e1vel e Inova\u00e7\u00e3o da Economia Azul. A programa\u00e7\u00e3o consta, especialmente, sobre a import\u00e2ncia dos oceanos na manuten\u00e7\u00e3o da vida humana no planeta.<\/p>\n\n\n\n<p class=\"has-text-align-left\">Nestes dois dias, a Funda\u00e7\u00e3o atuar\u00e1, especialmente, na Feira de expositores com projetos de preserva\u00e7\u00e3o ambiental e de sustentabilidade, projetos de pesquisa e a\u00e7\u00e3o de sensibiliza\u00e7\u00e3o ambiental: um mutir\u00e3o de limpeza. A Institui\u00e7\u00e3o prev\u00ea a participa\u00e7\u00e3o em palestras de at\u00e9 46 alunos dos cursos t\u00e9cnicos ministrados pela Funda\u00e7\u00e3o em parceria com a Secretaria da Educa\u00e7\u00e3o do Estado do Rio de Janeiro (SEEDUC\/RJ), dos col\u00e9gios Infante Dom Henrique, localizado em Copacabana, e\/ou do Col\u00e9gio Amaro Cavalcanti, no Largo do Machado.<\/p>\n\n\n<div class=\"wp-block-image post-image\">\n<figure class=\"aligncenter size-large is-resized\"><img fetchpriority=\"high\" decoding=\"async\" src=\"https:\/\/fundacaofemar.org.br\/portalwordpress\/wp-content\/uploads\/2022\/06\/1-1024x576.jpg\" alt=\"\" class=\"wp-image-10360\" width=\"662\" height=\"372\" srcset=\"https:\/\/fundacaofemar.org.br\/portalwordpress\/wp-content\/uploads\/2022\/06\/1-1024x576.jpg 1024w, https:\/\/fundacaofemar.org.br\/portalwordpress\/wp-content\/uploads\/2022\/06\/1-300x169.jpg 300w, https:\/\/fundacaofemar.org.br\/portalwordpress\/wp-content\/uploads\/2022\/06\/1-768x432.jpg 768w, https:\/\/fundacaofemar.org.br\/portalwordpress\/wp-content\/uploads\/2022\/06\/1-1536x864.jpg 1536w, https:\/\/fundacaofemar.org.br\/portalwordpress\/wp-content\/uploads\/2022\/06\/1.jpg 1600w\" sizes=\"(max-width: 662px) 100vw, 662px\" \/><\/figure><\/div>\n\n<div class=\"wp-block-image post-image\">\n<figure class=\"aligncenter size-large is-resized\"><img decoding=\"async\" src=\"https:\/\/fundacaofemar.org.br\/portalwordpress\/wp-content\/uploads\/2022\/06\/2-1024x576.jpg\" alt=\"\" class=\"wp-image-10361\" width=\"661\" height=\"371\" srcset=\"https:\/\/fundacaofemar.org.br\/portalwordpress\/wp-content\/uploads\/2022\/06\/2-1024x576.jpg 1024w, https:\/\/fundacaofemar.org.br\/portalwordpress\/wp-content\/uploads\/2022\/06\/2-300x169.jpg 300w, https:\/\/fundacaofemar.org.br\/portalwordpress\/wp-content\/uploads\/2022\/06\/2-768x432.jpg 768w, https:\/\/fundacaofemar.org.br\/portalwordpress\/wp-content\/uploads\/2022\/06\/2-1536x864.jpg 1536w, https:\/\/fundacaofemar.org.br\/portalwordpress\/wp-content\/uploads\/2022\/06\/2.jpg 1600w\" sizes=\"(max-width: 661px) 100vw, 661px\" \/><\/figure><\/div>\n\n\n<p class=\"has-text-align-left\">O evento contar\u00e1 tamb\u00e9m com uma feira de expositores com projetos de preserva\u00e7\u00e3o ambiental e de sustentabilidade, projetos de pesquisa e a\u00e7\u00e3o de sensibiliza\u00e7\u00e3o ambiental: um mutir\u00e3o de limpeza. <\/p>\n\n\n\n<p class=\"has-text-align-left\">Muitos param no stand da FEMAR para tirar d\u00favidas sobre a Institui\u00e7\u00e3o e seus projetos. A equipe aproveita a oportunidade para divulgar o Curso de Estrat\u00e9gia Mar\u00edtima \u2013 ESMAR 2022, que est\u00e1 com inscri\u00e7\u00f5es abertas por meio do link <a href=\"https:\/\/lnkd.in\/dDuRirWG\">https:\/\/lnkd.in\/dDuRirWG<\/a>. &nbsp;A participa\u00e7\u00e3o \u00e9 gratuita!<\/p>\n\n\n<div class=\"wp-block-image post-image\">\n<figure class=\"aligncenter size-large is-resized\"><img decoding=\"async\" src=\"https:\/\/fundacaofemar.org.br\/portalwordpress\/wp-content\/uploads\/2022\/06\/3-706x1024.jpg\" alt=\"\" class=\"wp-image-10362\" width=\"378\" height=\"549\" srcset=\"https:\/\/fundacaofemar.org.br\/portalwordpress\/wp-content\/uploads\/2022\/06\/3-706x1024.jpg 706w, https:\/\/fundacaofemar.org.br\/portalwordpress\/wp-content\/uploads\/2022\/06\/3-207x300.jpg 207w, https:\/\/fundacaofemar.org.br\/portalwordpress\/wp-content\/uploads\/2022\/06\/3-768x1113.jpg 768w, https:\/\/fundacaofemar.org.br\/portalwordpress\/wp-content\/uploads\/2022\/06\/3.jpg 883w\" sizes=\"(max-width: 378px) 100vw, 378px\" \/><\/figure><\/div>\n\n\n<p class=\"has-text-align-center\">A Funda\u00e7\u00e3o de Estudos do Mar orgulha-se de fazer parte desse evento!<\/p>\n\n\n\n<p class=\"has-text-align-center\">O evento \u00e9 gratuito e finaliza amanh\u00e3. Ainda d\u00e1 tempo de participar!<\/p>\n\n\n\n<p class=\"has-text-align-center\">Link para Inscri\u00e7\u00f5es: <a href=\"https:\/\/campanha.brmarinas.com.br\/semana-do-meio-ambiente\">https:\/\/campanha.brmarinas.com.br\/semana-do-meio-ambiente<\/a><\/p>\n\n\n\n<p>N\u00e3o deixe de acompanhar nossas novidades nos links abaixo:<\/p>\n\n\n\n<p><a href=\"https:\/\/pt-br.facebook.com\/femar.fundacao\">https:\/\/pt-br.facebook.com\/femar.fundacao<\/a><\/p>\n\n\n\n<p><a href=\"https:\/\/br.linkedin.com\/company\/fundacaofemar\">https:\/\/br.linkedin.com\/company\/fundacaofemar<\/a><\/p>\n\n\n\n<p><a href=\"https:\/\/www.youtube.com\/channel\/UC7_4ePpkhIVxbL5gZFTbRcg\">https:\/\/www.youtube.com\/channel\/UC7_4ePpkhIVxbL5gZFTbRcg<\/a><\/p>\n<\/div>","protected":false},"excerpt":{"rendered":"<p>A Funda\u00e7\u00e3o de Estudos do Mar (FEMAR), junto com a BR Marinas e outras Institui\u00e7\u00f5es, se uniram na Semana do Meio Ambiente com o prop\u00f3sito de promover a valoriza\u00e7\u00e3o, a prote\u00e7\u00e3o e as potencialidades dos oceanos para o p\u00fablico geral, al\u00e9m da import\u00e2ncia na atenua\u00e7\u00e3o das mudan\u00e7as clim\u00e1ticas.<\/p>\n","protected":false},"author":9,"featured_media":0,"comment_status":"closed","ping_status":"closed","sticky":false,"template":"","format":"standard","meta":{"footnotes":""},"categories":[2],"tags":[],"class_list":["post-10359","post","type-post","status-publish","format-standard","hentry","category-news"],"rise-blocks_total_comments":0,"rise-blocks_categories":[{"term_id":2,"name":"News","slug":"news","term_group":0,"term_taxonomy_id":2,"taxonomy":"category","description":"","parent":0,"count":363,"filter":"raw","cat_ID":2,"category_count":363,"category_description":"","cat_name":"News","category_nicename":"news","category_parent":0}],"rise-blocks_excerpt":"A Funda\u00e7\u00e3o de Estudos do Mar (FEMAR), junto com a BR Marinas e outras Institui\u00e7\u00f5es, se uniram na Semana do Meio Ambiente com o prop\u00f3sito de promover a valoriza\u00e7\u00e3o, a prote\u00e7\u00e3o e as potencialidades dos oceanos para o p\u00fablico geral, al\u00e9m da import\u00e2ncia na atenua\u00e7\u00e3o das mudan\u00e7as clim\u00e1ticas.","_links":{"self":[{"href":"https:\/\/fundacaofemar.org.br\/portalwordpress\/wp-json\/wp\/v2\/posts\/10359","targetHints":{"allow":["GET"]}}],"collection":[{"href":"https:\/\/fundacaofemar.org.br\/portalwordpress\/wp-json\/wp\/v2\/posts"}],"about":[{"href":"https:\/\/fundacaofemar.org.br\/portalwordpress\/wp-json\/wp\/v2\/types\/post"}],"author":[{"embeddable":true,"href":"https:\/\/fundacaofemar.org.br\/portalwordpress\/wp-json\/wp\/v2\/users\/9"}],"replies":[{"embeddable":true,"href":"https:\/\/fundacaofemar.org.br\/portalwordpress\/wp-json\/wp\/v2\/comments?post=10359"}],"version-history":[{"count":0,"href":"https:\/\/fundacaofemar.org.br\/portalwordpress\/wp-json\/wp\/v2\/posts\/10359\/revisions"}],"wp:attachment":[{"href":"https:\/\/fundacaofemar.org.br\/portalwordpress\/wp-json\/wp\/v2\/media?parent=10359"}],"wp:term":[{"taxonomy":"category","embeddable":true,"href":"https:\/\/fundacaofemar.org.br\/portalwordpress\/wp-json\/wp\/v2\/categories?post=10359"},{"taxonomy":"post_tag","embeddable":true,"href":"https:\/\/fundacaofemar.org.br\/portalwordpress\/wp-json\/wp\/v2\/tags?post=10359"}],"curies":[{"name":"wp","href":"https:\/\/api.w.org\/{rel}","templated":true}]}}