{"id":10963,"date":"2022-07-18T13:09:06","date_gmt":"2022-07-18T16:09:06","guid":{"rendered":"https:\/\/fundacaofemar.org.br\/portalwordpress\/?p=10963"},"modified":"2022-07-18T13:09:08","modified_gmt":"2022-07-18T16:09:08","slug":"femar-abre-inscricoes-para-o-ctma-2022","status":"publish","type":"post","link":"https:\/\/fundacaofemar.org.br\/portalwordpress\/2022\/07\/18\/femar-abre-inscricoes-para-o-ctma-2022\/","title":{"rendered":"FEMAR ABRE INSCRI\u00c7\u00d5ES PARA O CTMA 2022"},"content":{"rendered":"<div class=\"post-content\">\n<div class=\"wp-block-group alignwide\"><div class=\"wp-block-group__inner-container is-layout-flow wp-block-group-is-layout-flow\">\n<div class=\"wp-block-columns is-layout-flex wp-container-core-columns-is-layout-9d6595d7 wp-block-columns-is-layout-flex\">\n<div class=\"wp-block-column is-layout-flow wp-block-column-is-layout-flow\" style=\"flex-basis:100%\"><div class=\"wp-block-image\">\n<figure class=\"aligncenter size-large\"><img decoding=\"async\" src=\"https:\/\/fundacaofemar.org.br\/portalwordpress\/wp-content\/uploads\/2022\/07\/Rascunho-Carrossel-Portal-1024x260.jpg\" alt=\"\" class=\"wp-image-10964\"\/><\/figure><\/div><\/div>\n<\/div>\n<\/div><\/div>\n\n\n\n<p class=\"has-text-align-left\">Em 18 de Julho, a Funda\u00e7\u00e3o de Estudos do Mar (FEMAR) inicia, por meio de sua Escola T\u00e9cnica de Estudos do Mar (ETEMAR), as inscri\u00e7\u00f5es para o Curso T\u00e9cnico em Meio Ambiente 2022 \u2013 CTMA.<\/p>\n\n\n\n<p>O prop\u00f3sito \u00e9 formar profissionais em Meio Ambiente que poder\u00e3o trabalhar em \u00f3rg\u00e3os p\u00fablicos ou privados, cooperativas e associa\u00e7\u00f5es, entre outros, que ter\u00e3o qualifica\u00e7\u00e3o para desenvolver as seguintes atribui\u00e7\u00f5es:<br><\/p>\n\n\n\n<ul class=\"wp-block-list\"><li>coletar, armazenar e interpretar informa\u00e7\u00f5es, dados e documenta\u00e7\u00f5es ambientais;<ul><li>propor medidas para a minimiza\u00e7\u00e3o dos impactos e recupera\u00e7\u00e3o de ambientes j\u00e1 degradados;<\/li><\/ul><ul><li>realizar e coordenar o sistema de coleta seletiva;<\/li><\/ul><ul><li>realizar vistoria ambiental e sanit\u00e1ria; e atuar nas \u00e1reas de educa\u00e7\u00e3o, prote\u00e7\u00e3o e recupera\u00e7\u00e3o ambientais.<\/li><\/ul><\/li><\/ul>\n\n\n\n<p>As aulas acontecer\u00e3o de 2\u00aa \u00e0 6\u00aa feira, das 18h \u00e0s 21h15min. O in\u00edcio do curso ser\u00e1 no dia 12 de Setembro de 2022, com previs\u00e3o de t\u00e9rmino em 30 de Julho de 2024.<br>O processo seletivo ocorrer\u00e1 entre os dias 18 de Julho e 10 de Agosto, por meio do preenchimento da Ficha de Inscri\u00e7\u00e3o dispon\u00edvel no site<a href=\"https:\/\/fundacaofemar.org.br\/portalwordpress\/wp-content\/uploads\/2022\/07\/EDITAL-SELECAO-CTMA.pdf\" target=\"_blank\" rel=\"noreferrer noopener\">  https:\/\/fundacaofemar.org.br\/portalwordpress\/wp-content\/uploads\/2022\/07\/EDITAL-SELECAO-CTMA.pdf<\/a><br><\/p>\n\n\n\n<p>N\u00e3o deixe de acompanhar nossas novidades nos links abaixo:<\/p>\n\n\n\n<p><a href=\"https:\/\/pt-br.facebook.com\/femar.fundacao\">https:\/\/pt-br.facebook.com\/femar.fundacao<\/a><\/p>\n\n\n\n<p><a href=\"https:\/\/br.linkedin.com\/company\/fundacaofemar\">https:\/\/br.linkedin.com\/company\/fundacaofemar<\/a><\/p>\n\n\n\n<p><a href=\"https:\/\/www.youtube.com\/channel\/UC7_4ePpkhIVxbL5gZFTbRcg\">https:\/\/www.youtube.com\/channel\/UC7_4ePpkhIVxbL5gZFTbRcg<\/a><\/p>\n<\/div>","protected":false},"excerpt":{"rendered":"<p>A Funda\u00e7\u00e3o de Estudos do Mar (FEMAR) apoia o Centro de Hidrografia da Marinha (CHM) na aquisi\u00e7\u00e3o de equipamentos, como interveniente do Termo de Coopera\u00e7\u00e3o entre a Secretaria da Comiss\u00e3o Interministerial para os Recursos do Mar (SECIRM) e a Petr\u00f3leo Brasileiro S.A. (PETROBRAS).<\/p>\n","protected":false},"author":9,"featured_media":0,"comment_status":"closed","ping_status":"closed","sticky":false,"template":"","format":"standard","meta":{"footnotes":""},"categories":[2],"tags":[],"class_list":["post-10963","post","type-post","status-publish","format-standard","hentry","category-news"],"rise-blocks_total_comments":0,"rise-blocks_categories":[{"term_id":2,"name":"News","slug":"news","term_group":0,"term_taxonomy_id":2,"taxonomy":"category","description":"","parent":0,"count":363,"filter":"raw","cat_ID":2,"category_count":363,"category_description":"","cat_name":"News","category_nicename":"news","category_parent":0}],"rise-blocks_excerpt":"A Funda\u00e7\u00e3o de Estudos do Mar (FEMAR) apoia o Centro de Hidrografia da Marinha (CHM) na aquisi\u00e7\u00e3o de equipamentos, como interveniente do Termo de Coopera\u00e7\u00e3o entre a Secretaria da Comiss\u00e3o Interministerial para os Recursos do Mar (SECIRM) e a Petr\u00f3leo Brasileiro S.A. (PETROBRAS).","_links":{"self":[{"href":"https:\/\/fundacaofemar.org.br\/portalwordpress\/wp-json\/wp\/v2\/posts\/10963","targetHints":{"allow":["GET"]}}],"collection":[{"href":"https:\/\/fundacaofemar.org.br\/portalwordpress\/wp-json\/wp\/v2\/posts"}],"about":[{"href":"https:\/\/fundacaofemar.org.br\/portalwordpress\/wp-json\/wp\/v2\/types\/post"}],"author":[{"embeddable":true,"href":"https:\/\/fundacaofemar.org.br\/portalwordpress\/wp-json\/wp\/v2\/users\/9"}],"replies":[{"embeddable":true,"href":"https:\/\/fundacaofemar.org.br\/portalwordpress\/wp-json\/wp\/v2\/comments?post=10963"}],"version-history":[{"count":0,"href":"https:\/\/fundacaofemar.org.br\/portalwordpress\/wp-json\/wp\/v2\/posts\/10963\/revisions"}],"wp:attachment":[{"href":"https:\/\/fundacaofemar.org.br\/portalwordpress\/wp-json\/wp\/v2\/media?parent=10963"}],"wp:term":[{"taxonomy":"category","embeddable":true,"href":"https:\/\/fundacaofemar.org.br\/portalwordpress\/wp-json\/wp\/v2\/categories?post=10963"},{"taxonomy":"post_tag","embeddable":true,"href":"https:\/\/fundacaofemar.org.br\/portalwordpress\/wp-json\/wp\/v2\/tags?post=10963"}],"curies":[{"name":"wp","href":"https:\/\/api.w.org\/{rel}","templated":true}]}}