{"id":12206,"date":"2022-11-26T16:15:22","date_gmt":"2022-11-26T19:15:22","guid":{"rendered":"https:\/\/fundacaofemar.org.br\/portalwordpress\/?p=12206"},"modified":"2025-11-26T12:05:40","modified_gmt":"2025-11-26T15:05:40","slug":"cotacao-de-precos-44-2022-elaboracao-de-projeto-executivo-para-reforma-dos-edificios-12-e-13-do-centro-tecnologico-da-marinha-no-rio-de-janeiro-ctmrj","status":"publish","type":"post","link":"https:\/\/fundacaofemar.org.br\/portalwordpress\/2022\/11\/26\/cotacao-de-precos-44-2022-elaboracao-de-projeto-executivo-para-reforma-dos-edificios-12-e-13-do-centro-tecnologico-da-marinha-no-rio-de-janeiro-ctmrj\/","title":{"rendered":"COTA\u00c7\u00c3O DE PRE\u00c7OS 44\/2022 &#8211; Elabora\u00e7\u00e3o de Projeto Executivo para reforma dos edif\u00edcios 12 e 13 do Centro Tecnol\u00f3gico da Marinha no Rio de Janeiro &#8211; CTMRJ"},"content":{"rendered":"<div class=\"post-content\">\t\t<div data-elementor-type=\"wp-post\" data-elementor-id=\"12206\" class=\"elementor elementor-12206\">\n\t\t\t\t\t\t<section class=\"elementor-section elementor-top-section elementor-element elementor-element-cd639ea elementor-section-boxed elementor-section-height-default elementor-section-height-default\" data-id=\"cd639ea\" data-element_type=\"section\">\n\t\t\t\t\t\t<div class=\"elementor-container elementor-column-gap-default\">\n\t\t\t\t\t<div class=\"elementor-column elementor-col-100 elementor-top-column elementor-element elementor-element-6f464ee5\" data-id=\"6f464ee5\" data-element_type=\"column\">\n\t\t\t<div class=\"elementor-widget-wrap elementor-element-populated\">\n\t\t\t\t\t\t<div class=\"elementor-element elementor-element-31dcab32 elementor-widget elementor-widget-text-editor\" data-id=\"31dcab32\" data-element_type=\"widget\" data-widget_type=\"text-editor.default\">\n\t\t\t\t<div class=\"elementor-widget-container\">\n\t\t\t\t\t\t\t\t\t<p><\/p>\n<p><strong>Publicado em 26 de Novembro de 2022<\/strong><\/p>\n<p><strong>&nbsp;<\/strong><\/p>\n<p><span class=\"x_x_x_ContentPasted1 x_x_ContentPasted0\"><b>A FUNDA\u00c7\u00c3O DE ESTUDOS DO MAR \u2013 FEMAR <\/b>torna p\u00fablico para&nbsp;conhecimento dos interessados, a realiza\u00e7\u00e3o de&nbsp;COTA\u00c7\u00c3O DE PRE\u00c7OS, a ser julgada pelo&nbsp;crit\u00e9rio de MENOR&nbsp;PRE\u00c7O,&nbsp;com modo de disputa aberto por meio de lances, a ser&nbsp;conduzida por videoconfer\u00eancia na plataforma Microsoft Teams,&nbsp;com o objetivo de selecionar a proposta de pre\u00e7o mais vantajosa,&nbsp;segundo as&nbsp;condi\u00e7\u00f5es e especifica\u00e7\u00f5es&nbsp;<\/span><span class=\"x_x_x_ContentPasted1\"><span class=\"x_x_x_ContentPasted1 x_x_ContentPasted0\">constantes dos arquivos anexos.&nbsp;Cabendo destacar, os seguintes elementos:<\/span><\/span><\/p>\n<div class=\"x_x_x_elementToProof\">\n<div><span class=\"x_x_x_ContentPasted0\"><b class=\"x_x_x_ContentPasted0 x_x_ContentPasted0\">Objeto:<\/b><\/span><span class=\"x_x_x_ContentPasted0\"><span class=\"x_x_x_ContentPasted0 x_x_ContentPasted0\">&nbsp;<\/span><\/span><span class=\"x_x_x_ContentPasted0 x_x_ContentPasted0\">C<\/span><span class=\"x_x_x_ContentPasted0 x_x_ContentPasted0\">ontrata\u00e7\u00e3o de empresa especializada na \u00e1rea de engenharia ou arquitetura para presta\u00e7\u00e3o de Servi\u00e7o de Elabora\u00e7\u00e3o de Projeto Executivo para reforma dos edif\u00edcios 12 e 13 do Centro Tecnol\u00f3gico da Marinha no Rio de Janeiro &#8211; CTMRJ (Coordenadoria de Inova\u00e7\u00e3o).&nbsp;<\/span><\/div>\n<\/div>\n<div class=\"x_x_x_elementToProof\"><span class=\"x_x_x_ContentPasted0 x_x_ContentPasted0\">&nbsp;<\/span><\/div>\n<div class=\"x_x_x_elementToProof\"><b><span class=\"x_x_x_ContentPasted0 x_x_ContentPasted0\">Data-limite&nbsp;<\/span><\/b><span class=\"x_x_x_ContentPasted0 x_x_ContentPasted0\">para solicita\u00e7\u00e3o de esclarecimento: <b>30\/11\/2022<\/b>, at\u00e9 \u00e0s <b>14:00<\/b>;<\/span><span class=\"x_x_x_ContentPasted0 x_x_ContentPasted0\">&nbsp;<\/span><\/div>\n<div class=\"x_x_x_elementToProof\"><span class=\"x_x_ContentPasted0\">&nbsp;<\/span><\/div>\n<div class=\"x_x_x_elementToProof\"><span class=\"x_x_x_ContentPasted0 x_x_ContentPasted0\">&nbsp;<\/span><b><span class=\"x_x_x_ContentPasted0 x_x_ContentPasted0\">Data-limite&nbsp;<\/span><\/b><span class=\"x_x_x_ContentPasted0 x_x_ContentPasted0\">para entrega das Propostas de Pre\u00e7os, Termo de Autoriza\u00e7\u00e3o de Uso de&nbsp;Imagem Audiovisual e documento que outorga poderes ao licitante formular lances em nome da empresa: <b>01\/12\/2022,<\/b> at\u00e9 \u00e0s<b> 10:00<\/b>;<\/span><span class=\"x_x_x_ContentPasted0 x_x_ContentPasted0\">&nbsp;<\/span><br class=\"x_x_x_ContentPasted0 x_x_ContentPasted0\" aria-hidden=\"true\"><br class=\"x_x_x_ContentPasted0 x_x_ContentPasted0\" aria-hidden=\"true\"><\/div>\n<div class=\"x_x_x_elementToProof\"><span class=\"x_x_x_ContentPasted0 x_x_ContentPasted0\">&nbsp;<\/span><b><span class=\"x_x_x_ContentPasted0 x_x_ContentPasted0\">Data e per\u00edodo<\/span><\/b><span class=\"x_x_x_ContentPasted0 x_x_ContentPasted0\">&nbsp;<\/span><span class=\"x_x_x_ContentPasted0 x_x_ContentPasted0\">para realiza\u00e7\u00e3o da reuni\u00e3o no <b>ambiente virtual Microsoft Teams<\/b>:&nbsp;<b>01\/12\/2022<\/b>, no per\u00edodo de <b>13:30<\/b> \u00e0s<b> 14:50 <\/b>&#8211; fase de lances;<\/span><span class=\"x_x_x_ContentPasted0 x_x_ContentPasted0\">&nbsp;<\/span><\/div>\n<div class=\"x_x_x_elementToProof\">&nbsp;<\/div>\n<div class=\"x_x_x_elementToProof\"><span class=\"x_x_x_ContentPasted0 x_x_ContentPasted0\">&nbsp;A&nbsp;Cota\u00e7\u00e3o&nbsp;de&nbsp;Pre\u00e7os fica \u00e0 disposi\u00e7\u00e3o dos interessados&nbsp;<\/span><span class=\"x_x_x_ContentPasted0\"><span class=\"x_x_x_ContentPasted0 x_x_ContentPasted0\">no site da FEMAR no endere\u00e7o&nbsp;<\/span><\/span><a class=\"x_x_x_ContentPasted0 x_x_ContentPasted0\" href=\"https:\/\/nam10.safelinks.protection.outlook.com\/?url=http%3A%2F%2Fwww.fundacaofemar.org.br%2F&amp;data=04%7C01%7Cfloriano.lopes%40fundacaofemar.org.br%7Ca82334ae37ac4472c90c08d94d36ec84%7C620c87731d564a1b86b167ae935d124e%7C0%7C0%7C637625720577582184%7CUnknown%7CTWFpbGZsb3d8eyJWIjoiMC4wLjAwMDAiLCJQIjoiV2luMzIiLCJBTiI6Ik1haWwiLCJXVCI6Mn0%3D%7C1000&amp;sdata=fC87CMlOEkYEikRa3kIgMOBG65o3AGBr0KY2MK8PVN8%3D&amp;reserved=0\" target=\"_blank\" rel=\"noopener noreferrer\" data-auth=\"NotApplicable\" data-safelink=\"true\" data-linkindex=\"3\">www.fundacaofemar.org.br<\/a><span class=\"x_x_x_ContentPasted0 x_x_ContentPasted0\">.<\/span><span class=\"x_x_x_ContentPasted0 x_x_ContentPasted0\">&nbsp;<\/span><\/div>\n<div class=\"x_x_x_elementToProof\">&nbsp;<\/div>\n<div>\n<div style=\"border: 0px; font-style: inherit; font-variant: inherit; font-weight: inherit; font-stretch: inherit; font-size: 12pt; line-height: inherit; font-family: Calibri, Arial, Helvetica, sans-serif; margin: 0px; padding: 0px; vertical-align: baseline; color: #000000 !important;\">&nbsp;<\/div>\n<\/div>\n<div>&nbsp;<a style=\"background-color: #ffffff;\" href=\"https:\/\/fundacaofemar.org.br\/portalwordpress\/wp-content\/uploads\/2022\/11\/COTACAO_44_2022_Elaboracao_Edificios_CTMRJ.pdf\" target=\"_blank\" rel=\"noreferrer noopener\">BAIXAR EDITAL<\/a><\/div>\n<div>\n<div>&nbsp;<\/div>\n<p><\/p>\n<\/div>\n<p><!-- \/wp:buttons --><!-- wp:spacer --><\/p>\n<div style=\"height: 100px;\" aria-hidden=\"true\"><a href=\"https:\/\/fundacaofemar.org.br\/portalwordpress\/portal-de-compras\/\" rel=\"\">VOLTAR<\/a><\/div>\n<div>\n<p><!-- \/wp:button --><\/p>\n<\/div>\n<p><!-- \/wp:buttons --><!-- wp:paragraph --><\/p>\n<p><!-- \/wp:paragraph --><\/p>\t\t\t\t\t\t\t\t<\/div>\n\t\t\t\t<\/div>\n\t\t\t\t\t<\/div>\n\t\t<\/div>\n\t\t\t\t\t<\/div>\n\t\t<\/section>\n\t\t\t\t<\/div>\n\t\t<\/div>","protected":false},"excerpt":{"rendered":"<p>A FUNDA\u00c7\u00c3O DE ESTUDOS DO MAR \u2013 FEMAR torna p\u00fablico para conhecimento dos interessados, a realiza\u00e7\u00e3o de COTA\u00c7\u00c3O DE PRE\u00c7OS, a ser julgada pelo crit\u00e9rio de MENOR PRE\u00c7O, com modo de disputa aberto por meio de lances, a ser conduzida por videoconfer\u00eancia na plataforma Microsoft Teams, com o objetivo de selecionar a proposta de pre\u00e7o mais vantajosa, segundo as condi\u00e7\u00f5es e especifica\u00e7\u00f5es constantes dos arquivos anexos. Cabendo destacar, os seguintes elementos:<\/p>\n","protected":false},"author":9,"featured_media":7333,"comment_status":"closed","ping_status":"closed","sticky":false,"template":"","format":"standard","meta":{"footnotes":""},"categories":[35],"tags":[42,46,36],"class_list":["post-12206","post","type-post","status-publish","format-standard","has-post-thumbnail","hentry","category-licitacoes","tag-cotacao-de-precos","tag-processo-publico","tag-status-encerrado"],"rise-blocks_total_comments":0,"rise-blocks_categories":[{"term_id":35,"name":"Licita\u00e7\u00f5es","slug":"licitacoes","term_group":0,"term_taxonomy_id":35,"taxonomy":"category","description":"","parent":0,"count":118,"filter":"raw","cat_ID":35,"category_count":118,"category_description":"","cat_name":"Licita\u00e7\u00f5es","category_nicename":"licitacoes","category_parent":0}],"rise-blocks_excerpt":"A FUNDA\u00c7\u00c3O DE ESTUDOS DO MAR \u2013 FEMAR torna p\u00fablico para conhecimento dos interessados, a realiza\u00e7\u00e3o de COTA\u00c7\u00c3O DE PRE\u00c7OS, a ser julgada pelo crit\u00e9rio de MENOR PRE\u00c7O, com modo de disputa aberto por meio de lances, a ser conduzida por videoconfer\u00eancia na plataforma Microsoft Teams, com o objetivo de selecionar a proposta de pre\u00e7o mais vantajosa, segundo as condi\u00e7\u00f5es e especifica\u00e7\u00f5es constantes dos arquivos anexos. Cabendo destacar, os seguintes elementos:","_links":{"self":[{"href":"https:\/\/fundacaofemar.org.br\/portalwordpress\/wp-json\/wp\/v2\/posts\/12206","targetHints":{"allow":["GET"]}}],"collection":[{"href":"https:\/\/fundacaofemar.org.br\/portalwordpress\/wp-json\/wp\/v2\/posts"}],"about":[{"href":"https:\/\/fundacaofemar.org.br\/portalwordpress\/wp-json\/wp\/v2\/types\/post"}],"author":[{"embeddable":true,"href":"https:\/\/fundacaofemar.org.br\/portalwordpress\/wp-json\/wp\/v2\/users\/9"}],"replies":[{"embeddable":true,"href":"https:\/\/fundacaofemar.org.br\/portalwordpress\/wp-json\/wp\/v2\/comments?post=12206"}],"version-history":[{"count":0,"href":"https:\/\/fundacaofemar.org.br\/portalwordpress\/wp-json\/wp\/v2\/posts\/12206\/revisions"}],"wp:featuredmedia":[{"embeddable":true,"href":"https:\/\/fundacaofemar.org.br\/portalwordpress\/wp-json\/wp\/v2\/media\/7333"}],"wp:attachment":[{"href":"https:\/\/fundacaofemar.org.br\/portalwordpress\/wp-json\/wp\/v2\/media?parent=12206"}],"wp:term":[{"taxonomy":"category","embeddable":true,"href":"https:\/\/fundacaofemar.org.br\/portalwordpress\/wp-json\/wp\/v2\/categories?post=12206"},{"taxonomy":"post_tag","embeddable":true,"href":"https:\/\/fundacaofemar.org.br\/portalwordpress\/wp-json\/wp\/v2\/tags?post=12206"}],"curies":[{"name":"wp","href":"https:\/\/api.w.org\/{rel}","templated":true}]}}