{"id":13111,"date":"2023-03-23T15:48:27","date_gmt":"2023-03-23T18:48:27","guid":{"rendered":"https:\/\/fundacaofemar.org.br\/portalwordpress\/?p=13111"},"modified":"2025-11-26T12:23:31","modified_gmt":"2025-11-26T15:23:31","slug":"femar-comemora-dia-mundial-da-agua-por-que-a-conservacao-da-agua-e-tao-urgente","status":"publish","type":"post","link":"https:\/\/fundacaofemar.org.br\/portalwordpress\/2023\/03\/23\/femar-comemora-dia-mundial-da-agua-por-que-a-conservacao-da-agua-e-tao-urgente\/","title":{"rendered":"FEMAR COMEMORA DIA MUNDIAL DA \u00c1GUA: POR QUE A CONSERVA\u00c7\u00c3O DA \u00c1GUA \u00c9 T\u00c3O URGENTE"},"content":{"rendered":"<div class=\"post-content\">\n<p><strong>Publicado em 23 de Mar\u00e7o de 2023<\/strong><\/p>\n\n\n\n<p class=\"has-text-align-center\">A data criada pela Organiza\u00e7\u00e3o das Na\u00e7\u00f5es Unidas (ONU), 22 de mar\u00e7o, visa relembrar que preservar a \u00e1gua \u00e9 crucial para a vida no planeta. Esse ano, a ONU definiu o tema \u201cAcelerando Mudan\u00e7as \u2013 Seja a mudan\u00e7a que voc\u00ea deseja ver no Mundo\u201d. O prop\u00f3sito \u00e9 levantar debates e discutir formas de acelerar solu\u00e7\u00f5es para a crise global da \u00e1gua e saneamento.<\/p>\n\n\n<div class=\"wp-block-image is-style-default\">\n<figure class=\"aligncenter size-large\"><img fetchpriority=\"high\" decoding=\"async\" width=\"1024\" height=\"461\" src=\"https:\/\/fundacaofemar.org.br\/portalwordpress\/wp-content\/uploads\/2023\/03\/IMG-20230323-WA0008-1024x461.jpg\" alt=\"\" class=\"wp-image-13112\" srcset=\"https:\/\/fundacaofemar.org.br\/portalwordpress\/wp-content\/uploads\/2023\/03\/IMG-20230323-WA0008-1024x461.jpg 1024w, https:\/\/fundacaofemar.org.br\/portalwordpress\/wp-content\/uploads\/2023\/03\/IMG-20230323-WA0008-300x135.jpg 300w, https:\/\/fundacaofemar.org.br\/portalwordpress\/wp-content\/uploads\/2023\/03\/IMG-20230323-WA0008-768x346.jpg 768w, https:\/\/fundacaofemar.org.br\/portalwordpress\/wp-content\/uploads\/2023\/03\/IMG-20230323-WA0008.jpg 1280w\" sizes=\"(max-width: 1024px) 100vw, 1024px\" \/><\/figure><\/div>\n\n\n<p class=\"has-text-align-center\">Durante o dia 23 de mar\u00e7o, a Funda\u00e7\u00e3o de Estudos do Mar (FEMAR) realizou o Projeto \u201c\u00c1gua dos Oceanos\u201d, com 40 alunos do 9\u00b0 ano do Ensino Fundamental da Escola Municipal Ary Barroso, em atividades pedag\u00f3gicas de cunho cultural, tais como: visita ao AquaRio e ao Espa\u00e7o Cultural da Marinha do Brasil e um Passeio Mar\u00edtimo pela Ba\u00eda de Guanabara.<\/p>\n\n\n<div class=\"wp-block-image is-style-default\">\n<figure class=\"aligncenter size-large\"><img decoding=\"async\" width=\"1024\" height=\"461\" src=\"https:\/\/fundacaofemar.org.br\/portalwordpress\/wp-content\/uploads\/2023\/03\/IMG-20230323-WA0026-1024x461.jpg\" alt=\"\" class=\"wp-image-13113\" srcset=\"https:\/\/fundacaofemar.org.br\/portalwordpress\/wp-content\/uploads\/2023\/03\/IMG-20230323-WA0026-1024x461.jpg 1024w, https:\/\/fundacaofemar.org.br\/portalwordpress\/wp-content\/uploads\/2023\/03\/IMG-20230323-WA0026-300x135.jpg 300w, https:\/\/fundacaofemar.org.br\/portalwordpress\/wp-content\/uploads\/2023\/03\/IMG-20230323-WA0026-768x346.jpg 768w, https:\/\/fundacaofemar.org.br\/portalwordpress\/wp-content\/uploads\/2023\/03\/IMG-20230323-WA0026-1536x691.jpg 1536w, https:\/\/fundacaofemar.org.br\/portalwordpress\/wp-content\/uploads\/2023\/03\/IMG-20230323-WA0026.jpg 1600w\" sizes=\"(max-width: 1024px) 100vw, 1024px\" \/><\/figure><\/div>\n\n\n<p class=\"has-text-align-center\">Os estudantes puderam identificar os poluentes do cotidiano que est\u00e3o presentes na \u00e1gua, durante as visitas guiadas. No AquaRio, bi\u00f3logos, acompanhados de militares da Marinha do Brasil, palestraram sobre a import\u00e2ncia que as \u00e1guas dos oceanos t\u00eam para a humanidade como regulador do clima da Terra, influenciando as correntes atmosf\u00e9ricas, amenizando a amplitude t\u00e9rmica global, produzindo a maior parte do oxig\u00eanio que respiramos e exercendo um papel importante no sequestro do di\u00f3xido de carbono existente na atmosfera.<\/p>\n\n\n<div class=\"wp-block-image is-style-default\">\n<figure class=\"aligncenter size-large\"><img decoding=\"async\" width=\"1024\" height=\"461\" src=\"https:\/\/fundacaofemar.org.br\/portalwordpress\/wp-content\/uploads\/2023\/03\/IMG-20230323-WA0054-1024x461.jpg\" alt=\"\" class=\"wp-image-13115\" srcset=\"https:\/\/fundacaofemar.org.br\/portalwordpress\/wp-content\/uploads\/2023\/03\/IMG-20230323-WA0054-1024x461.jpg 1024w, https:\/\/fundacaofemar.org.br\/portalwordpress\/wp-content\/uploads\/2023\/03\/IMG-20230323-WA0054-300x135.jpg 300w, https:\/\/fundacaofemar.org.br\/portalwordpress\/wp-content\/uploads\/2023\/03\/IMG-20230323-WA0054-768x346.jpg 768w, https:\/\/fundacaofemar.org.br\/portalwordpress\/wp-content\/uploads\/2023\/03\/IMG-20230323-WA0054.jpg 1280w\" sizes=\"(max-width: 1024px) 100vw, 1024px\" \/><\/figure><\/div>\n\n\n<h2 class=\"has-text-align-center wp-block-heading\"><strong>PROJETO \u201c\u00c1GUA DOS OCEANOS\u201d<\/strong><\/h2>\n\n\n\n<p>O Projeto \u201c\u00c1gua dos Oceanos\u201d desenvolve a conscientiza\u00e7\u00e3o de que sem os oceanos n\u00e3o h\u00e1 vida humana na Terra e aborda pr\u00e1ticas e a\u00e7\u00f5es de interven\u00e7\u00e3o, visando a preserva\u00e7\u00e3o dos oceanos. Preservar os oceanos vai al\u00e9m de pensar exclusivamente no ambiente marinho. A emiss\u00e3o de gases que causam o efeito estufa\u00a0pelas atividades humanas, como a queima de combust\u00edveis f\u00f3sseis, faz com que as \u00e1guas absorvam mais carbono do que o ideal para o ecossistema.<\/p>\n\n\n<div class=\"wp-block-image is-style-rounded\">\n<figure class=\"aligncenter size-full\"><img loading=\"lazy\" decoding=\"async\" width=\"575\" height=\"637\" src=\"https:\/\/fundacaofemar.org.br\/portalwordpress\/wp-content\/uploads\/2023\/03\/IMG-20230323-WA0036-1.jpg\" alt=\"\" class=\"wp-image-13116\" srcset=\"https:\/\/fundacaofemar.org.br\/portalwordpress\/wp-content\/uploads\/2023\/03\/IMG-20230323-WA0036-1.jpg 575w, https:\/\/fundacaofemar.org.br\/portalwordpress\/wp-content\/uploads\/2023\/03\/IMG-20230323-WA0036-1-271x300.jpg 271w\" sizes=\"(max-width: 575px) 100vw, 575px\" \/><\/figure><\/div>\n\n\n<h2 class=\"has-text-align-center wp-block-heading\"><strong>PROTEGER O ECOSSISTEMA MARINHO \u00c9 GARANTIR A SOBREVIV\u00caNCIA DO PLANETA!<\/strong><\/h2>\n\n\n\n<figure class=\"wp-block-pullquote\"><blockquote><p><strong>N\u00e3o deixe de acompanhar nossas novidades nos links abaixo:<\/strong><br><strong><em><mark><strong><em><a href=\"https:\/\/pt-br.facebook.com\/femar.fundacao\" target=\"_blank\" rel=\"noreferrer noopener\">https:\/\/pt-br.facebook.com\/femar.fundacao<\/a><\/em><\/strong><\/mark><\/em><\/strong><br><strong><em><mark><strong><a href=\"https:\/\/pt-br.facebook.com\/femar.fundacaohttps:\/\/br.linkedin.com\/company\/fundacaofemarhttps:\/\/www.youtube.com\/channel\/UC7_4ePpkhIVxbL5gZFTbRcg\"><\/a><em><a href=\"https:\/\/br.linkedin.com\/company\/fundacaofemar\" target=\"_blank\" rel=\"noreferrer noopener\">https:\/\/br.linkedin.com\/company\/fundacaofemar<\/a><\/em><\/strong><\/mark><\/em><\/strong><br><strong><em><mark><strong><a href=\"https:\/\/pt-br.facebook.com\/femar.fundacaohttps:\/\/br.linkedin.com\/company\/fundacaofemarhttps:\/\/www.youtube.com\/channel\/UC7_4ePpkhIVxbL5gZFTbRcg\"><\/a><em><a href=\"https:\/\/www.youtube.com\/channel\/UC7_4ePpkhIVxbL5gZFTbRcg\" target=\"_blank\" rel=\"noreferrer noopener\">https:\/\/www.youtube.com\/channel\/UC7_4ePpkhIVxbL5gZFTbRcg<\/a><\/em><\/strong><\/mark><\/em><\/strong><br><strong><em><mark><strong><em><a href=\"https:\/\/www.instagram.com\/fundacaofemar\/\" target=\"_blank\" rel=\"noreferrer noopener nofollow\">https:\/\/www.instagram.com\/fundacaofemar\/<\/a><\/em><\/strong><\/mark><\/em><\/strong><\/p><\/blockquote><\/figure>\n<\/div>","protected":false},"excerpt":{"rendered":"<p>A data criada pela Organiza\u00e7\u00e3o das Na\u00e7\u00f5es Unidas (ONU), 22 de mar\u00e7o, visa relembrar que preservar a \u00e1gua \u00e9 crucial para a vida no planeta. Esse ano, a ONU definiu o tema \u201cAcelerando Mudan\u00e7as \u2013 Seja a mudan\u00e7a que voc\u00ea deseja ver no Mundo\u201d. O prop\u00f3sito \u00e9 levantar debates e discutir formas de acelerar solu\u00e7\u00f5es para a crise global da \u00e1gua e saneamento.<\/p>\n","protected":false},"author":9,"featured_media":0,"comment_status":"closed","ping_status":"closed","sticky":false,"template":"","format":"standard","meta":{"footnotes":""},"categories":[29,17,2,19],"tags":[],"class_list":["post-13111","post","type-post","status-publish","format-standard","hentry","category-ensino","category-meio-ambiente","category-news","category-responsabilidade-social"],"rise-blocks_total_comments":0,"rise-blocks_categories":[{"term_id":29,"name":"Ensino","slug":"ensino","term_group":0,"term_taxonomy_id":29,"taxonomy":"category","description":"","parent":2,"count":143,"filter":"raw","cat_ID":29,"category_count":143,"category_description":"","cat_name":"Ensino","category_nicename":"ensino","category_parent":2},{"term_id":17,"name":"Meio Ambiente","slug":"meio-ambiente","term_group":0,"term_taxonomy_id":17,"taxonomy":"category","description":"","parent":2,"count":35,"filter":"raw","cat_ID":17,"category_count":35,"category_description":"","cat_name":"Meio Ambiente","category_nicename":"meio-ambiente","category_parent":2},{"term_id":2,"name":"News","slug":"news","term_group":0,"term_taxonomy_id":2,"taxonomy":"category","description":"","parent":0,"count":365,"filter":"raw","cat_ID":2,"category_count":365,"category_description":"","cat_name":"News","category_nicename":"news","category_parent":0},{"term_id":19,"name":"Responsabilidade Social","slug":"responsabilidade-social","term_group":0,"term_taxonomy_id":19,"taxonomy":"category","description":"","parent":2,"count":15,"filter":"raw","cat_ID":19,"category_count":15,"category_description":"","cat_name":"Responsabilidade Social","category_nicename":"responsabilidade-social","category_parent":2}],"rise-blocks_excerpt":"A data criada pela Organiza\u00e7\u00e3o das Na\u00e7\u00f5es Unidas (ONU), 22 de mar\u00e7o, visa relembrar que preservar a \u00e1gua \u00e9 crucial para a vida no planeta. Esse ano, a ONU definiu o tema \u201cAcelerando Mudan\u00e7as \u2013 Seja a mudan\u00e7a que voc\u00ea deseja ver no Mundo\u201d. O prop\u00f3sito \u00e9 levantar debates e discutir formas de acelerar solu\u00e7\u00f5es para a crise global da \u00e1gua e saneamento.","_links":{"self":[{"href":"https:\/\/fundacaofemar.org.br\/portalwordpress\/wp-json\/wp\/v2\/posts\/13111","targetHints":{"allow":["GET"]}}],"collection":[{"href":"https:\/\/fundacaofemar.org.br\/portalwordpress\/wp-json\/wp\/v2\/posts"}],"about":[{"href":"https:\/\/fundacaofemar.org.br\/portalwordpress\/wp-json\/wp\/v2\/types\/post"}],"author":[{"embeddable":true,"href":"https:\/\/fundacaofemar.org.br\/portalwordpress\/wp-json\/wp\/v2\/users\/9"}],"replies":[{"embeddable":true,"href":"https:\/\/fundacaofemar.org.br\/portalwordpress\/wp-json\/wp\/v2\/comments?post=13111"}],"version-history":[{"count":0,"href":"https:\/\/fundacaofemar.org.br\/portalwordpress\/wp-json\/wp\/v2\/posts\/13111\/revisions"}],"wp:attachment":[{"href":"https:\/\/fundacaofemar.org.br\/portalwordpress\/wp-json\/wp\/v2\/media?parent=13111"}],"wp:term":[{"taxonomy":"category","embeddable":true,"href":"https:\/\/fundacaofemar.org.br\/portalwordpress\/wp-json\/wp\/v2\/categories?post=13111"},{"taxonomy":"post_tag","embeddable":true,"href":"https:\/\/fundacaofemar.org.br\/portalwordpress\/wp-json\/wp\/v2\/tags?post=13111"}],"curies":[{"name":"wp","href":"https:\/\/api.w.org\/{rel}","templated":true}]}}