{"id":13634,"date":"2023-04-13T11:58:13","date_gmt":"2023-04-13T14:58:13","guid":{"rendered":"https:\/\/fundacaofemar.org.br\/portalwordpress\/?p=13634"},"modified":"2025-11-26T11:59:59","modified_gmt":"2025-11-26T14:59:59","slug":"femar-realiza-mutirao-de-limpeza-na-praia-charitas","status":"publish","type":"post","link":"https:\/\/fundacaofemar.org.br\/portalwordpress\/2023\/04\/13\/femar-realiza-mutirao-de-limpeza-na-praia-charitas\/","title":{"rendered":"FEMAR PARTICIPAR\u00c1 DE MUTIR\u00c3O DE LIMPEZA NA PRAIA CHARITAS"},"content":{"rendered":"<div class=\"post-content\">\n<p><strong>Publicado em 13 de Abril de 2023<\/strong><\/p>\n\n\n\n<p class=\"has-text-align-center\">No dia&nbsp;15 de abril de 8h \u00e0s 11h, a Funda\u00e7\u00e3o de Estudos do Mar (FEMAR), o Projeto LARS Grael e o Projeto U\u00e7\u00e1, juntamente com outros parceiros, ir\u00e3o realizar um mutir\u00e3o de limpeza na Praia Charitas em Niter\u00f3i!<\/p>\n\n\n\n<p class=\"has-text-align-center\">O evento ser\u00e1 aberto ao p\u00fablico e estamos convidando volunt\u00e1rios que querem participar e ajudar a preservar o meio ambiente!<\/p>\n\n\n\n<p class=\"has-text-align-center\">Para se inscrever, basta preencher o formul\u00e1rio no link abaixo e fazer parte desse grande movimento de amor \u00e0 natureza!<\/p>\n\n\n\n<p class=\"has-text-align-center\">Junte-se a n\u00f3s nessa causa! Contamos com a sua presen\u00e7a!<\/p>\n\n\n\n<h2 class=\"wp-block-heading has-text-align-center\"><strong>Vamos fazer a diferen\u00e7a e cuidar do nosso planeta?<\/strong><\/h2>\n\n\n\n<p class=\"has-text-align-center\">&nbsp;Link para inscri\u00e7\u00e3o:&nbsp;<a href=\"https:\/\/forms.gle\/54UkzLMc8EktZBaG6\" target=\"_blank\" rel=\"noreferrer noopener\">https:\/\/forms.gle\/54UkzLMc8EktZBaG6<\/a><\/p>\n\n\n\n<figure class=\"wp-block-gallery has-nested-images columns-default is-cropped wp-block-gallery-1 is-layout-flex wp-block-gallery-is-layout-flex\">\n<figure class=\"wp-block-image size-large\"><a href=\"https:\/\/forms.gle\/54UkzLMc8EktZBaG6\" target=\"_blank\" rel=\"noopener\"><img fetchpriority=\"high\" decoding=\"async\" width=\"828\" height=\"822\" data-id=\"13636\" src=\"https:\/\/fundacaofemar.org.br\/portalwordpress\/wp-content\/uploads\/2023\/04\/thumbnail_IMG-1435-1.jpg\" alt=\"\" class=\"wp-image-13636\" srcset=\"https:\/\/fundacaofemar.org.br\/portalwordpress\/wp-content\/uploads\/2023\/04\/thumbnail_IMG-1435-1.jpg 828w, https:\/\/fundacaofemar.org.br\/portalwordpress\/wp-content\/uploads\/2023\/04\/thumbnail_IMG-1435-1-300x298.jpg 300w, https:\/\/fundacaofemar.org.br\/portalwordpress\/wp-content\/uploads\/2023\/04\/thumbnail_IMG-1435-1-150x150.jpg 150w, https:\/\/fundacaofemar.org.br\/portalwordpress\/wp-content\/uploads\/2023\/04\/thumbnail_IMG-1435-1-768x762.jpg 768w\" sizes=\"(max-width: 828px) 100vw, 828px\" \/><\/a><\/figure>\n<\/figure>\n\n\n\n<figure class=\"wp-block-pullquote\"><blockquote><p><strong>N\u00e3o deixe de acompanhar nossas novidades nos links abaixo:<\/strong><br><strong><em><mark><strong><em><a href=\"https:\/\/pt-br.facebook.com\/femar.fundacao\" target=\"_blank\" rel=\"noreferrer noopener\">https:\/\/pt-br.facebook.com\/femar.fundacao<\/a><\/em><\/strong><\/mark><\/em><\/strong><br><strong><em><mark><strong><a href=\"https:\/\/pt-br.facebook.com\/femar.fundacaohttps:\/\/br.linkedin.com\/company\/fundacaofemarhttps:\/\/www.youtube.com\/channel\/UC7_4ePpkhIVxbL5gZFTbRcg\"><\/a><em><a href=\"https:\/\/br.linkedin.com\/company\/fundacaofemar\" target=\"_blank\" rel=\"noreferrer noopener\">https:\/\/br.linkedin.com\/company\/fundacaofemar<\/a><\/em><\/strong><\/mark><\/em><\/strong><br><strong><em><mark><strong><a href=\"https:\/\/pt-br.facebook.com\/femar.fundacaohttps:\/\/br.linkedin.com\/company\/fundacaofemarhttps:\/\/www.youtube.com\/channel\/UC7_4ePpkhIVxbL5gZFTbRcg\"><\/a><em><a href=\"https:\/\/www.youtube.com\/channel\/UC7_4ePpkhIVxbL5gZFTbRcg\" target=\"_blank\" rel=\"noreferrer noopener\">https:\/\/www.youtube.com\/channel\/UC7_4ePpkhIVxbL5gZFTbRcg<\/a><\/em><\/strong><\/mark><\/em><\/strong><br><strong><em><mark><strong><em><a href=\"https:\/\/www.instagram.com\/fundacaofemar\/\" target=\"_blank\" rel=\"noreferrer noopener nofollow\">https:\/\/www.instagram.com\/fundacaofemar\/<\/a><\/em><\/strong><\/mark><\/em><\/strong><\/p><\/blockquote><\/figure>\n<\/div>","protected":false},"excerpt":{"rendered":"<p>No dia 15 de abril de 8h \u00e0s 11h, a Funda\u00e7\u00e3o de Estudos do Mar (FEMAR), o Projeto Lars Grael e o Projeto U\u00e7\u00e1, juntamente com outros parceiros, ir\u00e3o realizar um mutir\u00e3o de limpeza na Praia Charitas em Niter\u00f3i!<\/p>\n","protected":false},"author":9,"featured_media":0,"comment_status":"closed","ping_status":"closed","sticky":false,"template":"","format":"standard","meta":{"footnotes":""},"categories":[29,17,2,19],"tags":[],"class_list":["post-13634","post","type-post","status-publish","format-standard","hentry","category-ensino","category-meio-ambiente","category-news","category-responsabilidade-social"],"rise-blocks_total_comments":0,"rise-blocks_categories":[{"term_id":29,"name":"Ensino","slug":"ensino","term_group":0,"term_taxonomy_id":29,"taxonomy":"category","description":"","parent":2,"count":143,"filter":"raw","cat_ID":29,"category_count":143,"category_description":"","cat_name":"Ensino","category_nicename":"ensino","category_parent":2},{"term_id":17,"name":"Meio Ambiente","slug":"meio-ambiente","term_group":0,"term_taxonomy_id":17,"taxonomy":"category","description":"","parent":2,"count":35,"filter":"raw","cat_ID":17,"category_count":35,"category_description":"","cat_name":"Meio Ambiente","category_nicename":"meio-ambiente","category_parent":2},{"term_id":2,"name":"News","slug":"news","term_group":0,"term_taxonomy_id":2,"taxonomy":"category","description":"","parent":0,"count":365,"filter":"raw","cat_ID":2,"category_count":365,"category_description":"","cat_name":"News","category_nicename":"news","category_parent":0},{"term_id":19,"name":"Responsabilidade Social","slug":"responsabilidade-social","term_group":0,"term_taxonomy_id":19,"taxonomy":"category","description":"","parent":2,"count":15,"filter":"raw","cat_ID":19,"category_count":15,"category_description":"","cat_name":"Responsabilidade Social","category_nicename":"responsabilidade-social","category_parent":2}],"rise-blocks_excerpt":"No dia 15 de abril de 8h \u00e0s 11h, a Funda\u00e7\u00e3o de Estudos do Mar (FEMAR), o Projeto Lars Grael e o Projeto U\u00e7\u00e1, juntamente com outros parceiros, ir\u00e3o realizar um mutir\u00e3o de limpeza na Praia Charitas em Niter\u00f3i!","_links":{"self":[{"href":"https:\/\/fundacaofemar.org.br\/portalwordpress\/wp-json\/wp\/v2\/posts\/13634","targetHints":{"allow":["GET"]}}],"collection":[{"href":"https:\/\/fundacaofemar.org.br\/portalwordpress\/wp-json\/wp\/v2\/posts"}],"about":[{"href":"https:\/\/fundacaofemar.org.br\/portalwordpress\/wp-json\/wp\/v2\/types\/post"}],"author":[{"embeddable":true,"href":"https:\/\/fundacaofemar.org.br\/portalwordpress\/wp-json\/wp\/v2\/users\/9"}],"replies":[{"embeddable":true,"href":"https:\/\/fundacaofemar.org.br\/portalwordpress\/wp-json\/wp\/v2\/comments?post=13634"}],"version-history":[{"count":0,"href":"https:\/\/fundacaofemar.org.br\/portalwordpress\/wp-json\/wp\/v2\/posts\/13634\/revisions"}],"wp:attachment":[{"href":"https:\/\/fundacaofemar.org.br\/portalwordpress\/wp-json\/wp\/v2\/media?parent=13634"}],"wp:term":[{"taxonomy":"category","embeddable":true,"href":"https:\/\/fundacaofemar.org.br\/portalwordpress\/wp-json\/wp\/v2\/categories?post=13634"},{"taxonomy":"post_tag","embeddable":true,"href":"https:\/\/fundacaofemar.org.br\/portalwordpress\/wp-json\/wp\/v2\/tags?post=13634"}],"curies":[{"name":"wp","href":"https:\/\/api.w.org\/{rel}","templated":true}]}}