{"id":14723,"date":"2023-08-03T07:57:45","date_gmt":"2023-08-03T10:57:45","guid":{"rendered":"https:\/\/fundacaofemar.org.br\/portalwordpress\/?p=14723"},"modified":"2023-08-07T08:25:27","modified_gmt":"2023-08-07T11:25:27","slug":"femar-realiza-encerramento-do-curso-planner","status":"publish","type":"post","link":"https:\/\/fundacaofemar.org.br\/portalwordpress\/2023\/08\/03\/femar-realiza-encerramento-do-curso-planner\/","title":{"rendered":"FEMAR REALIZA ENCERRAMENTO DO CURSO PLANNER"},"content":{"rendered":"<div class=\"post-content\">\n<p class=\"has-text-align-center\">Mais uma edi\u00e7\u00e3o bem-sucedida de cursos foi finalizada no dia 27 de julho pela Funda\u00e7\u00e3o de Estudos do Mar (FEMAR)! O curso Plano de Distribui\u00e7\u00e3o de Cont\u00eaineres (PLANNER) proporcionou aos alunos o conhecimento fundamental para o planejamento de cont\u00eaineres a bordo e nos p\u00e1tios dos portos, destinado a profissionais que j\u00e1 atuam ou pretendem atuar em empresas das \u00e1reas mar\u00edtima e portu\u00e1ria.<\/p>\n\n\n\n<p class=\"has-text-align-center\">O Curso Planner teve a orienta\u00e7\u00e3o do renomado Instrutor Luiz Alberto Cristiano, com aproximadamente 25 anos de experi\u00eancia trabalhando em navios Full Container. Desempenhou a fun\u00e7\u00e3o de Planner e alcan\u00e7ou o posto m\u00e1ximo de Capit\u00e3o de Longo Curso (CLC), ocupando o cargo de Comandante de embarca\u00e7\u00f5es at\u00e9 1997.<\/p>\n\n\n<div class=\"wp-block-image is-style-default\">\n<figure class=\"aligncenter size-large is-resized\"><img fetchpriority=\"high\" decoding=\"async\" src=\"https:\/\/fundacaofemar.org.br\/portalwordpress\/wp-content\/uploads\/2023\/08\/planer-2-768x1024.jpg\" alt=\"\" class=\"wp-image-14724\" width=\"386\" height=\"514\" srcset=\"https:\/\/fundacaofemar.org.br\/portalwordpress\/wp-content\/uploads\/2023\/08\/planer-2-768x1024.jpg 768w, https:\/\/fundacaofemar.org.br\/portalwordpress\/wp-content\/uploads\/2023\/08\/planer-2-225x300.jpg 225w, https:\/\/fundacaofemar.org.br\/portalwordpress\/wp-content\/uploads\/2023\/08\/planer-2.jpg 867w\" sizes=\"(max-width: 386px) 100vw, 386px\" \/><\/figure><\/div>\n\n\n<p class=\"has-text-align-center\">Aos alunos que participaram ativamente e seguiram as diretrizes do curso, foi concedido o Certificado de Conclus\u00e3o, reconhecendo o comprometimento e dedica\u00e7\u00e3o durante o aprendizado. Essa certifica\u00e7\u00e3o valoriza a forma\u00e7\u00e3o adquirida e refor\u00e7a a compet\u00eancia dos profissionais capacitados pelo curso PLANNER.<\/p>\n\n\n<div class=\"wp-block-image is-style-default\">\n<figure class=\"aligncenter size-large is-resized\"><img decoding=\"async\" src=\"https:\/\/fundacaofemar.org.br\/portalwordpress\/wp-content\/uploads\/2023\/08\/planner-1-1024x645.jpg\" alt=\"\" class=\"wp-image-14725\" width=\"429\" height=\"269\" srcset=\"https:\/\/fundacaofemar.org.br\/portalwordpress\/wp-content\/uploads\/2023\/08\/planner-1-1024x645.jpg 1024w, https:\/\/fundacaofemar.org.br\/portalwordpress\/wp-content\/uploads\/2023\/08\/planner-1-300x189.jpg 300w, https:\/\/fundacaofemar.org.br\/portalwordpress\/wp-content\/uploads\/2023\/08\/planner-1-768x484.jpg 768w, https:\/\/fundacaofemar.org.br\/portalwordpress\/wp-content\/uploads\/2023\/08\/planner-1-1536x968.jpg 1536w, https:\/\/fundacaofemar.org.br\/portalwordpress\/wp-content\/uploads\/2023\/08\/planner-1-2048x1290.jpg 2048w\" sizes=\"(max-width: 429px) 100vw, 429px\" \/><\/figure><\/div>\n\n\n<h1 class=\"wp-block-heading has-text-align-center has-vivid-cyan-blue-color has-text-color has-x-large-font-size\"><strong>Funda\u00e7\u00e3o de Estudos do Mar<\/strong><\/h1>\n\n\n\n<figure class=\"wp-block-pullquote\"><blockquote><p><strong>N\u00e3o deixe de acompanhar nossas novidades nos links abaixo:<\/strong><br><strong><em><mark><strong><em><a href=\"https:\/\/pt-br.facebook.com\/femar.fundacao\" target=\"_blank\" rel=\"noreferrer noopener\">https:\/\/pt-br.facebook.com\/femar.fundacao<\/a><\/em><\/strong><\/mark><\/em><\/strong><br><strong><em><mark><strong><a href=\"https:\/\/pt-br.facebook.com\/femar.fundacaohttps:\/\/br.linkedin.com\/company\/fundacaofemarhttps:\/\/www.youtube.com\/channel\/UC7_4ePpkhIVxbL5gZFTbRcg\"><\/a><em><a href=\"https:\/\/br.linkedin.com\/company\/fundacaofemar\" target=\"_blank\" rel=\"noreferrer noopener\">https:\/\/br.linkedin.com\/company\/fundacaofemar<\/a><\/em><\/strong><\/mark><\/em><\/strong><br><strong><em><mark><strong><a href=\"https:\/\/pt-br.facebook.com\/femar.fundacaohttps:\/\/br.linkedin.com\/company\/fundacaofemarhttps:\/\/www.youtube.com\/channel\/UC7_4ePpkhIVxbL5gZFTbRcg\"><\/a><em><a href=\"https:\/\/www.youtube.com\/channel\/UC7_4ePpkhIVxbL5gZFTbRcg\" target=\"_blank\" rel=\"noreferrer noopener\">https:\/\/www.youtube.com\/channel\/UC7_4ePpkhIVxbL5gZFTbRcg<\/a><\/em><\/strong><\/mark><\/em><\/strong><br><strong><em><mark><strong><em><a href=\"https:\/\/www.instagram.com\/fundacaofemar\/\" target=\"_blank\" rel=\"noreferrer noopener nofollow\">https:\/\/www.instagram.com\/fundacaofemar\/<\/a><\/em><\/strong><\/mark><\/em><\/strong><\/p><\/blockquote><\/figure>\n<\/div>","protected":false},"excerpt":{"rendered":"<p>Mais uma edi\u00e7\u00e3o bem-sucedida de cursos foi finalizada no dia 27 de julho pela Funda\u00e7\u00e3o de Estudos do Mar (FEMAR)! O curso Plano de Distribui\u00e7\u00e3o de Cont\u00eaineres (PLANNER) proporcionou aos alunos o conhecimento fundamental para o planejamento de cont\u00eaineres a bordo e nos p\u00e1tios dos portos, destinado a profissionais que j\u00e1 atuam ou pretendem atuar em empresas das \u00e1reas mar\u00edtima e portu\u00e1ria.<\/p>\n","protected":false},"author":9,"featured_media":14724,"comment_status":"closed","ping_status":"closed","sticky":false,"template":"","format":"standard","meta":{"footnotes":""},"categories":[18,2],"tags":[],"class_list":["post-14723","post","type-post","status-publish","format-standard","has-post-thumbnail","hentry","category-eventos","category-news"],"rise-blocks_total_comments":0,"rise-blocks_categories":[{"term_id":18,"name":"Eventos","slug":"eventos","term_group":0,"term_taxonomy_id":18,"taxonomy":"category","description":"","parent":2,"count":239,"filter":"raw","cat_ID":18,"category_count":239,"category_description":"","cat_name":"Eventos","category_nicename":"eventos","category_parent":2},{"term_id":2,"name":"News","slug":"news","term_group":0,"term_taxonomy_id":2,"taxonomy":"category","description":"","parent":0,"count":364,"filter":"raw","cat_ID":2,"category_count":364,"category_description":"","cat_name":"News","category_nicename":"news","category_parent":0}],"rise-blocks_excerpt":"Mais uma edi\u00e7\u00e3o bem-sucedida de cursos foi finalizada no dia 27 de julho pela Funda\u00e7\u00e3o de Estudos do Mar (FEMAR)! O curso Plano de Distribui\u00e7\u00e3o de Cont\u00eaineres (PLANNER) proporcionou aos alunos o conhecimento fundamental para o planejamento de cont\u00eaineres a bordo e nos p\u00e1tios dos portos, destinado a profissionais que j\u00e1 atuam ou pretendem atuar em empresas das \u00e1reas mar\u00edtima e portu\u00e1ria.","_links":{"self":[{"href":"https:\/\/fundacaofemar.org.br\/portalwordpress\/wp-json\/wp\/v2\/posts\/14723","targetHints":{"allow":["GET"]}}],"collection":[{"href":"https:\/\/fundacaofemar.org.br\/portalwordpress\/wp-json\/wp\/v2\/posts"}],"about":[{"href":"https:\/\/fundacaofemar.org.br\/portalwordpress\/wp-json\/wp\/v2\/types\/post"}],"author":[{"embeddable":true,"href":"https:\/\/fundacaofemar.org.br\/portalwordpress\/wp-json\/wp\/v2\/users\/9"}],"replies":[{"embeddable":true,"href":"https:\/\/fundacaofemar.org.br\/portalwordpress\/wp-json\/wp\/v2\/comments?post=14723"}],"version-history":[{"count":0,"href":"https:\/\/fundacaofemar.org.br\/portalwordpress\/wp-json\/wp\/v2\/posts\/14723\/revisions"}],"wp:featuredmedia":[{"embeddable":true,"href":"https:\/\/fundacaofemar.org.br\/portalwordpress\/wp-json\/wp\/v2\/media\/14724"}],"wp:attachment":[{"href":"https:\/\/fundacaofemar.org.br\/portalwordpress\/wp-json\/wp\/v2\/media?parent=14723"}],"wp:term":[{"taxonomy":"category","embeddable":true,"href":"https:\/\/fundacaofemar.org.br\/portalwordpress\/wp-json\/wp\/v2\/categories?post=14723"},{"taxonomy":"post_tag","embeddable":true,"href":"https:\/\/fundacaofemar.org.br\/portalwordpress\/wp-json\/wp\/v2\/tags?post=14723"}],"curies":[{"name":"wp","href":"https:\/\/api.w.org\/{rel}","templated":true}]}}