{"id":14784,"date":"2023-08-07T14:27:27","date_gmt":"2023-08-07T17:27:27","guid":{"rendered":"https:\/\/fundacaofemar.org.br\/portalwordpress\/?p=14784"},"modified":"2023-08-07T14:27:29","modified_gmt":"2023-08-07T17:27:29","slug":"registro-profissional-do-curso-tecnico-em-meio-ambiente","status":"publish","type":"post","link":"https:\/\/fundacaofemar.org.br\/portalwordpress\/2023\/08\/07\/registro-profissional-do-curso-tecnico-em-meio-ambiente\/","title":{"rendered":"REGISTRO PROFISSIONAL DO CURSO T\u00c9CNICO EM MEIO AMBIENTE"},"content":{"rendered":"<div class=\"post-content\">\n<p class=\"has-text-align-center\">A Escola T\u00e9cnica de Estudos do Mar (ETEMAR), vinculada \u00e0 Funda\u00e7\u00e3o de Estudos do Mar (FEMAR), recebeu do <strong>Conselho Federal de Qu\u00edmica (CFQ)<\/strong> o parecer favor\u00e1vel do registro profissional do Curso T\u00e9cnicos em Meio Ambiente (CTMA), ministrado na ETEMAR.<\/p>\n\n\n<div class=\"wp-block-image is-style-default\">\n<figure class=\"aligncenter size-large is-resized\"><img fetchpriority=\"high\" decoding=\"async\" src=\"https:\/\/fundacaofemar.org.br\/portalwordpress\/wp-content\/uploads\/2023\/08\/2-Turma-1024x691.jpg\" alt=\"\" class=\"wp-image-14786\" width=\"567\" height=\"382\" srcset=\"https:\/\/fundacaofemar.org.br\/portalwordpress\/wp-content\/uploads\/2023\/08\/2-Turma-1024x691.jpg 1024w, https:\/\/fundacaofemar.org.br\/portalwordpress\/wp-content\/uploads\/2023\/08\/2-Turma-300x203.jpg 300w, https:\/\/fundacaofemar.org.br\/portalwordpress\/wp-content\/uploads\/2023\/08\/2-Turma-768x518.jpg 768w, https:\/\/fundacaofemar.org.br\/portalwordpress\/wp-content\/uploads\/2023\/08\/2-Turma.jpg 1280w\" sizes=\"(max-width: 567px) 100vw, 567px\" \/><\/figure><\/div>\n\n\n<p class=\"has-text-align-center\">Assim, os alunos egressos da ETEMAR poder\u00e3o obter registro profissional junto aos <strong>Conselhos Regionais de Qu\u00edmica,<\/strong> de n\u00edvel m\u00e9dio, como condi\u00e7\u00e3o para o exerc\u00edcio profissional nas atividades de Meio Ambiente, de acordo com a Resolu\u00e7\u00e3o Normativa n\u00ba 222\/2009.<\/p>\n\n\n<div class=\"wp-block-image is-style-default\">\n<figure class=\"aligncenter size-full is-resized\"><img decoding=\"async\" src=\"https:\/\/fundacaofemar.org.br\/portalwordpress\/wp-content\/uploads\/2023\/08\/1-Turma.jpg\" alt=\"\" class=\"wp-image-14785\" width=\"423\" height=\"601\" srcset=\"https:\/\/fundacaofemar.org.br\/portalwordpress\/wp-content\/uploads\/2023\/08\/1-Turma.jpg 548w, https:\/\/fundacaofemar.org.br\/portalwordpress\/wp-content\/uploads\/2023\/08\/1-Turma-211x300.jpg 211w\" sizes=\"(max-width: 423px) 100vw, 423px\" \/><\/figure><\/div>\n\n\n<h1 class=\"wp-block-heading has-text-align-center has-vivid-cyan-blue-color has-text-color has-x-large-font-size\"><strong>Funda\u00e7\u00e3o de Estudos do Mar<\/strong><\/h1>\n\n\n\n<figure class=\"wp-block-pullquote\"><blockquote><p><strong>N\u00e3o deixe de acompanhar nossas novidades nos links abaixo:<\/strong><br><strong><em><mark><strong><em><a href=\"https:\/\/pt-br.facebook.com\/femar.fundacao\" target=\"_blank\" rel=\"noreferrer noopener\">https:\/\/pt-br.facebook.com\/femar.fundacao<\/a><\/em><\/strong><\/mark><\/em><\/strong><br><strong><em><mark><strong><a href=\"https:\/\/pt-br.facebook.com\/femar.fundacaohttps:\/\/br.linkedin.com\/company\/fundacaofemarhttps:\/\/www.youtube.com\/channel\/UC7_4ePpkhIVxbL5gZFTbRcg\"><\/a><em><a href=\"https:\/\/br.linkedin.com\/company\/fundacaofemar\" target=\"_blank\" rel=\"noreferrer noopener\">https:\/\/br.linkedin.com\/company\/fundacaofemar<\/a><\/em><\/strong><\/mark><\/em><\/strong><br><strong><em><mark><strong><a href=\"https:\/\/pt-br.facebook.com\/femar.fundacaohttps:\/\/br.linkedin.com\/company\/fundacaofemarhttps:\/\/www.youtube.com\/channel\/UC7_4ePpkhIVxbL5gZFTbRcg\"><\/a><em><a href=\"https:\/\/www.youtube.com\/channel\/UC7_4ePpkhIVxbL5gZFTbRcg\" target=\"_blank\" rel=\"noreferrer noopener\">https:\/\/www.youtube.com\/channel\/UC7_4ePpkhIVxbL5gZFTbRcg<\/a><\/em><\/strong><\/mark><\/em><\/strong><br><strong><em><mark><strong><em><a href=\"https:\/\/www.instagram.com\/fundacaofemar\/\" target=\"_blank\" rel=\"noreferrer noopener nofollow\">https:\/\/www.instagram.com\/fundacaofemar\/<\/a><\/em><\/strong><\/mark><\/em><\/strong><\/p><\/blockquote><\/figure>\n<\/div>","protected":false},"excerpt":{"rendered":"<p>A Escola T\u00e9cnica de Estudos do Mar (ETEMAR), vinculada \u00e0 Funda\u00e7\u00e3o de Estudos do Mar (FEMAR), recebeu do Conselho Federal de Qu\u00edmica (CFQ) o parecer favor\u00e1vel do registro profissional do Curso T\u00e9cnicos em Meio Ambiente (CTMA), ministrado na ETEMAR.<\/p>\n","protected":false},"author":9,"featured_media":14786,"comment_status":"closed","ping_status":"closed","sticky":false,"template":"","format":"standard","meta":{"footnotes":""},"categories":[18,2],"tags":[],"class_list":["post-14784","post","type-post","status-publish","format-standard","has-post-thumbnail","hentry","category-eventos","category-news"],"rise-blocks_total_comments":0,"rise-blocks_categories":[{"term_id":18,"name":"Eventos","slug":"eventos","term_group":0,"term_taxonomy_id":18,"taxonomy":"category","description":"","parent":2,"count":239,"filter":"raw","cat_ID":18,"category_count":239,"category_description":"","cat_name":"Eventos","category_nicename":"eventos","category_parent":2},{"term_id":2,"name":"News","slug":"news","term_group":0,"term_taxonomy_id":2,"taxonomy":"category","description":"","parent":0,"count":365,"filter":"raw","cat_ID":2,"category_count":365,"category_description":"","cat_name":"News","category_nicename":"news","category_parent":0}],"rise-blocks_excerpt":"A Escola T\u00e9cnica de Estudos do Mar (ETEMAR), vinculada \u00e0 Funda\u00e7\u00e3o de Estudos do Mar (FEMAR), recebeu do Conselho Federal de Qu\u00edmica (CFQ) o parecer favor\u00e1vel do registro profissional do Curso T\u00e9cnicos em Meio Ambiente (CTMA), ministrado na ETEMAR.","_links":{"self":[{"href":"https:\/\/fundacaofemar.org.br\/portalwordpress\/wp-json\/wp\/v2\/posts\/14784","targetHints":{"allow":["GET"]}}],"collection":[{"href":"https:\/\/fundacaofemar.org.br\/portalwordpress\/wp-json\/wp\/v2\/posts"}],"about":[{"href":"https:\/\/fundacaofemar.org.br\/portalwordpress\/wp-json\/wp\/v2\/types\/post"}],"author":[{"embeddable":true,"href":"https:\/\/fundacaofemar.org.br\/portalwordpress\/wp-json\/wp\/v2\/users\/9"}],"replies":[{"embeddable":true,"href":"https:\/\/fundacaofemar.org.br\/portalwordpress\/wp-json\/wp\/v2\/comments?post=14784"}],"version-history":[{"count":0,"href":"https:\/\/fundacaofemar.org.br\/portalwordpress\/wp-json\/wp\/v2\/posts\/14784\/revisions"}],"wp:featuredmedia":[{"embeddable":true,"href":"https:\/\/fundacaofemar.org.br\/portalwordpress\/wp-json\/wp\/v2\/media\/14786"}],"wp:attachment":[{"href":"https:\/\/fundacaofemar.org.br\/portalwordpress\/wp-json\/wp\/v2\/media?parent=14784"}],"wp:term":[{"taxonomy":"category","embeddable":true,"href":"https:\/\/fundacaofemar.org.br\/portalwordpress\/wp-json\/wp\/v2\/categories?post=14784"},{"taxonomy":"post_tag","embeddable":true,"href":"https:\/\/fundacaofemar.org.br\/portalwordpress\/wp-json\/wp\/v2\/tags?post=14784"}],"curies":[{"name":"wp","href":"https:\/\/api.w.org\/{rel}","templated":true}]}}