{"id":15338,"date":"2023-09-05T21:34:33","date_gmt":"2023-09-06T00:34:33","guid":{"rendered":"https:\/\/fundacaofemar.org.br\/portalwordpress\/?p=15338"},"modified":"2025-11-26T11:44:18","modified_gmt":"2025-11-26T14:44:18","slug":"mare-aplicada-a-hidrografia","status":"publish","type":"post","link":"https:\/\/fundacaofemar.org.br\/portalwordpress\/2023\/09\/05\/mare-aplicada-a-hidrografia\/","title":{"rendered":"\u00a0MAR\u00c9 APLICADA \u00c0 HIDROGRAFIA"},"content":{"rendered":"<div class=\"post-content\">\n<p><strong>Publicado em 06 de Setembro de 2023<\/strong><\/p>\n\n\n<div class=\"wp-block-image post-image is-style-default\">\n<figure class=\"aligncenter size-large\"><img fetchpriority=\"high\" decoding=\"async\" width=\"1024\" height=\"389\" src=\"https:\/\/fundacaofemar.org.br\/portalwordpress\/wp-content\/uploads\/2023\/10\/wip2-4-1024x389.png\" alt=\"\" class=\"wp-image-15667\" srcset=\"https:\/\/fundacaofemar.org.br\/portalwordpress\/wp-content\/uploads\/2023\/10\/wip2-4-1024x389.png 1024w, https:\/\/fundacaofemar.org.br\/portalwordpress\/wp-content\/uploads\/2023\/10\/wip2-4-300x114.png 300w, https:\/\/fundacaofemar.org.br\/portalwordpress\/wp-content\/uploads\/2023\/10\/wip2-4-768x292.png 768w, https:\/\/fundacaofemar.org.br\/portalwordpress\/wp-content\/uploads\/2023\/10\/wip2-4-1536x583.png 1536w, https:\/\/fundacaofemar.org.br\/portalwordpress\/wp-content\/uploads\/2023\/10\/wip2-4.png 1920w\" sizes=\"(max-width: 1024px) 100vw, 1024px\" \/><\/figure><\/div>\n\n\n<p><strong>O CURSO<\/strong><\/p>\n\n\n\n<p>O Curso Mar\u00e9 Aplicada \u00e0 Hidrografia (<strong>MAHID<\/strong>) visa proporcionar ao aluno conhecimentos para efetuar a an\u00e1lise das previs\u00f5es de mar\u00e9s para aux\u00edlio \u00e0 hidrografia e \u00e0 navega\u00e7\u00e3o.<\/p>\n\n\n\n<h2 class=\"wp-block-heading has-text-align-center\"><strong>Aprenda a prever as mar\u00e9s!<\/strong><\/h2>\n\n\n\n<p><strong>DIRETRIZES<\/strong><\/p>\n\n\n\n<p>Carga hor\u00e1ria: <strong>60 horas<\/strong><\/p>\n\n\n\n<p>Modalidade: H\u00edbrida \u2013 <strong>42 horas<\/strong> aulas presenciais e <strong>18 horas <\/strong>aulas s\u00edncronas<\/p>\n\n\n\n<p>Per\u00edodo de realiza\u00e7\u00e3o: <strong> 30\/10 \u00e0 06\/12\/2023<\/strong>.<\/p>\n\n\n\n<p>Dias das aulas presenciais na <strong><mark style=\"background-color:rgba(0, 0, 0, 0)\" class=\"has-inline-color has-vivid-red-color\">FEMAR<\/mark><\/strong>: <\/p>\n\n\n\n<figure class=\"wp-block-table aligncenter is-style-stripes\"><table><tbody><tr><td class=\"has-text-align-center\" data-align=\"center\"><mark style=\"background-color:rgba(0, 0, 0, 0)\" class=\"has-inline-color has-vivid-red-color\"><strong>OUTUBRO<\/strong><\/mark><\/td><td class=\"has-text-align-center\" data-align=\"center\"><mark style=\"background-color:rgba(0, 0, 0, 0)\" class=\"has-inline-color has-vivid-red-color\"><strong>NOVEMBRO<\/strong><\/mark><\/td><td class=\"has-text-align-center\" data-align=\"center\"><mark style=\"background-color:rgba(0, 0, 0, 0)\" class=\"has-inline-color has-vivid-red-color\"><strong>DEZEMBRO<\/strong><\/mark><\/td><\/tr><tr><td class=\"has-text-align-center\" data-align=\"center\"><strong>30\/10\/2023<\/strong><\/td><td class=\"has-text-align-center\" data-align=\"center\"><strong>01\/11\/2023<\/strong><\/td><td class=\"has-text-align-center\" data-align=\"center\"><strong>04\/12\/2023<\/strong><\/td><\/tr><tr><td class=\"has-text-align-center\" data-align=\"center\"><strong>31\/10\/2023<\/strong><\/td><td class=\"has-text-align-center\" data-align=\"center\"><strong>06\/11\/2023<\/strong><\/td><td class=\"has-text-align-center\" data-align=\"center\"><strong>05\/12\/2023<\/strong><\/td><\/tr><tr><td class=\"has-text-align-center\" data-align=\"center\"><strong>XXXX-XXXX<\/strong><\/td><td class=\"has-text-align-center\" data-align=\"center\"><strong>07\/11\/2023<\/strong><\/td><td class=\"has-text-align-center\" data-align=\"center\"><strong>06\/12\/2023<\/strong><\/td><\/tr><tr><td class=\"has-text-align-center\" data-align=\"center\"><strong>XXXX-XXXX<\/strong><\/td><td class=\"has-text-align-center\" data-align=\"center\"><strong>08\/11\/2023<\/strong><\/td><td class=\"has-text-align-center\" data-align=\"center\"><strong>XXXX-XXXX<\/strong><\/td><\/tr><tr><td class=\"has-text-align-center\" data-align=\"center\"><strong>XXXX-XXXX<\/strong><\/td><td class=\"has-text-align-center\" data-align=\"center\"><strong>09\/11\/2023<\/strong><\/td><td class=\"has-text-align-center\" data-align=\"center\"><strong>XXXX-XXXX<\/strong><\/td><\/tr><tr><td class=\"has-text-align-center\" data-align=\"center\"><strong>XXXX-XXXX<\/strong><\/td><td class=\"has-text-align-center\" data-align=\"center\"><strong>27\/11\/2023<\/strong><\/td><td class=\"has-text-align-center\" data-align=\"center\"><strong>XXXX-XXXX<\/strong><\/td><\/tr><tr><td class=\"has-text-align-center\" data-align=\"center\"><strong>XXXX-XXXX<\/strong><\/td><td class=\"has-text-align-center\" data-align=\"center\"><strong>28\/11\/2023<\/strong><\/td><td class=\"has-text-align-center\" data-align=\"center\"><strong>XXXX-XXXX<\/strong><\/td><\/tr><tr><td class=\"has-text-align-center\" data-align=\"center\"><strong>XXXX-XXXX<\/strong><\/td><td class=\"has-text-align-center\" data-align=\"center\"><strong>29\/11\/2023<\/strong><\/td><td class=\"has-text-align-center\" data-align=\"center\"><strong>XXXX-XXXX<\/strong><\/td><\/tr><tr><td class=\"has-text-align-center\" data-align=\"center\"><strong>XXXX-XXXX<\/strong><\/td><td class=\"has-text-align-center\" data-align=\"center\"><strong>30\/11\/2023<\/strong><\/td><td class=\"has-text-align-center\" data-align=\"center\"><strong>XXXX-XXXX<\/strong><\/td><\/tr><\/tbody><\/table><\/figure>\n\n\n\n<p>Dias das aulas s\u00edncronas, via <strong><mark style=\"background-color:rgba(0, 0, 0, 0)\" class=\"has-inline-color has-vivid-red-color\">TEAMS<\/mark><\/strong>:<\/p>\n\n\n\n<figure class=\"wp-block-table aligncenter is-style-stripes\"><table><tbody><tr><td class=\"has-text-align-center\" data-align=\"center\"><mark style=\"background-color:rgba(0, 0, 0, 0)\" class=\"has-inline-color has-vivid-red-color\"><strong>NOVEMBRO<\/strong><\/mark><\/td><\/tr><tr><td class=\"has-text-align-center\" data-align=\"center\"><strong>13\/11\/2023<\/strong><\/td><\/tr><tr><td class=\"has-text-align-center\" data-align=\"center\"><strong>14\/11\/2023<\/strong><\/td><\/tr><tr><td class=\"has-text-align-center\" data-align=\"center\"><strong>16\/11\/2023<\/strong><\/td><\/tr><tr><td class=\"has-text-align-center\" data-align=\"center\"><strong>16\/11\/2023<\/strong><\/td><\/tr><tr><td class=\"has-text-align-center\" data-align=\"center\"><strong>21\/11\/2023<\/strong><\/td><\/tr><tr><td class=\"has-text-align-center\" data-align=\"center\"><strong>22\/11\/2023<\/strong><\/td><\/tr><tr><td class=\"has-text-align-center\" data-align=\"center\"><strong>23\/11\/2023<\/strong><\/td><\/tr><\/tbody><\/table><\/figure>\n\n\n\n<p>Hor\u00e1rio das aulas presencias e s\u00edncronas: <mark style=\"background-color:rgba(0, 0, 0, 0)\" class=\"has-inline-color has-vivid-red-color\"><strong>18h15 <\/strong><\/mark>\u00e0s <strong><mark style=\"background-color:rgba(0, 0, 0, 0)\" class=\"has-inline-color has-vivid-red-color\">21h15<\/mark><\/strong><\/p>\n\n\n\n<p>Local das aulas presenciais: <strong><mark style=\"background-color:rgba(0, 0, 0, 0)\" class=\"has-inline-color has-vivid-red-color\">sede da FEMAR<\/mark><\/strong> \u2013 Rua Marqu\u00eas de Olinda, 18 \u2013 Botafogo\/RJ<\/p>\n\n\n\n<p>Local das aulas s\u00edncronas: plataforma <strong><mark style=\"background-color:rgba(0, 0, 0, 0)\" class=\"has-inline-color has-vivid-red-color\">MS TEAMS<\/mark><\/strong><\/p>\n\n\n\n<p><strong>CONTE\u00daDOS ABORDADOS<\/strong><\/p>\n\n\n\n<ul class=\"wp-block-list\">\n<li>Fundamentos de Mar\u00e9<\/li>\n\n\n\n<li>Medi\u00e7\u00f5es de Mar\u00e9s<\/li>\n\n\n\n<li>Fluxos e Correntes de Mar\u00e9s<\/li>\n\n\n\n<li>Utiliza\u00e7\u00e3o da T\u00e1bua de Mar\u00e9s<\/li>\n\n\n\n<li>Informa\u00e7\u00f5es de Mar\u00e9 \u2013 Publica\u00e7\u00e3o OHI S-4<\/li>\n\n\n\n<li>Cartas Cotidais<\/li>\n\n\n\n<li>Utiliza\u00e7\u00e3o de Modelos de Maregr\u00e1ficos Num\u00e9ricos<\/li>\n\n\n\n<li>Redu\u00e7\u00e3o de Sondagens<\/li>\n<\/ul>\n\n\n\n<p><strong>CERTIFICADO<\/strong><\/p>\n\n\n\n<p>Ser\u00e1 concedido o Certificado de Conclus\u00e3o \u00e0queles que cumprirem as diretrizes do curso.<\/p>\n\n\n\n<p><strong>INVESTIMENTO<\/strong><\/p>\n\n\n\n<p>O valor do investimento \u00e9 de <strong>R$ 935,00<\/strong>, podendo ser pago por meio de:<\/p>\n\n\n\n<ul class=\"wp-block-list\">\n<li><strong>PIX<\/strong>;<\/li>\n<\/ul>\n\n\n\n<ul class=\"wp-block-list\">\n<li><strong>TED ou DOC<\/strong><\/li>\n<\/ul>\n\n\n\n<ul class=\"wp-block-list\">\n<li><strong>Cart\u00e3o de Cr\u00e9dito<\/strong><\/li>\n<\/ul>\n\n\n\n<p>O pagamento somente ser\u00e1 realizado ap\u00f3s confirma\u00e7\u00e3o de inscri\u00e7\u00e3o, que ser\u00e1 recebida por e-mail.<\/p>\n\n\n\n<p><strong>INSCRI\u00c7\u00c3O<\/strong><\/p>\n\n\n\n<p>Per\u00edodo de inscri\u00e7\u00e3o: <strong><mark style=\"background-color:rgba(0, 0, 0, 0)\" class=\"has-inline-color has-vivid-red-color\">06 de Setembro at\u00e9 23 de Outubro de 2023.<\/mark><\/strong><\/p>\n\n\n\n<p>Para maiores informa\u00e7\u00f5es:<\/p>\n\n\n\n<p>\u260e<strong> 21 3237-9508 \/ 3237-9518<\/strong><\/p>\n\n\n\n<p>\ud83d\udcbb <a href=\"mailto:se**************@***************rg.br\" data-original-string=\"s7oLycd0EHUWWT1\/nJFMhA==9dcfuV+ONdKW9RSn2gCGq58Qw2jYRMRvDaTlEjI8lUXZJY084vE\/FVHhvkKarQhhWya\" title=\"This contact has been encoded by Anti-Spam by CleanTalk. Click to decode. To finish the decoding make sure that JavaScript is enabled in your browser.\" target=\"_blank\" rel=\"noreferrer noopener\"><strong>s<\/strong><\/a><a href=\"mailto:se**************@***************rg.br\" data-original-string=\"OHXw6lVNOxoGws7PE4BgBA==9dcdNCmcopld4Mkzn+pJsZHC73RTI+pxnnd3yR604\/tCQpovBmfVxfFeQ4XSQtwcaVq\" title=\"This contact has been encoded by Anti-Spam by CleanTalk. Click to decode. To finish the decoding make sure that JavaScript is enabled in your browser.\"><strong><span \n                data-original-string='zOSN8CJgkUmmfgKXyJG+pg==9dc9Vf4OSZxU1p04N8PBWMob+w1gCG8qm+bMh\/GOBi3GCfnuT1iKFus0y0dMOhwtK7k'\n                class='apbct-email-encoder'\n                title='This contact has been encoded by Anti-Spam by CleanTalk. Click to decode. To finish the decoding make sure that JavaScript is enabled in your browser.'>ec<span class=\"apbct-blur\">*************<\/span>@<span class=\"apbct-blur\">***************<\/span>rg.br<\/span><\/strong><\/a><\/p>\n\n\n\n<p><\/p>\n\n\n\n<h1 class=\"wp-block-heading has-text-align-center\"><em><strong>Aprenda a prever as mar\u00e9s!<\/strong><\/em><\/h1>\n\n\n\n<h1 class=\"wp-block-heading has-text-align-center\"><strong><mark style=\"background-color:rgba(0, 0, 0, 0)\" class=\"has-inline-color has-vivid-cyan-blue-color\"><strong>Funda\u00e7\u00e3o de Estudos do Mar<\/strong><\/mark><\/strong><\/h1>\n\n\n\n<figure class=\"wp-block-pullquote\"><blockquote><p><strong><em><mark style=\"background-color:rgba(0, 0, 0, 0)\" class=\"has-inline-color has-black-color\">N\u00e3o deixe de acompanhar nossas novidades nos links abaixo:<\/mark><\/em><\/strong><\/p><cite><em><a href=\"https:\/\/pt-br.facebook.com\/femar.fundacao\" target=\"_blank\" rel=\"noreferrer noopener\">https:\/\/pt-br.facebook.com\/femar.fundacao<\/a><\/em><br><em><a href=\"https:\/\/br.linkedin.com\/company\/fundacaofemar\" target=\"_blank\" rel=\"noreferrer noopener\">https:\/\/br.linkedin.com\/company\/fundacaofemar<\/a><\/em><br><a href=\"https:\/\/www.instagram.com\/fundacaofemar\/\" target=\"_blank\" rel=\"noreferrer noopener\">HTTPS:\/\/WWW.INSTAGRAM.COM\/FUNDACAOFEMAR\/<\/a><br><em><a href=\"https:\/\/www.youtube.com\/channel\/UC7_4ePpkhIVxbL5gZFTbRcg\" target=\"_blank\" rel=\"noreferrer noopener\">https:\/\/www.youtube.com\/channel\/UC7_4ePpkhIVxbL5gZFTbRcg<\/a><\/em><\/cite><\/blockquote><\/figure>\n\n\n\n<p><\/p>\n<\/div>","protected":false},"excerpt":{"rendered":"<p>O Curso Mar\u00e9 Aplicada \u00e0 Hidrografia (MAHID) visa proporcionar ao aluno conhecimentos para efetuar a an\u00e1lise das previs\u00f5es de mar\u00e9s para aux\u00edlio \u00e0 hidrografia e \u00e0 navega\u00e7\u00e3o.<\/p>\n","protected":false},"author":9,"featured_media":15339,"comment_status":"closed","ping_status":"closed","sticky":false,"template":"","format":"standard","meta":{"footnotes":""},"categories":[29,18,2],"tags":[],"class_list":["post-15338","post","type-post","status-publish","format-standard","has-post-thumbnail","hentry","category-ensino","category-eventos","category-news"],"rise-blocks_total_comments":0,"rise-blocks_categories":[{"term_id":29,"name":"Ensino","slug":"ensino","term_group":0,"term_taxonomy_id":29,"taxonomy":"category","description":"","parent":2,"count":143,"filter":"raw","cat_ID":29,"category_count":143,"category_description":"","cat_name":"Ensino","category_nicename":"ensino","category_parent":2},{"term_id":18,"name":"Eventos","slug":"eventos","term_group":0,"term_taxonomy_id":18,"taxonomy":"category","description":"","parent":2,"count":239,"filter":"raw","cat_ID":18,"category_count":239,"category_description":"","cat_name":"Eventos","category_nicename":"eventos","category_parent":2},{"term_id":2,"name":"News","slug":"news","term_group":0,"term_taxonomy_id":2,"taxonomy":"category","description":"","parent":0,"count":365,"filter":"raw","cat_ID":2,"category_count":365,"category_description":"","cat_name":"News","category_nicename":"news","category_parent":0}],"rise-blocks_excerpt":"O Curso Mar\u00e9 Aplicada \u00e0 Hidrografia (MAHID) visa proporcionar ao aluno conhecimentos para efetuar a an\u00e1lise das previs\u00f5es de mar\u00e9s para aux\u00edlio \u00e0 hidrografia e \u00e0 navega\u00e7\u00e3o.","_links":{"self":[{"href":"https:\/\/fundacaofemar.org.br\/portalwordpress\/wp-json\/wp\/v2\/posts\/15338","targetHints":{"allow":["GET"]}}],"collection":[{"href":"https:\/\/fundacaofemar.org.br\/portalwordpress\/wp-json\/wp\/v2\/posts"}],"about":[{"href":"https:\/\/fundacaofemar.org.br\/portalwordpress\/wp-json\/wp\/v2\/types\/post"}],"author":[{"embeddable":true,"href":"https:\/\/fundacaofemar.org.br\/portalwordpress\/wp-json\/wp\/v2\/users\/9"}],"replies":[{"embeddable":true,"href":"https:\/\/fundacaofemar.org.br\/portalwordpress\/wp-json\/wp\/v2\/comments?post=15338"}],"version-history":[{"count":0,"href":"https:\/\/fundacaofemar.org.br\/portalwordpress\/wp-json\/wp\/v2\/posts\/15338\/revisions"}],"wp:featuredmedia":[{"embeddable":true,"href":"https:\/\/fundacaofemar.org.br\/portalwordpress\/wp-json\/wp\/v2\/media\/15339"}],"wp:attachment":[{"href":"https:\/\/fundacaofemar.org.br\/portalwordpress\/wp-json\/wp\/v2\/media?parent=15338"}],"wp:term":[{"taxonomy":"category","embeddable":true,"href":"https:\/\/fundacaofemar.org.br\/portalwordpress\/wp-json\/wp\/v2\/categories?post=15338"},{"taxonomy":"post_tag","embeddable":true,"href":"https:\/\/fundacaofemar.org.br\/portalwordpress\/wp-json\/wp\/v2\/tags?post=15338"}],"curies":[{"name":"wp","href":"https:\/\/api.w.org\/{rel}","templated":true}]}}