{"id":15974,"date":"2023-11-16T12:11:10","date_gmt":"2023-11-16T15:11:10","guid":{"rendered":"https:\/\/fundacaofemar.org.br\/portalwordpress\/?p=15974"},"modified":"2025-11-26T11:40:42","modified_gmt":"2025-11-26T14:40:42","slug":"amazonia-azul-e-sua-importancia","status":"publish","type":"post","link":"https:\/\/fundacaofemar.org.br\/portalwordpress\/2023\/11\/16\/amazonia-azul-e-sua-importancia\/","title":{"rendered":"\u00a016\/11 &#8211; DIA NACIONAL DA AMAZ\u00d4NIA AZUL E SUA IMPORT\u00c2NCIA"},"content":{"rendered":"<div class=\"post-content\">\n<p><strong>Publicado em 16 de Novembro de 2023<\/strong><\/p>\n\n\n<div class=\"wp-block-image post-image is-style-default\">\n<figure class=\"aligncenter size-large is-resized\"><img fetchpriority=\"high\" decoding=\"async\" width=\"1024\" height=\"1024\" src=\"https:\/\/fundacaofemar.org.br\/portalwordpress\/wp-content\/uploads\/2023\/11\/wip-ip-1024x1024.png\" alt=\"\" class=\"wp-image-15975\" style=\"width:597px;height:auto\" srcset=\"https:\/\/fundacaofemar.org.br\/portalwordpress\/wp-content\/uploads\/2023\/11\/wip-ip-1024x1024.png 1024w, https:\/\/fundacaofemar.org.br\/portalwordpress\/wp-content\/uploads\/2023\/11\/wip-ip-300x300.png 300w, https:\/\/fundacaofemar.org.br\/portalwordpress\/wp-content\/uploads\/2023\/11\/wip-ip-150x150.png 150w, https:\/\/fundacaofemar.org.br\/portalwordpress\/wp-content\/uploads\/2023\/11\/wip-ip-768x768.png 768w, https:\/\/fundacaofemar.org.br\/portalwordpress\/wp-content\/uploads\/2023\/11\/wip-ip.png 1080w\" sizes=\"(max-width: 1024px) 100vw, 1024px\" \/><\/figure><\/div>\n\n\n<p>A Amaz\u00f4nia Azul \u00e9 um territ\u00f3rio mar\u00edtimo brasileiro de extrema relev\u00e2ncia que preserva uma riqueza de recursos de imenso valor, desempenhando pap\u00e9is econ\u00f4micos, sociais, estrat\u00e9gicos e ambientais vitais para o Pa\u00eds.<\/p>\n\n\n\n<p><strong>Biodiversidade Marinha: <\/strong>abriga recifes de coral, tartarugas marinhas, golfinhos e diversas esp\u00e9cies de peixes, formando uma biodiversidade marinha excepcional. A preserva\u00e7\u00e3o desses ecossistemas \u00e9 importante para manter o equil\u00edbrio ecol\u00f3gico dos oceanos.<\/p>\n\n\n\n<p><strong>Pesquisa Cient\u00edfica:<\/strong> oferece vastas oportunidades para pesquisas cient\u00edficas e estudos ambientais, fundamentais para compreender e preservar os ecossistemas marinhos e a biodiversidade \u00fanica.<\/p>\n\n\n\n<p><strong>Recursos Pesqueiros:<\/strong> \u00e9 um para\u00edso da biodiversidade marinha, abrigando uma mir\u00edade de esp\u00e9cies que sustentam pr\u00f3speras ind\u00fastrias de pesca e aquicultura. Esses recursos s\u00e3o essenciais para a seguran\u00e7a alimentar do Pa\u00eds e impulsionam a economia.<\/p>\n\n\n\n<p><strong>Reservas de Petr\u00f3leo e G\u00e1s:<\/strong> a Amaz\u00f4nia Azul inclui \u00e1reas de explora\u00e7\u00e3o de petr\u00f3leo e g\u00e1s, sendo um pilar fundamental para a produ\u00e7\u00e3o energ\u00e9tica do Brasil. A explora\u00e7\u00e3o de petr\u00f3leo em \u00e1guas profundas \u00e9 uma parte significativa da economia nacional.<\/p>\n\n\n\n<h1 class=\"wp-block-heading has-text-align-center\"><strong><mark style=\"background-color:rgba(0, 0, 0, 0)\" class=\"has-inline-color has-vivid-cyan-blue-color\"><strong>Funda\u00e7\u00e3o de Estudos do Mar<\/strong><\/mark><\/strong><\/h1>\n\n\n\n<h1 class=\"wp-block-heading has-text-align-center\"><strong><mark style=\"background-color:rgba(0, 0, 0, 0)\" class=\"has-inline-color has-vivid-cyan-blue-color\"><strong>Funda\u00e7\u00e3o Pioneira da Maritimidade no Brasil<\/strong><\/mark><\/strong><\/h1>\n\n\n\n<figure class=\"wp-block-pullquote\"><blockquote><p><strong><em><mark style=\"background-color:rgba(0, 0, 0, 0)\" class=\"has-inline-color has-black-color\">N\u00e3o deixe de acompanhar nossas novidades nos links abaixo:<\/mark><\/em><\/strong><br><a href=\"https:\/\/linktr.ee\/fundacaofemar\"><strong><mark style=\"background-color:rgba(0, 0, 0, 0)\" class=\"has-inline-color has-vivid-cyan-blue-color\">https:\/\/linktr.ee\/fundacaofemar<\/mark><\/strong><\/a><\/p><\/blockquote><\/figure>\n\n\n\n<p><\/p>\n<\/div>","protected":false},"excerpt":{"rendered":"<p>A Amaz\u00f4nia Azul \u00e9 um territ\u00f3rio mar\u00edtimo brasileiro de extrema relev\u00e2ncia que preserva uma riqueza de recursos de imenso valor, desempenhando pap\u00e9is econ\u00f4micos, sociais, estrat\u00e9gicos e ambientais vitais para o Pa\u00eds.<\/p>\n","protected":false},"author":9,"featured_media":0,"comment_status":"closed","ping_status":"closed","sticky":false,"template":"","format":"standard","meta":{"footnotes":""},"categories":[18,17,2],"tags":[],"class_list":["post-15974","post","type-post","status-publish","format-standard","hentry","category-eventos","category-meio-ambiente","category-news"],"rise-blocks_total_comments":0,"rise-blocks_categories":[{"term_id":18,"name":"Eventos","slug":"eventos","term_group":0,"term_taxonomy_id":18,"taxonomy":"category","description":"","parent":2,"count":239,"filter":"raw","cat_ID":18,"category_count":239,"category_description":"","cat_name":"Eventos","category_nicename":"eventos","category_parent":2},{"term_id":17,"name":"Meio Ambiente","slug":"meio-ambiente","term_group":0,"term_taxonomy_id":17,"taxonomy":"category","description":"","parent":2,"count":35,"filter":"raw","cat_ID":17,"category_count":35,"category_description":"","cat_name":"Meio Ambiente","category_nicename":"meio-ambiente","category_parent":2},{"term_id":2,"name":"News","slug":"news","term_group":0,"term_taxonomy_id":2,"taxonomy":"category","description":"","parent":0,"count":365,"filter":"raw","cat_ID":2,"category_count":365,"category_description":"","cat_name":"News","category_nicename":"news","category_parent":0}],"rise-blocks_excerpt":"A Amaz\u00f4nia Azul \u00e9 um territ\u00f3rio mar\u00edtimo brasileiro de extrema relev\u00e2ncia que preserva uma riqueza de recursos de imenso valor, desempenhando pap\u00e9is econ\u00f4micos, sociais, estrat\u00e9gicos e ambientais vitais para o Pa\u00eds.","_links":{"self":[{"href":"https:\/\/fundacaofemar.org.br\/portalwordpress\/wp-json\/wp\/v2\/posts\/15974","targetHints":{"allow":["GET"]}}],"collection":[{"href":"https:\/\/fundacaofemar.org.br\/portalwordpress\/wp-json\/wp\/v2\/posts"}],"about":[{"href":"https:\/\/fundacaofemar.org.br\/portalwordpress\/wp-json\/wp\/v2\/types\/post"}],"author":[{"embeddable":true,"href":"https:\/\/fundacaofemar.org.br\/portalwordpress\/wp-json\/wp\/v2\/users\/9"}],"replies":[{"embeddable":true,"href":"https:\/\/fundacaofemar.org.br\/portalwordpress\/wp-json\/wp\/v2\/comments?post=15974"}],"version-history":[{"count":0,"href":"https:\/\/fundacaofemar.org.br\/portalwordpress\/wp-json\/wp\/v2\/posts\/15974\/revisions"}],"wp:attachment":[{"href":"https:\/\/fundacaofemar.org.br\/portalwordpress\/wp-json\/wp\/v2\/media?parent=15974"}],"wp:term":[{"taxonomy":"category","embeddable":true,"href":"https:\/\/fundacaofemar.org.br\/portalwordpress\/wp-json\/wp\/v2\/categories?post=15974"},{"taxonomy":"post_tag","embeddable":true,"href":"https:\/\/fundacaofemar.org.br\/portalwordpress\/wp-json\/wp\/v2\/tags?post=15974"}],"curies":[{"name":"wp","href":"https:\/\/api.w.org\/{rel}","templated":true}]}}