{"id":62727,"date":"2024-07-08T08:59:32","date_gmt":"2024-07-08T11:59:32","guid":{"rendered":"https:\/\/fundacaofemar.org.br\/portalwordpress\/?p=62727"},"modified":"2025-11-26T09:13:01","modified_gmt":"2025-11-26T12:13:01","slug":"femar-divulga-carreiras-maritimas-em-mais-um-mar-de-escolhas-2","status":"publish","type":"post","link":"https:\/\/fundacaofemar.org.br\/portalwordpress\/2024\/07\/08\/femar-divulga-carreiras-maritimas-em-mais-um-mar-de-escolhas-2\/","title":{"rendered":"FEMAR DIVULGA CARREIRAS MAR\u00cdTIMAS EM MAIS UM \u201cMAR DE ESCOLHAS\u201d"},"content":{"rendered":"<div class=\"post-content\">\n<p><strong>Publicado em 08 de Julho de 2024<\/strong><\/p>\n\n\n\n<p>Com o intuito de incentivar o interesse e o potencial de jovens talentos na \u00e1rea mar\u00edtima, a Funda\u00e7\u00e3o de Estudos do Mar (FEMAR) organizou, em mais uma escola, a atividade de conscientiza\u00e7\u00e3o &#8220;Mar de Escolhas&#8221;.<\/p>\n\n\n\n<p>No dia 4 de julho, o Projeto aconteceu na Escola Municipal Gin\u00e1sio Medalhista Ol\u00edmpica B\u00e1rbara Seixas de Freitas, localizada em Guaratiba, Zona Oeste do Rio de Janeiro, e contou com a participa\u00e7\u00e3o da Capit\u00e3o de Longo Curso (CLC), Hildelene Lobato Bahia, primeira mulher a\u00a0Comandar um Navio da Marinha Mercante Brasileira; da SG Juliana e da SG Mayra, do Servi\u00e7o de Sele\u00e7\u00e3o do Pessoal da Marinha do Brasil (MB).<\/p>\n\n\n\n<p>Mais de 70 alunos do 9\u00ba ano do Ensino Fundamental II puderam participar de atividades e assistir palestras ressaltando a import\u00e2ncia das profiss\u00f5es ligadas ao mar, tanto para a Sociedade quanto para a economia do nosso Pa\u00eds.<\/p>\n\n\n<div class=\"wp-block-image post-image is-style-default\">\n<figure class=\"aligncenter size-full is-resized\"><img fetchpriority=\"high\" decoding=\"async\" width=\"2560\" height=\"1920\" src=\"https:\/\/fundacaofemar.org.br\/portalwordpress\/wp-content\/uploads\/2024\/07\/01-1-1-scaled.jpg\" alt=\"\" class=\"wp-image-62728\" style=\"width:538px;height:auto\" srcset=\"https:\/\/fundacaofemar.org.br\/portalwordpress\/wp-content\/uploads\/2024\/07\/01-1-1-scaled.jpg 2560w, https:\/\/fundacaofemar.org.br\/portalwordpress\/wp-content\/uploads\/2024\/07\/01-1-1-300x225.jpg 300w, https:\/\/fundacaofemar.org.br\/portalwordpress\/wp-content\/uploads\/2024\/07\/01-1-1-1024x768.jpg 1024w, https:\/\/fundacaofemar.org.br\/portalwordpress\/wp-content\/uploads\/2024\/07\/01-1-1-768x576.jpg 768w, https:\/\/fundacaofemar.org.br\/portalwordpress\/wp-content\/uploads\/2024\/07\/01-1-1-1536x1152.jpg 1536w, https:\/\/fundacaofemar.org.br\/portalwordpress\/wp-content\/uploads\/2024\/07\/01-1-1-2048x1536.jpg 2048w\" sizes=\"(max-width: 2560px) 100vw, 2560px\" \/><\/figure><\/div>\n\n\n<p>\u201cA educa\u00e7\u00e3o transforma vidas. Eu n\u00e3o tive a oportunidade que voc\u00eas est\u00e3o tendo. Aproveitem! E eu espero ver um dia voc\u00eas, que seja na Marinha Mercante, Marinha do Brasil ou qualquer outra \u00e1rea, que sejam bem sucedidos!\u201d, finalizou a Comte. Hildelene Bahia.<\/p>\n\n\n<div class=\"wp-block-image post-image is-style-default\">\n<figure class=\"aligncenter size-full is-resized\"><img decoding=\"async\" width=\"954\" height=\"760\" src=\"https:\/\/fundacaofemar.org.br\/portalwordpress\/wp-content\/uploads\/2024\/07\/02.jpg\" alt=\"\" class=\"wp-image-62729\" style=\"width:520px;height:auto\" srcset=\"https:\/\/fundacaofemar.org.br\/portalwordpress\/wp-content\/uploads\/2024\/07\/02.jpg 954w, https:\/\/fundacaofemar.org.br\/portalwordpress\/wp-content\/uploads\/2024\/07\/02-300x239.jpg 300w, https:\/\/fundacaofemar.org.br\/portalwordpress\/wp-content\/uploads\/2024\/07\/02-768x612.jpg 768w\" sizes=\"(max-width: 954px) 100vw, 954px\" \/><\/figure><\/div>\n\n\n<h2 class=\"wp-block-heading has-text-align-center\"><strong><mark style=\"background-color:rgba(0, 0, 0, 0)\" class=\"has-inline-color has-vivid-cyan-blue-color\"><strong>Funda\u00e7\u00e3o Pioneira da Maritimidade no Brasil<\/strong><\/mark><\/strong><\/h2>\n\n\n\n<h2 class=\"wp-block-heading has-text-align-center\"><strong><mark style=\"background-color:rgba(0, 0, 0, 0)\" class=\"has-inline-color has-vivid-cyan-blue-color\"><strong>Funda\u00e7\u00e3o de Estudos do Mar<\/strong><\/mark><\/strong><\/h2>\n\n\n\n<p><\/p>\n\n\n\n<figure class=\"wp-block-pullquote\"><blockquote><p><strong><em><mark style=\"background-color:rgba(0, 0, 0, 0)\" class=\"has-inline-color has-black-color\">N\u00e3o perca! Acompanhe mais atividades em nossas redes sociais:<\/mark><\/em><\/strong><br><a href=\"https:\/\/linktr.ee\/fundacaofemar\"><strong><mark style=\"background-color:rgba(0, 0, 0, 0)\" class=\"has-inline-color has-vivid-cyan-blue-color\">https:\/\/linktr.ee\/fundacaofemar<\/mark><\/strong><\/a><\/p><\/blockquote><\/figure>\n\n\n\n<p><\/p>\n<\/div>","protected":false},"excerpt":{"rendered":"<p>FEMAR DIVULGA CARREIRAS MAR\u00cdTIMAS EM MAIS UM \u201cMAR DE ESCOLHAS\u201d<\/p>\n<p>Com o intuito de incentivar o interesse e o potencial de jovens talentos na \u00e1rea mar\u00edtima, a Funda\u00e7\u00e3o de Estudos do Mar (FEMAR) organizou, em mais uma escola, a atividade de conscientiza\u00e7\u00e3o &#8220;Mar de Escolhas&#8221;.<\/p>\n","protected":false},"author":9,"featured_media":0,"comment_status":"closed","ping_status":"closed","sticky":false,"template":"","format":"standard","meta":{"footnotes":""},"categories":[29,18,2],"tags":[],"class_list":["post-62727","post","type-post","status-publish","format-standard","hentry","category-ensino","category-eventos","category-news"],"rise-blocks_total_comments":0,"rise-blocks_categories":[{"term_id":29,"name":"Ensino","slug":"ensino","term_group":0,"term_taxonomy_id":29,"taxonomy":"category","description":"","parent":2,"count":142,"filter":"raw","cat_ID":29,"category_count":142,"category_description":"","cat_name":"Ensino","category_nicename":"ensino","category_parent":2},{"term_id":18,"name":"Eventos","slug":"eventos","term_group":0,"term_taxonomy_id":18,"taxonomy":"category","description":"","parent":2,"count":239,"filter":"raw","cat_ID":18,"category_count":239,"category_description":"","cat_name":"Eventos","category_nicename":"eventos","category_parent":2},{"term_id":2,"name":"News","slug":"news","term_group":0,"term_taxonomy_id":2,"taxonomy":"category","description":"","parent":0,"count":363,"filter":"raw","cat_ID":2,"category_count":363,"category_description":"","cat_name":"News","category_nicename":"news","category_parent":0}],"rise-blocks_excerpt":"FEMAR DIVULGA CARREIRAS MAR\u00cdTIMAS EM MAIS UM \u201cMAR DE ESCOLHAS\u201d\n\nCom o intuito de incentivar o interesse e o potencial de jovens talentos na \u00e1rea mar\u00edtima, a Funda\u00e7\u00e3o de Estudos do Mar (FEMAR) organizou, em mais uma escola, a atividade de conscientiza\u00e7\u00e3o \"Mar de Escolhas\".","_links":{"self":[{"href":"https:\/\/fundacaofemar.org.br\/portalwordpress\/wp-json\/wp\/v2\/posts\/62727","targetHints":{"allow":["GET"]}}],"collection":[{"href":"https:\/\/fundacaofemar.org.br\/portalwordpress\/wp-json\/wp\/v2\/posts"}],"about":[{"href":"https:\/\/fundacaofemar.org.br\/portalwordpress\/wp-json\/wp\/v2\/types\/post"}],"author":[{"embeddable":true,"href":"https:\/\/fundacaofemar.org.br\/portalwordpress\/wp-json\/wp\/v2\/users\/9"}],"replies":[{"embeddable":true,"href":"https:\/\/fundacaofemar.org.br\/portalwordpress\/wp-json\/wp\/v2\/comments?post=62727"}],"version-history":[{"count":0,"href":"https:\/\/fundacaofemar.org.br\/portalwordpress\/wp-json\/wp\/v2\/posts\/62727\/revisions"}],"wp:attachment":[{"href":"https:\/\/fundacaofemar.org.br\/portalwordpress\/wp-json\/wp\/v2\/media?parent=62727"}],"wp:term":[{"taxonomy":"category","embeddable":true,"href":"https:\/\/fundacaofemar.org.br\/portalwordpress\/wp-json\/wp\/v2\/categories?post=62727"},{"taxonomy":"post_tag","embeddable":true,"href":"https:\/\/fundacaofemar.org.br\/portalwordpress\/wp-json\/wp\/v2\/tags?post=62727"}],"curies":[{"name":"wp","href":"https:\/\/api.w.org\/{rel}","templated":true}]}}