{"id":62738,"date":"2024-07-10T11:34:02","date_gmt":"2024-07-10T14:34:02","guid":{"rendered":"https:\/\/fundacaofemar.org.br\/portalwordpress\/?p=62738"},"modified":"2024-07-10T11:34:05","modified_gmt":"2024-07-10T14:34:05","slug":"no-mes-dos-manguezais-femar-leva-alunos-para-conhecerem-esse-ecossistema","status":"publish","type":"post","link":"https:\/\/fundacaofemar.org.br\/portalwordpress\/2024\/07\/10\/no-mes-dos-manguezais-femar-leva-alunos-para-conhecerem-esse-ecossistema\/","title":{"rendered":"NO M\u00caS DOS MANGUEZAIS, FEMAR LEVA ALUNOS PARA CONHECEREM ESSE ECOSSISTEMA!"},"content":{"rendered":"<div class=\"post-content\">\n<p class=\"has-text-align-left\">No m\u00eas que \u00e9 celebrado o Dia Internacional para a Conserva\u00e7\u00e3o do Ecossistema de Manguezais, a Funda\u00e7\u00e3o de Estudos do Mar (FEMAR) desenvolveu v\u00e1rias atividades culturais atrav\u00e9s do projeto \u201cMangue Legal\u201d. O objetivo \u00e9 disseminar o conhecimento sobre a import\u00e2ncia dos manguezais para a sustentabilidade do Planeta e conscientizar as crian\u00e7as para a preserva\u00e7\u00e3o desses ecossistemas \u00fanicos, ricos em biodiversidade e que caracterizam a transi\u00e7\u00e3o entre o ambiente terrestre e marinho em regi\u00f5es tropicais e subtropicais.<\/p>\n\n\n\n<p class=\"has-text-align-left\">No dia 9 de julho, cerca de 30 alunos de 06 a 09 anos de idade, matriculados do 1\u00ba ao 4\u00ba ano do Ensino Fundamental I da Escola Municipal Almirante Newton Braga de Faria, situada em Iraj\u00e1, na cidade do Rio de Janeiro, participaram da atividade de conscientiza\u00e7\u00e3o \u201cMangue Legal\u201d. O projeto realizou um passeio pedag\u00f3gico pela Reserva Cai\u00e7ara, pelo Canal de Marapendi e pelo \u201cPantanal Carioca\u201d, al\u00e9m de uma visita ao Parque Natural Municipal de Marapendi.<\/p>\n\n\n<div class=\"wp-block-image post-image is-style-default\">\n<figure class=\"aligncenter size-full is-resized\"><img fetchpriority=\"high\" decoding=\"async\" width=\"1280\" height=\"576\" src=\"https:\/\/fundacaofemar.org.br\/portalwordpress\/wp-content\/uploads\/2024\/07\/01-1.jpg\" alt=\"\" class=\"wp-image-62739\" style=\"width:538px;height:auto\" srcset=\"https:\/\/fundacaofemar.org.br\/portalwordpress\/wp-content\/uploads\/2024\/07\/01-1.jpg 1280w, https:\/\/fundacaofemar.org.br\/portalwordpress\/wp-content\/uploads\/2024\/07\/01-1-300x135.jpg 300w, https:\/\/fundacaofemar.org.br\/portalwordpress\/wp-content\/uploads\/2024\/07\/01-1-1024x461.jpg 1024w, https:\/\/fundacaofemar.org.br\/portalwordpress\/wp-content\/uploads\/2024\/07\/01-1-768x346.jpg 768w\" sizes=\"(max-width: 1280px) 100vw, 1280px\" \/><\/figure><\/div>\n\n\n<p>Os estudantes foram at\u00e9 o espa\u00e7o Reserva Cai\u00e7ara, de onde embarcaram numa balsa para o passeio ecol\u00f3gico. Localizado em uma das \u00e1reas mais agitadas do Rio de Janeiro, o Canal de <em>Marapendi<\/em>, tamb\u00e9m conhecido como <em>&#8220;Pantanal Carioca&#8221;,<\/em> arrancou gargalhadas e questionamentos das crian\u00e7as, interessadas nas novidades apresentadas sobre a fauna, a flora e as belezas dos manguezais cariocas.<\/p>\n\n\n<div class=\"wp-block-image post-image is-style-default\">\n<figure class=\"aligncenter size-full is-resized\"><img decoding=\"async\" width=\"2182\" height=\"2560\" src=\"https:\/\/fundacaofemar.org.br\/portalwordpress\/wp-content\/uploads\/2024\/07\/02-1-scaled.jpg\" alt=\"\" class=\"wp-image-62740\" style=\"width:520px;height:auto\" srcset=\"https:\/\/fundacaofemar.org.br\/portalwordpress\/wp-content\/uploads\/2024\/07\/02-1-scaled.jpg 2182w, https:\/\/fundacaofemar.org.br\/portalwordpress\/wp-content\/uploads\/2024\/07\/02-1-256x300.jpg 256w, https:\/\/fundacaofemar.org.br\/portalwordpress\/wp-content\/uploads\/2024\/07\/02-1-873x1024.jpg 873w, https:\/\/fundacaofemar.org.br\/portalwordpress\/wp-content\/uploads\/2024\/07\/02-1-768x901.jpg 768w, https:\/\/fundacaofemar.org.br\/portalwordpress\/wp-content\/uploads\/2024\/07\/02-1-1309x1536.jpg 1309w, https:\/\/fundacaofemar.org.br\/portalwordpress\/wp-content\/uploads\/2024\/07\/02-1-1746x2048.jpg 1746w\" sizes=\"(max-width: 2182px) 100vw, 2182px\" \/><\/figure><\/div>\n\n\n<p>Em seguida, visitaram o Parque Natural Municipal de Marapendi, que resguarda os ecossistemas nativos de restinga e manguezal, al\u00e9m de paisagens naturais. Foi criado com o objetivo de ser um espa\u00e7o de lazer e intera\u00e7\u00e3o ao ar livre, bem como um local de preserva\u00e7\u00e3o ambiental. Tamb\u00e9m abriga uma variedade de esp\u00e9cies de flora e fauna, caracter\u00edsticas do bioma costeiro.<\/p>\n\n\n\n<figure class=\"wp-block-image size-large\"><img decoding=\"async\" width=\"1024\" height=\"507\" src=\"https:\/\/fundacaofemar.org.br\/portalwordpress\/wp-content\/uploads\/2024\/07\/Prancheta-11-1024x507.png\" alt=\"\" class=\"wp-image-62748\" srcset=\"https:\/\/fundacaofemar.org.br\/portalwordpress\/wp-content\/uploads\/2024\/07\/Prancheta-11-1024x507.png 1024w, https:\/\/fundacaofemar.org.br\/portalwordpress\/wp-content\/uploads\/2024\/07\/Prancheta-11-300x149.png 300w, https:\/\/fundacaofemar.org.br\/portalwordpress\/wp-content\/uploads\/2024\/07\/Prancheta-11-768x380.png 768w, https:\/\/fundacaofemar.org.br\/portalwordpress\/wp-content\/uploads\/2024\/07\/Prancheta-11.png 1143w\" sizes=\"(max-width: 1024px) 100vw, 1024px\" \/><\/figure>\n\n\n\n<h2 class=\"wp-block-heading has-text-align-center\"><strong>MANGUEZAIS<\/strong><\/h2>\n\n\n\n<p>A Organiza\u00e7\u00e3o das Na\u00e7\u00f5es Unidas para a Educa\u00e7\u00e3o, a Ci\u00eancia e a Cultura (Unesco) ressalta que os manguezais s\u00e3o ecossistemas raros, espetaculares e f\u00e9rteis na fronteira entre terra e mar, que contribuem para o bem-estar, seguran\u00e7a alimentar e prote\u00e7\u00e3o das comunidades costeiras em todo o mundo, al\u00e9m de sustentar uma rica biodiversidade e fornecer um valioso habitat de ber\u00e7\u00e1rio para peixes e crust\u00e1ceos. Tamb\u00e9m atuam como uma forma natural de defesa costeira contra tempestades, tsunamis, eleva\u00e7\u00e3o do n\u00edvel do mar e eros\u00e3o. Seus solos s\u00e3o reservat\u00f3rios de carbono altamente eficazes, sequestrando grandes quantidades do g\u00e1s de efeito estufa.<\/p>\n\n\n\n<figure class=\"wp-block-image size-large\"><img loading=\"lazy\" decoding=\"async\" width=\"1024\" height=\"461\" src=\"https:\/\/fundacaofemar.org.br\/portalwordpress\/wp-content\/uploads\/2024\/07\/05-1024x461.jpg\" alt=\"\" class=\"wp-image-62746\" srcset=\"https:\/\/fundacaofemar.org.br\/portalwordpress\/wp-content\/uploads\/2024\/07\/05-1024x461.jpg 1024w, https:\/\/fundacaofemar.org.br\/portalwordpress\/wp-content\/uploads\/2024\/07\/05-300x135.jpg 300w, https:\/\/fundacaofemar.org.br\/portalwordpress\/wp-content\/uploads\/2024\/07\/05-768x346.jpg 768w, https:\/\/fundacaofemar.org.br\/portalwordpress\/wp-content\/uploads\/2024\/07\/05-1536x691.jpg 1536w, https:\/\/fundacaofemar.org.br\/portalwordpress\/wp-content\/uploads\/2024\/07\/05-2048x922.jpg 2048w\" sizes=\"(max-width: 1024px) 100vw, 1024px\" \/><\/figure>\n\n\n\n<p>No entanto, os manguezais est\u00e3o desaparecendo cada vez mais r\u00e1pido, com s\u00e9rios impactos ecol\u00f3gicos e socioecon\u00f4micos.\u00a0\u00c9 imprescind\u00edvel, para superar esses desafios, adotar esfor\u00e7os integrados que incluam a\u00e7\u00f5es n\u00e3o s\u00f3 governamentais, bem como a conscientiza\u00e7\u00e3o das gera\u00e7\u00f5es futuras para conserva\u00e7\u00e3o e prote\u00e7\u00e3o desses raros ecossistemas.<\/p>\n\n\n\n<figure class=\"wp-block-image size-large\"><img loading=\"lazy\" decoding=\"async\" width=\"1024\" height=\"523\" src=\"https:\/\/fundacaofemar.org.br\/portalwordpress\/wp-content\/uploads\/2024\/07\/06-1024x523.jpg\" alt=\"\" class=\"wp-image-62747\" srcset=\"https:\/\/fundacaofemar.org.br\/portalwordpress\/wp-content\/uploads\/2024\/07\/06-1024x523.jpg 1024w, https:\/\/fundacaofemar.org.br\/portalwordpress\/wp-content\/uploads\/2024\/07\/06-300x153.jpg 300w, https:\/\/fundacaofemar.org.br\/portalwordpress\/wp-content\/uploads\/2024\/07\/06-768x392.jpg 768w, https:\/\/fundacaofemar.org.br\/portalwordpress\/wp-content\/uploads\/2024\/07\/06-1536x785.jpg 1536w, https:\/\/fundacaofemar.org.br\/portalwordpress\/wp-content\/uploads\/2024\/07\/06-2048x1046.jpg 2048w\" sizes=\"(max-width: 1024px) 100vw, 1024px\" \/><\/figure>\n\n\n\n<p>Al\u00e9m da conserva\u00e7\u00e3o da biodiversidade tanto Pantanal Carioca quanto do Parque Natural Municipal de Marapendi, a FEMAR apoia a causa da qualidade de vida dos cariocas, oferecendo um ref\u00fagio verde em meio \u00e0 paisagem urbana do Rio de Janeiro!<\/p>\n\n\n\n<p>Fontes: <a href=\"https:\/\/news.un.org\/pt\/story\/2022\/07\/1796462\">https:\/\/news.un.org\/pt\/story\/2022\/07\/1796462<\/a><br><a href=\"https:\/\/soumaiscarioca.com.br\/events\/conheca-o-parque-ambiental-de-marapendi-recreio\">https:\/\/soumaiscarioca.com.br\/events\/conheca-o-parque-ambiental-de-marapendi-recreio<\/a><\/p>\n\n\n\n<h2 class=\"wp-block-heading has-text-align-center\"><strong><mark style=\"background-color:rgba(0, 0, 0, 0)\" class=\"has-inline-color has-vivid-cyan-blue-color\"><strong><strong><mark style=\"background-color:rgba(0, 0, 0, 0)\" class=\"has-inline-color has-vivid-cyan-blue-color\"><strong>Funda\u00e7\u00e3o Pioneira da Maritimidade no Brasil<\/strong><\/mark><\/strong><\/strong><\/mark><\/strong><\/h2>\n\n\n\n<figure class=\"wp-block-pullquote\"><blockquote><p><strong><em><mark style=\"background-color:rgba(0, 0, 0, 0)\" class=\"has-inline-color has-black-color\">N\u00e3o perca! Acompanhe mais atividades em nossas redes sociais:<\/mark><\/em><\/strong><br><a href=\"https:\/\/linktr.ee\/fundacaofemar\"><strong><mark style=\"background-color:rgba(0, 0, 0, 0)\" class=\"has-inline-color has-vivid-cyan-blue-color\">https:\/\/linktr.ee\/fundacaofemar<\/mark><\/strong><\/a><\/p><\/blockquote><\/figure>\n<\/div>","protected":false},"excerpt":{"rendered":"<p>No m\u00eas que \u00e9 celebrado o Dia Internacional para a Conserva\u00e7\u00e3o do Ecossistema de Manguezais, a Funda\u00e7\u00e3o de Estudos do Mar (FEMAR) desenvolveu v\u00e1rias atividades culturais atrav\u00e9s do projeto \u201cMangue Legal\u201d.<\/p>\n","protected":false},"author":9,"featured_media":62747,"comment_status":"closed","ping_status":"closed","sticky":false,"template":"","format":"standard","meta":{"footnotes":""},"categories":[29,18,2],"tags":[],"class_list":["post-62738","post","type-post","status-publish","format-standard","has-post-thumbnail","hentry","category-ensino","category-eventos","category-news"],"rise-blocks_total_comments":0,"rise-blocks_categories":[{"term_id":29,"name":"Ensino","slug":"ensino","term_group":0,"term_taxonomy_id":29,"taxonomy":"category","description":"","parent":2,"count":142,"filter":"raw","cat_ID":29,"category_count":142,"category_description":"","cat_name":"Ensino","category_nicename":"ensino","category_parent":2},{"term_id":18,"name":"Eventos","slug":"eventos","term_group":0,"term_taxonomy_id":18,"taxonomy":"category","description":"","parent":2,"count":239,"filter":"raw","cat_ID":18,"category_count":239,"category_description":"","cat_name":"Eventos","category_nicename":"eventos","category_parent":2},{"term_id":2,"name":"News","slug":"news","term_group":0,"term_taxonomy_id":2,"taxonomy":"category","description":"","parent":0,"count":363,"filter":"raw","cat_ID":2,"category_count":363,"category_description":"","cat_name":"News","category_nicename":"news","category_parent":0}],"rise-blocks_excerpt":"No m\u00eas que \u00e9 celebrado o Dia Internacional para a Conserva\u00e7\u00e3o do Ecossistema de Manguezais, a Funda\u00e7\u00e3o de Estudos do Mar (FEMAR) desenvolveu v\u00e1rias atividades culturais atrav\u00e9s do projeto \u201cMangue Legal\u201d.","_links":{"self":[{"href":"https:\/\/fundacaofemar.org.br\/portalwordpress\/wp-json\/wp\/v2\/posts\/62738","targetHints":{"allow":["GET"]}}],"collection":[{"href":"https:\/\/fundacaofemar.org.br\/portalwordpress\/wp-json\/wp\/v2\/posts"}],"about":[{"href":"https:\/\/fundacaofemar.org.br\/portalwordpress\/wp-json\/wp\/v2\/types\/post"}],"author":[{"embeddable":true,"href":"https:\/\/fundacaofemar.org.br\/portalwordpress\/wp-json\/wp\/v2\/users\/9"}],"replies":[{"embeddable":true,"href":"https:\/\/fundacaofemar.org.br\/portalwordpress\/wp-json\/wp\/v2\/comments?post=62738"}],"version-history":[{"count":0,"href":"https:\/\/fundacaofemar.org.br\/portalwordpress\/wp-json\/wp\/v2\/posts\/62738\/revisions"}],"wp:featuredmedia":[{"embeddable":true,"href":"https:\/\/fundacaofemar.org.br\/portalwordpress\/wp-json\/wp\/v2\/media\/62747"}],"wp:attachment":[{"href":"https:\/\/fundacaofemar.org.br\/portalwordpress\/wp-json\/wp\/v2\/media?parent=62738"}],"wp:term":[{"taxonomy":"category","embeddable":true,"href":"https:\/\/fundacaofemar.org.br\/portalwordpress\/wp-json\/wp\/v2\/categories?post=62738"},{"taxonomy":"post_tag","embeddable":true,"href":"https:\/\/fundacaofemar.org.br\/portalwordpress\/wp-json\/wp\/v2\/tags?post=62738"}],"curies":[{"name":"wp","href":"https:\/\/api.w.org\/{rel}","templated":true}]}}