{"id":63076,"date":"2024-08-02T15:44:51","date_gmt":"2024-08-02T18:44:51","guid":{"rendered":"https:\/\/fundacaofemar.org.br\/portalwordpress\/?p=63076"},"modified":"2025-11-26T09:11:31","modified_gmt":"2025-11-26T12:11:31","slug":"femar-e-fundacao-ezute-estudam-uma-possivel-parceria","status":"publish","type":"post","link":"https:\/\/fundacaofemar.org.br\/portalwordpress\/2024\/08\/02\/femar-e-fundacao-ezute-estudam-uma-possivel-parceria\/","title":{"rendered":"FEMAR E FUNDA\u00c7\u00c3O EZUTE ESTUDAM UMA POSS\u00cdVEL PARCERIA"},"content":{"rendered":"<div class=\"post-content\">\n<p><strong>Publicado em 30 de Julho de 2024<\/strong><\/p>\n\n\n\n<p>No dia 30 de julho, o Presidente da Funda\u00e7\u00e3o de Estudos do Mar (FEMAR), acompanhado do Superintendente T\u00e9cnico, recebeu a visita do Representante da Diretoria de Defesa e Espacial da Funda\u00e7\u00e3o Ezute, CMG (RM1) Marcos da Silva Roberto.<\/p>\n\n\n<div class=\"wp-block-image post-image is-style-rounded\">\n<figure class=\"aligncenter size-full is-resized\"><img fetchpriority=\"high\" decoding=\"async\" width=\"2560\" height=\"1975\" src=\"https:\/\/fundacaofemar.org.br\/portalwordpress\/wp-content\/uploads\/2024\/08\/01-1-1-scaled.jpg\" alt=\"\" class=\"wp-image-63077\" style=\"width:538px;height:auto\" srcset=\"https:\/\/fundacaofemar.org.br\/portalwordpress\/wp-content\/uploads\/2024\/08\/01-1-1-scaled.jpg 2560w, https:\/\/fundacaofemar.org.br\/portalwordpress\/wp-content\/uploads\/2024\/08\/01-1-1-300x232.jpg 300w, https:\/\/fundacaofemar.org.br\/portalwordpress\/wp-content\/uploads\/2024\/08\/01-1-1-1024x790.jpg 1024w, https:\/\/fundacaofemar.org.br\/portalwordpress\/wp-content\/uploads\/2024\/08\/01-1-1-768x593.jpg 768w, https:\/\/fundacaofemar.org.br\/portalwordpress\/wp-content\/uploads\/2024\/08\/01-1-1-1536x1185.jpg 1536w, https:\/\/fundacaofemar.org.br\/portalwordpress\/wp-content\/uploads\/2024\/08\/01-1-1-2048x1580.jpg 2048w\" sizes=\"(max-width: 2560px) 100vw, 2560px\" \/><figcaption class=\"wp-element-caption\"><mark style=\"background-color:rgba(0, 0, 0, 0)\" class=\"has-inline-color has-black-color\"><strong>Representante da Funda\u00e7\u00e3o Ezute entre o Superintendente T\u00e9cnico e o Presidente da FEMAR<\/strong><\/mark><\/figcaption><\/figure><\/div>\n\n\n<p>Na ocasi\u00e3o foram avaliadas possibilidades de sinergias em Projetos de Ci\u00eancia, Tecnologia e Inova\u00e7\u00e3o (C,T&amp;I) em face da reconhecida compet\u00eancia da Funda\u00e7\u00e3o Ezute em desenvolvimento e integra\u00e7\u00e3o de sistemas complexos e da atua\u00e7\u00e3o da FEMAR como Funda\u00e7\u00e3o de Apoio das Institui\u00e7\u00f5es Cient\u00edficas, Tecnol\u00f3gicas e de Inova\u00e7\u00e3o (ICT) da Marinha do Brasil.<\/p>\n\n\n\n<p>Ainda foi discutida a formaliza\u00e7\u00e3o de uma poss\u00edvel parceria por meio da\u00a0celebra\u00e7\u00e3o de um Protocolo de Inten\u00e7\u00f5es entre as Funda\u00e7\u00f5es.<\/p>\n\n\n\n<p>A Funda\u00e7\u00e3o Ezute \u00e9 uma organiza\u00e7\u00e3o privada sem fins lucrativos, 100% nacional, que tem a miss\u00e3o de\u00a0contribuir na transforma\u00e7\u00e3o das organiza\u00e7\u00f5es brasileiras, oferecendo solu\u00e7\u00f5es inovadoras em tecnologia e gest\u00e3o para institui\u00e7\u00f5es, especialmente as p\u00fablicas.<\/p>\n\n\n\n<h2 class=\"wp-block-heading has-text-align-center\"><strong><mark style=\"background-color:rgba(0, 0, 0, 0)\" class=\"has-inline-color has-vivid-cyan-blue-color\"><strong>Funda\u00e7\u00e3o Pioneira da Maritimidade no Brasil<\/strong><\/mark><\/strong><\/h2>\n\n\n\n<h2 class=\"wp-block-heading has-text-align-center\"><strong><mark style=\"background-color:rgba(0, 0, 0, 0)\" class=\"has-inline-color has-vivid-cyan-blue-color\"><strong>Funda\u00e7\u00e3o de Estudos do Mar<\/strong><\/mark><\/strong><\/h2>\n\n\n\n<p><\/p>\n\n\n\n<figure class=\"wp-block-pullquote\"><blockquote><p><strong><em><mark style=\"background-color:rgba(0, 0, 0, 0)\" class=\"has-inline-color has-black-color\">N\u00e3o perca! Acompanhe mais atividades em nossas redes sociais:<\/mark><\/em><\/strong><br><a href=\"https:\/\/linktr.ee\/fundacaofemar\"><strong><mark style=\"background-color:rgba(0, 0, 0, 0)\" class=\"has-inline-color has-vivid-cyan-blue-color\">https:\/\/linktr.ee\/fundacaofemar<\/mark><\/strong><\/a><\/p><\/blockquote><\/figure>\n\n\n\n<p><\/p>\n<\/div>","protected":false},"excerpt":{"rendered":"<p>No dia 30 de julho, o Presidente da Funda\u00e7\u00e3o de Estudos do Mar (FEMAR), acompanhado do Superintendente T\u00e9cnico, recebeu a visita do Representante da Diretoria de Defesa e Espacial da Funda\u00e7\u00e3o Ezute, CMG (RM1) Marcos da Silva Roberto. <\/p>\n","protected":false},"author":9,"featured_media":0,"comment_status":"closed","ping_status":"closed","sticky":false,"template":"","format":"standard","meta":{"footnotes":""},"categories":[2],"tags":[],"class_list":["post-63076","post","type-post","status-publish","format-standard","hentry","category-news"],"rise-blocks_total_comments":0,"rise-blocks_categories":[{"term_id":2,"name":"News","slug":"news","term_group":0,"term_taxonomy_id":2,"taxonomy":"category","description":"","parent":0,"count":363,"filter":"raw","cat_ID":2,"category_count":363,"category_description":"","cat_name":"News","category_nicename":"news","category_parent":0}],"rise-blocks_excerpt":"No dia 30 de julho, o Presidente da Funda\u00e7\u00e3o de Estudos do Mar (FEMAR), acompanhado do Superintendente T\u00e9cnico, recebeu a visita do Representante da Diretoria de Defesa e Espacial da Funda\u00e7\u00e3o Ezute, CMG (RM1) Marcos da Silva Roberto. ","_links":{"self":[{"href":"https:\/\/fundacaofemar.org.br\/portalwordpress\/wp-json\/wp\/v2\/posts\/63076","targetHints":{"allow":["GET"]}}],"collection":[{"href":"https:\/\/fundacaofemar.org.br\/portalwordpress\/wp-json\/wp\/v2\/posts"}],"about":[{"href":"https:\/\/fundacaofemar.org.br\/portalwordpress\/wp-json\/wp\/v2\/types\/post"}],"author":[{"embeddable":true,"href":"https:\/\/fundacaofemar.org.br\/portalwordpress\/wp-json\/wp\/v2\/users\/9"}],"replies":[{"embeddable":true,"href":"https:\/\/fundacaofemar.org.br\/portalwordpress\/wp-json\/wp\/v2\/comments?post=63076"}],"version-history":[{"count":0,"href":"https:\/\/fundacaofemar.org.br\/portalwordpress\/wp-json\/wp\/v2\/posts\/63076\/revisions"}],"wp:attachment":[{"href":"https:\/\/fundacaofemar.org.br\/portalwordpress\/wp-json\/wp\/v2\/media?parent=63076"}],"wp:term":[{"taxonomy":"category","embeddable":true,"href":"https:\/\/fundacaofemar.org.br\/portalwordpress\/wp-json\/wp\/v2\/categories?post=63076"},{"taxonomy":"post_tag","embeddable":true,"href":"https:\/\/fundacaofemar.org.br\/portalwordpress\/wp-json\/wp\/v2\/tags?post=63076"}],"curies":[{"name":"wp","href":"https:\/\/api.w.org\/{rel}","templated":true}]}}