{"id":6364,"date":"2021-08-23T15:45:03","date_gmt":"2021-08-23T18:45:03","guid":{"rendered":"https:\/\/fundacaofemar.org.br\/portalwordpress\/?p=6364"},"modified":"2021-08-29T18:53:06","modified_gmt":"2021-08-29T21:53:06","slug":"bem-vindo-area-do-coordenador","status":"publish","type":"post","link":"https:\/\/fundacaofemar.org.br\/portalwordpress\/2021\/08\/23\/bem-vindo-area-do-coordenador\/","title":{"rendered":"Bem-vindo! \u00c1rea do Coordenador"},"content":{"rendered":"<div class=\"post-content\">\n<p><strong>Publicado em 23 de Agosto de 2021<\/strong><\/p>\n\n\n\n<div class=\"wp-block-group\"><div class=\"wp-block-group__inner-container is-layout-flow wp-block-group-is-layout-flow\">\n<p>A FEMAR possui uma equipe especializada no gerenciamento de Projetos provendo uma ampla gama de servi\u00e7os e informa\u00e7\u00f5es que possibilitam aos coordenadores das institui\u00e7\u00f5es apoiadas a execu\u00e7\u00e3o, com sucesso, de seus projetos.<\/p>\n\n\n\n<p>Este \u00e9 um espa\u00e7o dedicado aos nossos coordenadores de projetos. <\/p>\n\n\n\n<p>Seja Bem-vindo!<\/p>\n<\/div><\/div>\n\n\n\n<div class=\"wp-block-buttons is-layout-flex wp-block-buttons-is-layout-flex\">\n<div class=\"wp-block-button wp-button\"><a class=\"wp-block-button__link no-border-radius\" href=\"https:\/\/fundacaofemar.org.br\/portalwordpress\/area-do-coordenador\/\" rel=\"\">VOLTAR<\/a><\/div>\n<\/div>\n\n\n\n<div style=\"height:60px\" aria-hidden=\"true\" class=\"wp-block-spacer\"><\/div>\n\n\n\n<div class=\"wp-block-group\"><div class=\"wp-block-group__inner-container is-layout-flow wp-block-group-is-layout-flow\">\n<h4 class=\"wp-block-heading\">COMUNICADOS RECENTES<\/h4>\n\n\n<ul class=\"wp-block-latest-posts__list has-dates latest-posts__list wp-block-latest-posts\"><li><a class=\"wp-block-latest-posts__post-title\" href=\"https:\/\/fundacaofemar.org.br\/portalwordpress\/2021\/08\/23\/bem-vindo-area-do-coordenador\/\">Bem-vindo! \u00c1rea do Coordenador<\/a><time datetime=\"2021-08-23T15:45:03-03:00\" class=\"wp-block-latest-posts__post-date\">23 de agosto de 2021<\/time><div class=\"wp-block-latest-posts__post-excerpt\">Bem-vindo ao Novo Portal da FEMAR! Criamos um espa\u00e7o dedicado aos nossos coordenadores de projetos. Clique para saber mais!<\/div><\/li>\n<\/ul><\/div><\/div>\n\n\n\n<p><\/p>\n<\/div>","protected":false},"excerpt":{"rendered":"<p>Bem-vindo ao Novo Portal da FEMAR! Criamos um espa\u00e7o dedicado aos nossos coordenadores de projetos. Clique para saber mais!<\/p>\n","protected":false},"author":2,"featured_media":0,"comment_status":"closed","ping_status":"closed","sticky":false,"template":"","format":"standard","meta":{"footnotes":""},"categories":[27],"tags":[],"class_list":["post-6364","post","type-post","status-publish","format-standard","hentry","category-comunicados-projetos"],"rise-blocks_total_comments":0,"rise-blocks_categories":[{"term_id":27,"name":"Projetos","slug":"comunicados-projetos","term_group":0,"term_taxonomy_id":27,"taxonomy":"category","description":"","parent":0,"count":1,"filter":"raw","cat_ID":27,"category_count":1,"category_description":"","cat_name":"Projetos","category_nicename":"comunicados-projetos","category_parent":0}],"rise-blocks_excerpt":"Bem-vindo ao Novo Portal da FEMAR! Criamos um espa\u00e7o dedicado aos nossos coordenadores de projetos. Clique para saber mais!","_links":{"self":[{"href":"https:\/\/fundacaofemar.org.br\/portalwordpress\/wp-json\/wp\/v2\/posts\/6364","targetHints":{"allow":["GET"]}}],"collection":[{"href":"https:\/\/fundacaofemar.org.br\/portalwordpress\/wp-json\/wp\/v2\/posts"}],"about":[{"href":"https:\/\/fundacaofemar.org.br\/portalwordpress\/wp-json\/wp\/v2\/types\/post"}],"author":[{"embeddable":true,"href":"https:\/\/fundacaofemar.org.br\/portalwordpress\/wp-json\/wp\/v2\/users\/2"}],"replies":[{"embeddable":true,"href":"https:\/\/fundacaofemar.org.br\/portalwordpress\/wp-json\/wp\/v2\/comments?post=6364"}],"version-history":[{"count":0,"href":"https:\/\/fundacaofemar.org.br\/portalwordpress\/wp-json\/wp\/v2\/posts\/6364\/revisions"}],"wp:attachment":[{"href":"https:\/\/fundacaofemar.org.br\/portalwordpress\/wp-json\/wp\/v2\/media?parent=6364"}],"wp:term":[{"taxonomy":"category","embeddable":true,"href":"https:\/\/fundacaofemar.org.br\/portalwordpress\/wp-json\/wp\/v2\/categories?post=6364"},{"taxonomy":"post_tag","embeddable":true,"href":"https:\/\/fundacaofemar.org.br\/portalwordpress\/wp-json\/wp\/v2\/tags?post=6364"}],"curies":[{"name":"wp","href":"https:\/\/api.w.org\/{rel}","templated":true}]}}