{"id":64415,"date":"2024-10-11T12:23:50","date_gmt":"2024-10-11T15:23:50","guid":{"rendered":"https:\/\/fundacaofemar.org.br\/portalwordpress\/?p=64415"},"modified":"2025-11-26T08:25:08","modified_gmt":"2025-11-26T11:25:08","slug":"na-semana-do-dia-das-criancas-femar-leva-participantes-do-profesp-da-dhn-para-conhecerem-os-manguezais","status":"publish","type":"post","link":"https:\/\/fundacaofemar.org.br\/portalwordpress\/2024\/10\/11\/na-semana-do-dia-das-criancas-femar-leva-participantes-do-profesp-da-dhn-para-conhecerem-os-manguezais\/","title":{"rendered":"NA SEMANA DO DIA DAS CRIAN\u00c7AS, FEMAR LEVA\u00a0PARTICIPANTES DO PROFESP\u00a0DA DHN PARA CONHECEREM OS MANGUEZAIS!\u00a0"},"content":{"rendered":"<div class=\"post-content\">\n<p><strong>Publicado em 11 de Outubro de 2024<\/strong><\/p>\n\n\n\n<p>Na semana em que comemoramos o Dia das Crian\u00e7as, a Funda\u00e7\u00e3o de Estudos do Mar (FEMAR) levou, no dia 10 de outubro, cerca de 30 crian\u00e7as participantes do Programa For\u00e7as no Esporte (PROFESP) da Diretoria de Hidrografia e Navega\u00e7\u00e3o (DHN), para participarem do Projeto \u201cMangue Legal\u201d.\u00a0<\/p>\n\n\n<div class=\"wp-block-image post-image is-style-default\">\n<figure class=\"aligncenter size-full is-resized\"><img fetchpriority=\"high\" decoding=\"async\" width=\"2560\" height=\"1496\" src=\"https:\/\/fundacaofemar.org.br\/portalwordpress\/wp-content\/uploads\/2024\/10\/01-scaled.jpg\" alt=\"\" class=\"wp-image-64416\" style=\"width:578px;height:auto\" srcset=\"https:\/\/fundacaofemar.org.br\/portalwordpress\/wp-content\/uploads\/2024\/10\/01-scaled.jpg 2560w, https:\/\/fundacaofemar.org.br\/portalwordpress\/wp-content\/uploads\/2024\/10\/01-300x175.jpg 300w, https:\/\/fundacaofemar.org.br\/portalwordpress\/wp-content\/uploads\/2024\/10\/01-1024x599.jpg 1024w, https:\/\/fundacaofemar.org.br\/portalwordpress\/wp-content\/uploads\/2024\/10\/01-768x449.jpg 768w, https:\/\/fundacaofemar.org.br\/portalwordpress\/wp-content\/uploads\/2024\/10\/01-1536x898.jpg 1536w, https:\/\/fundacaofemar.org.br\/portalwordpress\/wp-content\/uploads\/2024\/10\/01-2048x1197.jpg 2048w\" sizes=\"(max-width: 2560px) 100vw, 2560px\" \/><figcaption class=\"wp-element-caption\"><mark style=\"background-color:rgba(0, 0, 0, 0)\" class=\"has-inline-color has-black-color\"><\/mark><\/figcaption><\/figure><\/div>\n\n\n<p>A atividade deu in\u00edcio no espa\u00e7o \u201cReserva Cai\u00e7ara\u201d, de onde as crian\u00e7as embarcaram numa balsa para o passeio ecol\u00f3gico.\u00a0 Localizado em uma das \u00e1reas mais bonitas do Rio de Janeiro, tamb\u00e9m conhecido como <em>&#8220;<\/em>Pantanal Carioca<em>&#8220;,<\/em> elas puderam aprender sobre a fauna, a flora e as belezas dos manguezais cariocas. Em seguida, visitaram o \u201cParque Natural Municipal de Marapendi\u201d, que resguarda os ecossistemas nativos de restinga e manguezal, al\u00e9m de paisagens naturais.\u00a0<\/p>\n\n\n<div class=\"wp-block-image post-image is-style-default\">\n<figure class=\"aligncenter size-full is-resized\"><img decoding=\"async\" width=\"1705\" height=\"2560\" src=\"https:\/\/fundacaofemar.org.br\/portalwordpress\/wp-content\/uploads\/2024\/10\/02-scaled.jpg\" alt=\"\" class=\"wp-image-64417\" style=\"width:376px;height:auto\" srcset=\"https:\/\/fundacaofemar.org.br\/portalwordpress\/wp-content\/uploads\/2024\/10\/02-scaled.jpg 1705w, https:\/\/fundacaofemar.org.br\/portalwordpress\/wp-content\/uploads\/2024\/10\/02-200x300.jpg 200w, https:\/\/fundacaofemar.org.br\/portalwordpress\/wp-content\/uploads\/2024\/10\/02-682x1024.jpg 682w, https:\/\/fundacaofemar.org.br\/portalwordpress\/wp-content\/uploads\/2024\/10\/02-768x1153.jpg 768w, https:\/\/fundacaofemar.org.br\/portalwordpress\/wp-content\/uploads\/2024\/10\/02-1023x1536.jpg 1023w, https:\/\/fundacaofemar.org.br\/portalwordpress\/wp-content\/uploads\/2024\/10\/02-1364x2048.jpg 1364w\" sizes=\"(max-width: 1705px) 100vw, 1705px\" \/><figcaption class=\"wp-element-caption\"><mark style=\"background-color:rgba(0, 0, 0, 0)\" class=\"has-inline-color has-black-color\"><\/mark><\/figcaption><\/figure><\/div>\n\n\n<p>O Projeto \u201cMangue Legal\u201d foi criado para ilustrar a import\u00e2ncia dos manguezais, conhecidos como \u201cber\u00e7\u00e1rio do mar\u201d, e incentivar a preserva\u00e7\u00e3o ambiental. Tamb\u00e9m visa promover a prote\u00e7\u00e3o dos manguezais, assegurando a reprodu\u00e7\u00e3o de diversas esp\u00e9cies e contribuindo para o aumento da biodiversidade marinha, al\u00e9m de apoiar a economia local, especialmente a pesca artesanal. O Projeto cultiva a mentalidade mar\u00edtima voltada para a conserva\u00e7\u00e3o entre jovens e crian\u00e7as!\u00a0<\/p>\n\n\n<div class=\"wp-block-image post-image is-style-default\">\n<figure class=\"aligncenter size-full is-resized\"><img decoding=\"async\" width=\"1360\" height=\"720\" src=\"https:\/\/fundacaofemar.org.br\/portalwordpress\/wp-content\/uploads\/2024\/10\/03.jpg\" alt=\"\" class=\"wp-image-64418\" style=\"width:618px;height:auto\" srcset=\"https:\/\/fundacaofemar.org.br\/portalwordpress\/wp-content\/uploads\/2024\/10\/03.jpg 1360w, https:\/\/fundacaofemar.org.br\/portalwordpress\/wp-content\/uploads\/2024\/10\/03-300x159.jpg 300w, https:\/\/fundacaofemar.org.br\/portalwordpress\/wp-content\/uploads\/2024\/10\/03-1024x542.jpg 1024w, https:\/\/fundacaofemar.org.br\/portalwordpress\/wp-content\/uploads\/2024\/10\/03-768x407.jpg 768w\" sizes=\"(max-width: 1360px) 100vw, 1360px\" \/><figcaption class=\"wp-element-caption\"><mark style=\"background-color:rgba(0, 0, 0, 0)\" class=\"has-inline-color has-black-color\"><\/mark><\/figcaption><\/figure><\/div>\n\n\n<p>Al\u00e9m da conserva\u00e7\u00e3o da biodiversidade tanto do \u201cPantanal Carioca\u201d quanto do \u201cParque Natural Municipal de Marapendi\u201d, a FEMAR apoia a causa da qualidade de vida dos cariocas, oferecendo um ref\u00fagio verde em meio \u00e0 paisagem urbana do Rio de Janeiro!\u00a0<\/p>\n\n\n\n<h2 class=\"wp-block-heading has-text-align-center\"><strong><mark style=\"background-color:rgba(0, 0, 0, 0)\" class=\"has-inline-color has-vivid-cyan-blue-color\"><strong>Funda\u00e7\u00e3o Pioneira da Maritimidade no Brasil<\/strong><\/mark><\/strong><\/h2>\n\n\n\n<h2 class=\"wp-block-heading has-text-align-center\"><strong><mark style=\"background-color:rgba(0, 0, 0, 0)\" class=\"has-inline-color has-vivid-cyan-blue-color\"><strong>Funda\u00e7\u00e3o de Estudos do Mar<\/strong><\/mark><\/strong><\/h2>\n\n\n\n<p><\/p>\n\n\n\n<figure class=\"wp-block-pullquote\"><blockquote><p><strong><em><mark style=\"background-color:rgba(0, 0, 0, 0)\" class=\"has-inline-color has-black-color\">N\u00e3o perca! Acompanhe mais atividades em nossas redes sociais:<\/mark><\/em><\/strong><br><a href=\"https:\/\/linktr.ee\/fundacaofemar\"><strong><mark style=\"background-color:rgba(0, 0, 0, 0)\" class=\"has-inline-color has-vivid-cyan-blue-color\">https:\/\/linktr.ee\/fundacaofemar<\/mark><\/strong><\/a><\/p><\/blockquote><\/figure>\n\n\n\n<p><\/p>\n<\/div>","protected":false},"excerpt":{"rendered":"<p>Na semana em que comemoramos o Dia das Crian\u00e7as, a Funda\u00e7\u00e3o de Estudos do Mar (FEMAR) levou, no dia 10 de outubro, cerca de 30 crian\u00e7as participantes do Programa For\u00e7as no Esporte (PROFESP) da Diretoria de Hidrografia e Navega\u00e7\u00e3o (DHN), para participarem do Projeto \u201cMangue Legal\u201d. <\/p>\n","protected":false},"author":9,"featured_media":0,"comment_status":"closed","ping_status":"closed","sticky":false,"template":"","format":"standard","meta":{"footnotes":""},"categories":[29,18,17,2,19],"tags":[],"class_list":["post-64415","post","type-post","status-publish","format-standard","hentry","category-ensino","category-eventos","category-meio-ambiente","category-news","category-responsabilidade-social"],"rise-blocks_total_comments":0,"rise-blocks_categories":[{"term_id":29,"name":"Ensino","slug":"ensino","term_group":0,"term_taxonomy_id":29,"taxonomy":"category","description":"","parent":2,"count":143,"filter":"raw","cat_ID":29,"category_count":143,"category_description":"","cat_name":"Ensino","category_nicename":"ensino","category_parent":2},{"term_id":18,"name":"Eventos","slug":"eventos","term_group":0,"term_taxonomy_id":18,"taxonomy":"category","description":"","parent":2,"count":239,"filter":"raw","cat_ID":18,"category_count":239,"category_description":"","cat_name":"Eventos","category_nicename":"eventos","category_parent":2},{"term_id":17,"name":"Meio Ambiente","slug":"meio-ambiente","term_group":0,"term_taxonomy_id":17,"taxonomy":"category","description":"","parent":2,"count":35,"filter":"raw","cat_ID":17,"category_count":35,"category_description":"","cat_name":"Meio Ambiente","category_nicename":"meio-ambiente","category_parent":2},{"term_id":2,"name":"News","slug":"news","term_group":0,"term_taxonomy_id":2,"taxonomy":"category","description":"","parent":0,"count":365,"filter":"raw","cat_ID":2,"category_count":365,"category_description":"","cat_name":"News","category_nicename":"news","category_parent":0},{"term_id":19,"name":"Responsabilidade Social","slug":"responsabilidade-social","term_group":0,"term_taxonomy_id":19,"taxonomy":"category","description":"","parent":2,"count":15,"filter":"raw","cat_ID":19,"category_count":15,"category_description":"","cat_name":"Responsabilidade Social","category_nicename":"responsabilidade-social","category_parent":2}],"rise-blocks_excerpt":"Na semana em que comemoramos o Dia das Crian\u00e7as, a Funda\u00e7\u00e3o de Estudos do Mar (FEMAR) levou, no dia 10 de outubro, cerca de 30 crian\u00e7as participantes do Programa For\u00e7as no Esporte (PROFESP) da Diretoria de Hidrografia e Navega\u00e7\u00e3o (DHN), para participarem do Projeto \u201cMangue Legal\u201d. ","_links":{"self":[{"href":"https:\/\/fundacaofemar.org.br\/portalwordpress\/wp-json\/wp\/v2\/posts\/64415","targetHints":{"allow":["GET"]}}],"collection":[{"href":"https:\/\/fundacaofemar.org.br\/portalwordpress\/wp-json\/wp\/v2\/posts"}],"about":[{"href":"https:\/\/fundacaofemar.org.br\/portalwordpress\/wp-json\/wp\/v2\/types\/post"}],"author":[{"embeddable":true,"href":"https:\/\/fundacaofemar.org.br\/portalwordpress\/wp-json\/wp\/v2\/users\/9"}],"replies":[{"embeddable":true,"href":"https:\/\/fundacaofemar.org.br\/portalwordpress\/wp-json\/wp\/v2\/comments?post=64415"}],"version-history":[{"count":0,"href":"https:\/\/fundacaofemar.org.br\/portalwordpress\/wp-json\/wp\/v2\/posts\/64415\/revisions"}],"wp:attachment":[{"href":"https:\/\/fundacaofemar.org.br\/portalwordpress\/wp-json\/wp\/v2\/media?parent=64415"}],"wp:term":[{"taxonomy":"category","embeddable":true,"href":"https:\/\/fundacaofemar.org.br\/portalwordpress\/wp-json\/wp\/v2\/categories?post=64415"},{"taxonomy":"post_tag","embeddable":true,"href":"https:\/\/fundacaofemar.org.br\/portalwordpress\/wp-json\/wp\/v2\/tags?post=64415"}],"curies":[{"name":"wp","href":"https:\/\/api.w.org\/{rel}","templated":true}]}}