{"id":64420,"date":"2024-10-11T12:35:55","date_gmt":"2024-10-11T15:35:55","guid":{"rendered":"https:\/\/fundacaofemar.org.br\/portalwordpress\/?p=64420"},"modified":"2025-11-26T08:24:47","modified_gmt":"2025-11-26T11:24:47","slug":"12-10-dia-das-criancas","status":"publish","type":"post","link":"https:\/\/fundacaofemar.org.br\/portalwordpress\/2024\/10\/11\/12-10-dia-das-criancas\/","title":{"rendered":"12\/10 \u2013 DIA DAS CRIAN\u00c7AS"},"content":{"rendered":"<div class=\"post-content\">\n<p><strong>Publicado em 11 de Outubro de 2024<\/strong><\/p>\n\n\n\n<p>O Dia das Crian\u00e7as, comemorado em 12 de outubro, \u00e9 uma data especial que tem como objetivo valorizar e entender essa fase da vida, al\u00e9m de alertar sobre problemas enfrentados por crian\u00e7as de todo o mundo como a explora\u00e7\u00e3o e abuso o infantil.<\/p>\n\n\n\n<p>Na inf\u00e2ncia, al\u00e9m de ensinar, \u00e9 importante entender, respeitar e acolher sua singularidade para que a crian\u00e7a tenha qualidade vida e se torne um bom indiv\u00edduo.<\/p>\n\n\n\n<p>A Funda\u00e7\u00e3o de Estudos do Mar (FEMAR) \u00e9 comprometida com o aprendizado e o desenvolvimento das crian\u00e7as, promovendo projetos e atividades para os pequenos relacionados a mentalidade mar\u00edtima e a conscientiza\u00e7\u00e3o para salvar os oceanos e mares.<\/p>\n\n\n<div class=\"wp-block-image post-image is-style-default\">\n<figure class=\"aligncenter size-full is-resized\"><img fetchpriority=\"high\" decoding=\"async\" width=\"1080\" height=\"1080\" src=\"https:\/\/fundacaofemar.org.br\/portalwordpress\/wp-content\/uploads\/2024\/10\/wip11.png\" alt=\"\" class=\"wp-image-64421\" style=\"width:494px;height:auto\" srcset=\"https:\/\/fundacaofemar.org.br\/portalwordpress\/wp-content\/uploads\/2024\/10\/wip11.png 1080w, https:\/\/fundacaofemar.org.br\/portalwordpress\/wp-content\/uploads\/2024\/10\/wip11-300x300.png 300w, https:\/\/fundacaofemar.org.br\/portalwordpress\/wp-content\/uploads\/2024\/10\/wip11-1024x1024.png 1024w, https:\/\/fundacaofemar.org.br\/portalwordpress\/wp-content\/uploads\/2024\/10\/wip11-150x150.png 150w, https:\/\/fundacaofemar.org.br\/portalwordpress\/wp-content\/uploads\/2024\/10\/wip11-768x768.png 768w\" sizes=\"(max-width: 1080px) 100vw, 1080px\" \/><figcaption class=\"wp-element-caption\"><mark style=\"background-color:rgba(0, 0, 0, 0)\" class=\"has-inline-color has-black-color\"><\/mark><\/figcaption><\/figure><\/div>\n\n\n<h2 class=\"wp-block-heading has-text-align-center\"><strong><mark style=\"background-color:rgba(0, 0, 0, 0)\" class=\"has-inline-color has-vivid-cyan-blue-color\"><strong>Funda\u00e7\u00e3o Pioneira da Maritimidade no Brasil<\/strong><\/mark><\/strong><\/h2>\n\n\n\n<h2 class=\"wp-block-heading has-text-align-center\"><strong><mark style=\"background-color:rgba(0, 0, 0, 0)\" class=\"has-inline-color has-vivid-cyan-blue-color\"><strong>Funda\u00e7\u00e3o de Estudos do Mar<\/strong><\/mark><\/strong><\/h2>\n\n\n\n<p><\/p>\n\n\n\n<figure class=\"wp-block-pullquote\"><blockquote><p><strong><em><mark style=\"background-color:rgba(0, 0, 0, 0)\" class=\"has-inline-color has-black-color\">N\u00e3o perca! Acompanhe mais atividades em nossas redes sociais:<\/mark><\/em><\/strong><br><a href=\"https:\/\/linktr.ee\/fundacaofemar\"><strong><mark style=\"background-color:rgba(0, 0, 0, 0)\" class=\"has-inline-color has-vivid-cyan-blue-color\">https:\/\/linktr.ee\/fundacaofemar<\/mark><\/strong><\/a><\/p><\/blockquote><\/figure>\n\n\n\n<p><\/p>\n<\/div>","protected":false},"excerpt":{"rendered":"<p>O Dia das Crian\u00e7as, comemorado em 12 de outubro, \u00e9 uma data especial que tem como objetivo valorizar e entender essa fase da vida, al\u00e9m de alertar sobre problemas enfrentados por crian\u00e7as de todo o mundo como a explora\u00e7\u00e3o e abuso o infantil. <\/p>\n","protected":false},"author":9,"featured_media":0,"comment_status":"closed","ping_status":"closed","sticky":false,"template":"","format":"standard","meta":{"footnotes":""},"categories":[29,18,17,2,19],"tags":[],"class_list":["post-64420","post","type-post","status-publish","format-standard","hentry","category-ensino","category-eventos","category-meio-ambiente","category-news","category-responsabilidade-social"],"rise-blocks_total_comments":0,"rise-blocks_categories":[{"term_id":29,"name":"Ensino","slug":"ensino","term_group":0,"term_taxonomy_id":29,"taxonomy":"category","description":"","parent":2,"count":143,"filter":"raw","cat_ID":29,"category_count":143,"category_description":"","cat_name":"Ensino","category_nicename":"ensino","category_parent":2},{"term_id":18,"name":"Eventos","slug":"eventos","term_group":0,"term_taxonomy_id":18,"taxonomy":"category","description":"","parent":2,"count":239,"filter":"raw","cat_ID":18,"category_count":239,"category_description":"","cat_name":"Eventos","category_nicename":"eventos","category_parent":2},{"term_id":17,"name":"Meio Ambiente","slug":"meio-ambiente","term_group":0,"term_taxonomy_id":17,"taxonomy":"category","description":"","parent":2,"count":35,"filter":"raw","cat_ID":17,"category_count":35,"category_description":"","cat_name":"Meio Ambiente","category_nicename":"meio-ambiente","category_parent":2},{"term_id":2,"name":"News","slug":"news","term_group":0,"term_taxonomy_id":2,"taxonomy":"category","description":"","parent":0,"count":365,"filter":"raw","cat_ID":2,"category_count":365,"category_description":"","cat_name":"News","category_nicename":"news","category_parent":0},{"term_id":19,"name":"Responsabilidade Social","slug":"responsabilidade-social","term_group":0,"term_taxonomy_id":19,"taxonomy":"category","description":"","parent":2,"count":15,"filter":"raw","cat_ID":19,"category_count":15,"category_description":"","cat_name":"Responsabilidade Social","category_nicename":"responsabilidade-social","category_parent":2}],"rise-blocks_excerpt":"O Dia das Crian\u00e7as, comemorado em 12 de outubro, \u00e9 uma data especial que tem como objetivo valorizar e entender essa fase da vida, al\u00e9m de alertar sobre problemas enfrentados por crian\u00e7as de todo o mundo como a explora\u00e7\u00e3o e abuso o infantil. ","_links":{"self":[{"href":"https:\/\/fundacaofemar.org.br\/portalwordpress\/wp-json\/wp\/v2\/posts\/64420","targetHints":{"allow":["GET"]}}],"collection":[{"href":"https:\/\/fundacaofemar.org.br\/portalwordpress\/wp-json\/wp\/v2\/posts"}],"about":[{"href":"https:\/\/fundacaofemar.org.br\/portalwordpress\/wp-json\/wp\/v2\/types\/post"}],"author":[{"embeddable":true,"href":"https:\/\/fundacaofemar.org.br\/portalwordpress\/wp-json\/wp\/v2\/users\/9"}],"replies":[{"embeddable":true,"href":"https:\/\/fundacaofemar.org.br\/portalwordpress\/wp-json\/wp\/v2\/comments?post=64420"}],"version-history":[{"count":0,"href":"https:\/\/fundacaofemar.org.br\/portalwordpress\/wp-json\/wp\/v2\/posts\/64420\/revisions"}],"wp:attachment":[{"href":"https:\/\/fundacaofemar.org.br\/portalwordpress\/wp-json\/wp\/v2\/media?parent=64420"}],"wp:term":[{"taxonomy":"category","embeddable":true,"href":"https:\/\/fundacaofemar.org.br\/portalwordpress\/wp-json\/wp\/v2\/categories?post=64420"},{"taxonomy":"post_tag","embeddable":true,"href":"https:\/\/fundacaofemar.org.br\/portalwordpress\/wp-json\/wp\/v2\/tags?post=64420"}],"curies":[{"name":"wp","href":"https:\/\/api.w.org\/{rel}","templated":true}]}}