{"id":64450,"date":"2024-10-14T11:18:19","date_gmt":"2024-10-14T14:18:19","guid":{"rendered":"https:\/\/fundacaofemar.org.br\/portalwordpress\/?p=64450"},"modified":"2025-11-26T08:23:48","modified_gmt":"2025-11-26T11:23:48","slug":"mais-um-proemar-jovens-do-rio-exploram-o-sentimento-de-maritimidade","status":"publish","type":"post","link":"https:\/\/fundacaofemar.org.br\/portalwordpress\/2024\/10\/14\/mais-um-proemar-jovens-do-rio-exploram-o-sentimento-de-maritimidade\/","title":{"rendered":"MAIS UM PROEMAR: JOVENS DO RIO EXPLORAM O SENTIMENTO DE MARITIMIDADE\u00a0\u00a0"},"content":{"rendered":"<div class=\"post-content\">\n<p><strong>Publicado em 14 de Outubro de 2024<\/strong><\/p>\n\n\n\n<p>Com o prop\u00f3sito de apresentar a import\u00e2ncia do mar para crian\u00e7as e jovens, a Funda\u00e7\u00e3o de Estudos do Mar (FEMAR) realizou, no dia 11 de outubro, atividades do Projeto Escola no Mar (PROEMAR).\u00a0\u00a0<\/p>\n\n\n<div class=\"wp-block-image post-image is-style-default\">\n<figure class=\"aligncenter size-full is-resized\"><img fetchpriority=\"high\" decoding=\"async\" width=\"2560\" height=\"1175\" src=\"https:\/\/fundacaofemar.org.br\/portalwordpress\/wp-content\/uploads\/2024\/10\/01-4-scaled.jpg\" alt=\"\" class=\"wp-image-64451\" style=\"width:656px;height:auto\" srcset=\"https:\/\/fundacaofemar.org.br\/portalwordpress\/wp-content\/uploads\/2024\/10\/01-4-scaled.jpg 2560w, https:\/\/fundacaofemar.org.br\/portalwordpress\/wp-content\/uploads\/2024\/10\/01-4-300x138.jpg 300w, https:\/\/fundacaofemar.org.br\/portalwordpress\/wp-content\/uploads\/2024\/10\/01-4-1024x470.jpg 1024w, https:\/\/fundacaofemar.org.br\/portalwordpress\/wp-content\/uploads\/2024\/10\/01-4-768x353.jpg 768w, https:\/\/fundacaofemar.org.br\/portalwordpress\/wp-content\/uploads\/2024\/10\/01-4-1536x705.jpg 1536w, https:\/\/fundacaofemar.org.br\/portalwordpress\/wp-content\/uploads\/2024\/10\/01-4-2048x940.jpg 2048w\" sizes=\"(max-width: 2560px) 100vw, 2560px\" \/><figcaption class=\"wp-element-caption\"><mark style=\"background-color:rgba(0, 0, 0, 0)\" class=\"has-inline-color has-black-color\"><\/mark><\/figcaption><\/figure><\/div>\n\n\n<p>Participaram 25 alunos da Escola Estadual Municipalizada Itaitidiba, localizada em Santa Izabel &#8211; S\u00e3o Gon\u00e7alo, com faixa et\u00e1ria entre 9 e 13 anos. A experi\u00eancia contou com visitas \u00e0 lugares significativos para o aprendizado sobre o mar e sua hist\u00f3ria. As crian\u00e7as conheceram o Museu do Corpo de Fuzileiros Navais, onde os alunos fizeram um circuito expositivo com visitas ao sal\u00e3o principal; o Espa\u00e7o Cultural da Marinha e finalizaram as atividades com um Passeio Mar\u00edtimo pela Ba\u00eda de Guanabara.<\/p>\n\n\n<div class=\"wp-block-image post-image is-style-default\">\n<figure class=\"aligncenter size-full is-resized\"><img decoding=\"async\" width=\"1357\" height=\"2560\" src=\"https:\/\/fundacaofemar.org.br\/portalwordpress\/wp-content\/uploads\/2024\/10\/02-3-scaled.jpg\" alt=\"\" class=\"wp-image-64452\" style=\"width:278px;height:auto\" srcset=\"https:\/\/fundacaofemar.org.br\/portalwordpress\/wp-content\/uploads\/2024\/10\/02-3-scaled.jpg 1357w, https:\/\/fundacaofemar.org.br\/portalwordpress\/wp-content\/uploads\/2024\/10\/02-3-159x300.jpg 159w, https:\/\/fundacaofemar.org.br\/portalwordpress\/wp-content\/uploads\/2024\/10\/02-3-543x1024.jpg 543w, https:\/\/fundacaofemar.org.br\/portalwordpress\/wp-content\/uploads\/2024\/10\/02-3-768x1449.jpg 768w, https:\/\/fundacaofemar.org.br\/portalwordpress\/wp-content\/uploads\/2024\/10\/02-3-814x1536.jpg 814w, https:\/\/fundacaofemar.org.br\/portalwordpress\/wp-content\/uploads\/2024\/10\/02-3-1086x2048.jpg 1086w\" sizes=\"(max-width: 1357px) 100vw, 1357px\" \/><figcaption class=\"wp-element-caption\"><mark style=\"background-color:rgba(0, 0, 0, 0)\" class=\"has-inline-color has-black-color\"><\/mark><\/figcaption><\/figure><\/div>\n\n\n<p>O PROEMAR \u00e9 realizado desde 2017 pela FEMAR.O Projeto proporciona aos alunos um dia rico em aprendizado e lembran\u00e7as com o objetivo de cultivar o sentimento de maritimidade para que todos possam sentir-se respons\u00e1veis em proteger os oceanos e os mares.\u00a0<\/p>\n\n\n<div class=\"wp-block-image post-image is-style-default\">\n<figure class=\"aligncenter size-full is-resized\"><img decoding=\"async\" width=\"1714\" height=\"2560\" src=\"https:\/\/fundacaofemar.org.br\/portalwordpress\/wp-content\/uploads\/2024\/10\/03-2-scaled.jpg\" alt=\"\" class=\"wp-image-64453\" style=\"width:278px;height:auto\" srcset=\"https:\/\/fundacaofemar.org.br\/portalwordpress\/wp-content\/uploads\/2024\/10\/03-2-scaled.jpg 1714w, https:\/\/fundacaofemar.org.br\/portalwordpress\/wp-content\/uploads\/2024\/10\/03-2-201x300.jpg 201w, https:\/\/fundacaofemar.org.br\/portalwordpress\/wp-content\/uploads\/2024\/10\/03-2-686x1024.jpg 686w, https:\/\/fundacaofemar.org.br\/portalwordpress\/wp-content\/uploads\/2024\/10\/03-2-768x1147.jpg 768w, https:\/\/fundacaofemar.org.br\/portalwordpress\/wp-content\/uploads\/2024\/10\/03-2-1028x1536.jpg 1028w, https:\/\/fundacaofemar.org.br\/portalwordpress\/wp-content\/uploads\/2024\/10\/03-2-1371x2048.jpg 1371w\" sizes=\"(max-width: 1714px) 100vw, 1714px\" \/><figcaption class=\"wp-element-caption\"><mark style=\"background-color:rgba(0, 0, 0, 0)\" class=\"has-inline-color has-black-color\"><\/mark><\/figcaption><\/figure><\/div>\n\n\n<h2 class=\"wp-block-heading has-text-align-center\"><strong><mark style=\"background-color:rgba(0, 0, 0, 0)\" class=\"has-inline-color has-vivid-cyan-blue-color\"><strong>Funda\u00e7\u00e3o Pioneira da Maritimidade no Brasil<\/strong><\/mark><\/strong><\/h2>\n\n\n\n<h2 class=\"wp-block-heading has-text-align-center\"><strong><mark style=\"background-color:rgba(0, 0, 0, 0)\" class=\"has-inline-color has-vivid-cyan-blue-color\"><strong>Funda\u00e7\u00e3o de Estudos do Mar<\/strong><\/mark><\/strong><\/h2>\n\n\n\n<p><\/p>\n\n\n\n<figure class=\"wp-block-pullquote\"><blockquote><p><strong><em><mark style=\"background-color:rgba(0, 0, 0, 0)\" class=\"has-inline-color has-black-color\">N\u00e3o perca! Acompanhe mais atividades em nossas redes sociais:<\/mark><\/em><\/strong><br><a href=\"https:\/\/linktr.ee\/fundacaofemar\"><strong><mark style=\"background-color:rgba(0, 0, 0, 0)\" class=\"has-inline-color has-vivid-cyan-blue-color\">https:\/\/linktr.ee\/fundacaofemar<\/mark><\/strong><\/a><\/p><\/blockquote><\/figure>\n\n\n\n<p><\/p>\n<\/div>","protected":false},"excerpt":{"rendered":"<p>Com o prop\u00f3sito de apresentar a import\u00e2ncia do mar para crian\u00e7as e jovens, a Funda\u00e7\u00e3o de Estudos do Mar (FEMAR) realizou, no dia 11 de outubro, atividades do Projeto Escola no Mar (PROEMAR).\u00a0\u00a0<\/p>\n","protected":false},"author":9,"featured_media":0,"comment_status":"closed","ping_status":"closed","sticky":false,"template":"","format":"standard","meta":{"footnotes":""},"categories":[29,18,2,19],"tags":[],"class_list":["post-64450","post","type-post","status-publish","format-standard","hentry","category-ensino","category-eventos","category-news","category-responsabilidade-social"],"rise-blocks_total_comments":0,"rise-blocks_categories":[{"term_id":29,"name":"Ensino","slug":"ensino","term_group":0,"term_taxonomy_id":29,"taxonomy":"category","description":"","parent":2,"count":143,"filter":"raw","cat_ID":29,"category_count":143,"category_description":"","cat_name":"Ensino","category_nicename":"ensino","category_parent":2},{"term_id":18,"name":"Eventos","slug":"eventos","term_group":0,"term_taxonomy_id":18,"taxonomy":"category","description":"","parent":2,"count":239,"filter":"raw","cat_ID":18,"category_count":239,"category_description":"","cat_name":"Eventos","category_nicename":"eventos","category_parent":2},{"term_id":2,"name":"News","slug":"news","term_group":0,"term_taxonomy_id":2,"taxonomy":"category","description":"","parent":0,"count":365,"filter":"raw","cat_ID":2,"category_count":365,"category_description":"","cat_name":"News","category_nicename":"news","category_parent":0},{"term_id":19,"name":"Responsabilidade Social","slug":"responsabilidade-social","term_group":0,"term_taxonomy_id":19,"taxonomy":"category","description":"","parent":2,"count":15,"filter":"raw","cat_ID":19,"category_count":15,"category_description":"","cat_name":"Responsabilidade Social","category_nicename":"responsabilidade-social","category_parent":2}],"rise-blocks_excerpt":"Com o prop\u00f3sito de apresentar a import\u00e2ncia do mar para crian\u00e7as e jovens, a Funda\u00e7\u00e3o de Estudos do Mar (FEMAR) realizou, no dia 11 de outubro, atividades do Projeto Escola no Mar (PROEMAR).\u00a0\u00a0","_links":{"self":[{"href":"https:\/\/fundacaofemar.org.br\/portalwordpress\/wp-json\/wp\/v2\/posts\/64450","targetHints":{"allow":["GET"]}}],"collection":[{"href":"https:\/\/fundacaofemar.org.br\/portalwordpress\/wp-json\/wp\/v2\/posts"}],"about":[{"href":"https:\/\/fundacaofemar.org.br\/portalwordpress\/wp-json\/wp\/v2\/types\/post"}],"author":[{"embeddable":true,"href":"https:\/\/fundacaofemar.org.br\/portalwordpress\/wp-json\/wp\/v2\/users\/9"}],"replies":[{"embeddable":true,"href":"https:\/\/fundacaofemar.org.br\/portalwordpress\/wp-json\/wp\/v2\/comments?post=64450"}],"version-history":[{"count":0,"href":"https:\/\/fundacaofemar.org.br\/portalwordpress\/wp-json\/wp\/v2\/posts\/64450\/revisions"}],"wp:attachment":[{"href":"https:\/\/fundacaofemar.org.br\/portalwordpress\/wp-json\/wp\/v2\/media?parent=64450"}],"wp:term":[{"taxonomy":"category","embeddable":true,"href":"https:\/\/fundacaofemar.org.br\/portalwordpress\/wp-json\/wp\/v2\/categories?post=64450"},{"taxonomy":"post_tag","embeddable":true,"href":"https:\/\/fundacaofemar.org.br\/portalwordpress\/wp-json\/wp\/v2\/tags?post=64450"}],"curies":[{"name":"wp","href":"https:\/\/api.w.org\/{rel}","templated":true}]}}