{"id":64463,"date":"2024-10-15T10:49:51","date_gmt":"2024-10-15T13:49:51","guid":{"rendered":"https:\/\/fundacaofemar.org.br\/portalwordpress\/?p=64463"},"modified":"2025-11-26T08:23:30","modified_gmt":"2025-11-26T11:23:30","slug":"15-10-dia-do-professor","status":"publish","type":"post","link":"https:\/\/fundacaofemar.org.br\/portalwordpress\/2024\/10\/15\/15-10-dia-do-professor\/","title":{"rendered":"15\/10 \u2013 DIA DO PROFESSOR"},"content":{"rendered":"<div class=\"post-content\">\n<p><strong>Publicado em 15 de Outubro de 2024<\/strong><\/p>\n\n\n\n<p>Os Professores t\u00eam um papel fundamental no desenvolvimento do nosso Pa\u00eds. A data \u00e9 a oportunidade para destacar a import\u00e2ncia da educa\u00e7\u00e3o e agradecer \u00e0queles que a tornam poss\u00edvel.<\/p>\n\n\n\n<p>Al\u00e9m de transmitir conhecimento, esses profissionais orientam, inspiram e ajudam a moldar o futuro, desenvolver os valores e habilidades que impactam a vida das futuras gera\u00e7\u00f5es. Sua atua\u00e7\u00e3o na forma\u00e7\u00e3o de indiv\u00edduos auxilia na constru\u00e7\u00e3o de uma Sociedade mais justa e igualit\u00e1ria!<\/p>\n\n\n\n<h1 class=\"wp-block-heading has-text-align-center\"><strong>Parab\u00e9ns, Professor!<\/strong><\/h1>\n\n\n<div class=\"wp-block-image post-image is-style-default\">\n<figure class=\"aligncenter size-full is-resized\"><img fetchpriority=\"high\" decoding=\"async\" width=\"1080\" height=\"1080\" src=\"https:\/\/fundacaofemar.org.br\/portalwordpress\/wp-content\/uploads\/2024\/10\/wip4.png\" alt=\"\" class=\"wp-image-64464\" style=\"width:530px;height:auto\" srcset=\"https:\/\/fundacaofemar.org.br\/portalwordpress\/wp-content\/uploads\/2024\/10\/wip4.png 1080w, https:\/\/fundacaofemar.org.br\/portalwordpress\/wp-content\/uploads\/2024\/10\/wip4-300x300.png 300w, https:\/\/fundacaofemar.org.br\/portalwordpress\/wp-content\/uploads\/2024\/10\/wip4-1024x1024.png 1024w, https:\/\/fundacaofemar.org.br\/portalwordpress\/wp-content\/uploads\/2024\/10\/wip4-150x150.png 150w, https:\/\/fundacaofemar.org.br\/portalwordpress\/wp-content\/uploads\/2024\/10\/wip4-768x768.png 768w\" sizes=\"(max-width: 1080px) 100vw, 1080px\" \/><figcaption class=\"wp-element-caption\"><mark style=\"background-color:rgba(0, 0, 0, 0)\" class=\"has-inline-color has-black-color\"><\/mark><\/figcaption><\/figure><\/div>\n\n\n<h2 class=\"wp-block-heading has-text-align-center\"><strong><mark style=\"background-color:rgba(0, 0, 0, 0)\" class=\"has-inline-color has-vivid-cyan-blue-color\"><strong>Funda\u00e7\u00e3o Pioneira da Maritimidade no Brasil<\/strong><\/mark><\/strong><\/h2>\n\n\n\n<h2 class=\"wp-block-heading has-text-align-center\"><strong><mark style=\"background-color:rgba(0, 0, 0, 0)\" class=\"has-inline-color has-vivid-cyan-blue-color\"><strong>Funda\u00e7\u00e3o de Estudos do Mar<\/strong><\/mark><\/strong><\/h2>\n\n\n\n<p><\/p>\n\n\n\n<figure class=\"wp-block-pullquote\"><blockquote><p><strong><em><mark style=\"background-color:rgba(0, 0, 0, 0)\" class=\"has-inline-color has-black-color\">N\u00e3o perca! Acompanhe mais atividades em nossas redes sociais:<\/mark><\/em><\/strong><br><a href=\"https:\/\/linktr.ee\/fundacaofemar\"><strong><mark style=\"background-color:rgba(0, 0, 0, 0)\" class=\"has-inline-color has-vivid-cyan-blue-color\">https:\/\/linktr.ee\/fundacaofemar<\/mark><\/strong><\/a><\/p><\/blockquote><\/figure>\n\n\n\n<p><\/p>\n<\/div>","protected":false},"excerpt":{"rendered":"<p>O Dia das Crian\u00e7as, comemorado em 12 de outubro, \u00e9 uma data especial que tem como objetivo valorizar e entender essa fase da vida, al\u00e9m de alertar sobre problemas enfrentados por crian\u00e7as de todo o mundo como a explora\u00e7\u00e3o e abuso o infantil. <\/p>\n","protected":false},"author":9,"featured_media":0,"comment_status":"closed","ping_status":"closed","sticky":false,"template":"","format":"standard","meta":{"footnotes":""},"categories":[29,18,2],"tags":[],"class_list":["post-64463","post","type-post","status-publish","format-standard","hentry","category-ensino","category-eventos","category-news"],"rise-blocks_total_comments":0,"rise-blocks_categories":[{"term_id":29,"name":"Ensino","slug":"ensino","term_group":0,"term_taxonomy_id":29,"taxonomy":"category","description":"","parent":2,"count":143,"filter":"raw","cat_ID":29,"category_count":143,"category_description":"","cat_name":"Ensino","category_nicename":"ensino","category_parent":2},{"term_id":18,"name":"Eventos","slug":"eventos","term_group":0,"term_taxonomy_id":18,"taxonomy":"category","description":"","parent":2,"count":239,"filter":"raw","cat_ID":18,"category_count":239,"category_description":"","cat_name":"Eventos","category_nicename":"eventos","category_parent":2},{"term_id":2,"name":"News","slug":"news","term_group":0,"term_taxonomy_id":2,"taxonomy":"category","description":"","parent":0,"count":365,"filter":"raw","cat_ID":2,"category_count":365,"category_description":"","cat_name":"News","category_nicename":"news","category_parent":0}],"rise-blocks_excerpt":"O Dia das Crian\u00e7as, comemorado em 12 de outubro, \u00e9 uma data especial que tem como objetivo valorizar e entender essa fase da vida, al\u00e9m de alertar sobre problemas enfrentados por crian\u00e7as de todo o mundo como a explora\u00e7\u00e3o e abuso o infantil. ","_links":{"self":[{"href":"https:\/\/fundacaofemar.org.br\/portalwordpress\/wp-json\/wp\/v2\/posts\/64463","targetHints":{"allow":["GET"]}}],"collection":[{"href":"https:\/\/fundacaofemar.org.br\/portalwordpress\/wp-json\/wp\/v2\/posts"}],"about":[{"href":"https:\/\/fundacaofemar.org.br\/portalwordpress\/wp-json\/wp\/v2\/types\/post"}],"author":[{"embeddable":true,"href":"https:\/\/fundacaofemar.org.br\/portalwordpress\/wp-json\/wp\/v2\/users\/9"}],"replies":[{"embeddable":true,"href":"https:\/\/fundacaofemar.org.br\/portalwordpress\/wp-json\/wp\/v2\/comments?post=64463"}],"version-history":[{"count":0,"href":"https:\/\/fundacaofemar.org.br\/portalwordpress\/wp-json\/wp\/v2\/posts\/64463\/revisions"}],"wp:attachment":[{"href":"https:\/\/fundacaofemar.org.br\/portalwordpress\/wp-json\/wp\/v2\/media?parent=64463"}],"wp:term":[{"taxonomy":"category","embeddable":true,"href":"https:\/\/fundacaofemar.org.br\/portalwordpress\/wp-json\/wp\/v2\/categories?post=64463"},{"taxonomy":"post_tag","embeddable":true,"href":"https:\/\/fundacaofemar.org.br\/portalwordpress\/wp-json\/wp\/v2\/tags?post=64463"}],"curies":[{"name":"wp","href":"https:\/\/api.w.org\/{rel}","templated":true}]}}