{"id":64731,"date":"2024-11-01T12:08:55","date_gmt":"2024-11-01T15:08:55","guid":{"rendered":"https:\/\/fundacaofemar.org.br\/portalwordpress\/?p=64731"},"modified":"2025-11-26T08:15:05","modified_gmt":"2025-11-26T11:15:05","slug":"femar-e-ccsm-divulgam-o-mar-de-escolhas","status":"publish","type":"post","link":"https:\/\/fundacaofemar.org.br\/portalwordpress\/2024\/11\/01\/femar-e-ccsm-divulgam-o-mar-de-escolhas\/","title":{"rendered":"FEMAR E CCSM DIVULGAM O \u201cMAR DE ESCOLHAS\u201d\u00a0"},"content":{"rendered":"<div class=\"post-content\">\n<p><strong>Publicado em 01 de Novembro de 2024<\/strong><\/p>\n\n\n\n<p>Com o intuito de incentivar o interesse e o potencial de jovens talentos na \u00e1rea mar\u00edtima, a Funda\u00e7\u00e3o de Estudos do Mar (FEMAR) organizou a atividade de conscientiza\u00e7\u00e3o &#8220;Mar de Escolhas&#8221; em mais uma Institui\u00e7\u00e3o de Ensino do Rio de Janeiro, em parceria com o Centro de Comunica\u00e7\u00e3o Social da Marinha (CCSM), contando com uma apresenta\u00e7\u00e3o do Contra-Almirante\u202fAlexandre Taumaturgo Pavoni, Diretor do CCSM, ocasi\u00e3o em que abordou a import\u00e2ncia da Marinha e seus militares e as diversas formas de ingresso na For\u00e7a Naval.&nbsp;<\/p>\n\n\n\n<p>No dia 31 de outubro, a Escola Municipal Professora Zuleica Nunes de Alencar &#8211; localizada na Barra da Tijuca, bairro da ZonaOeste do munic\u00edpio do Rio &#8211; foi contemplada com um PROATICONS especial. Cerca de 250 alunos matriculados no 8\u00ba e 9\u00ba ano do Ensino Fundamental II participaram de atividades e puderam assistir palestras ressaltando a import\u00e2ncia das profiss\u00f5es ligadas ao mar, tanto para a Sociedade quanto para a economia do Pa\u00eds.&nbsp;<\/p>\n\n\n<div class=\"wp-block-image\">\n<figure class=\"aligncenter size-large is-resized\"><img fetchpriority=\"high\" decoding=\"async\" width=\"1024\" height=\"723\" src=\"https:\/\/fundacaofemar.org.br\/portalwordpress\/wp-content\/uploads\/2024\/11\/01-6-1024x723.jpg\" alt=\"\" class=\"wp-image-64732\" style=\"width:555px;height:auto\" srcset=\"https:\/\/fundacaofemar.org.br\/portalwordpress\/wp-content\/uploads\/2024\/11\/01-6-1024x723.jpg 1024w, https:\/\/fundacaofemar.org.br\/portalwordpress\/wp-content\/uploads\/2024\/11\/01-6-300x212.jpg 300w, https:\/\/fundacaofemar.org.br\/portalwordpress\/wp-content\/uploads\/2024\/11\/01-6-768x542.jpg 768w, https:\/\/fundacaofemar.org.br\/portalwordpress\/wp-content\/uploads\/2024\/11\/01-6-1536x1085.jpg 1536w, https:\/\/fundacaofemar.org.br\/portalwordpress\/wp-content\/uploads\/2024\/11\/01-6-2048x1447.jpg 2048w\" sizes=\"(max-width: 1024px) 100vw, 1024px\" \/><figcaption class=\"wp-element-caption\"><strong><mark style=\"background-color:rgba(0, 0, 0, 0)\" class=\"has-inline-color has-black-color\">Diretor do CCSM faz um quiz com os estudantes das turmas!&nbsp;<\/mark><\/strong><\/figcaption><\/figure><\/div>\n\n<div class=\"wp-block-image is-style-default\">\n<figure class=\"aligncenter size-large is-resized\"><img decoding=\"async\" width=\"1024\" height=\"646\" src=\"https:\/\/fundacaofemar.org.br\/portalwordpress\/wp-content\/uploads\/2024\/11\/02-4-1024x646.jpg\" alt=\"\" class=\"wp-image-64733\" style=\"width:572px;height:auto\" srcset=\"https:\/\/fundacaofemar.org.br\/portalwordpress\/wp-content\/uploads\/2024\/11\/02-4-1024x646.jpg 1024w, https:\/\/fundacaofemar.org.br\/portalwordpress\/wp-content\/uploads\/2024\/11\/02-4-300x189.jpg 300w, https:\/\/fundacaofemar.org.br\/portalwordpress\/wp-content\/uploads\/2024\/11\/02-4-768x484.jpg 768w, https:\/\/fundacaofemar.org.br\/portalwordpress\/wp-content\/uploads\/2024\/11\/02-4-1536x968.jpg 1536w, https:\/\/fundacaofemar.org.br\/portalwordpress\/wp-content\/uploads\/2024\/11\/02-4-2048x1291.jpg 2048w\" sizes=\"(max-width: 1024px) 100vw, 1024px\" \/><\/figure><\/div>\n\n\n<p>O Instrutor da FEMAR, Capit\u00e3o de Longo Curso (CLC) Luiz Alberto Cristiano, ressaltou as carreiras da Marinha Mercante e as colaboradoras da Funda\u00e7\u00e3o, a Gerente de Ensino, Priscilla Wandermurem e a Assistente de Ensino, Camila\u202fNogueira, apresentaram os cursos que a FEMAR oferece para a Sociedade.<\/p>\n\n\n<div class=\"wp-block-image is-style-default\">\n<figure class=\"aligncenter size-large is-resized\"><img decoding=\"async\" width=\"1024\" height=\"768\" src=\"https:\/\/fundacaofemar.org.br\/portalwordpress\/wp-content\/uploads\/2024\/11\/03-4-1024x768.jpg\" alt=\"\" class=\"wp-image-64734\" style=\"width:572px;height:auto\" srcset=\"https:\/\/fundacaofemar.org.br\/portalwordpress\/wp-content\/uploads\/2024\/11\/03-4-1024x768.jpg 1024w, https:\/\/fundacaofemar.org.br\/portalwordpress\/wp-content\/uploads\/2024\/11\/03-4-300x225.jpg 300w, https:\/\/fundacaofemar.org.br\/portalwordpress\/wp-content\/uploads\/2024\/11\/03-4-768x576.jpg 768w, https:\/\/fundacaofemar.org.br\/portalwordpress\/wp-content\/uploads\/2024\/11\/03-4-1536x1152.jpg 1536w, https:\/\/fundacaofemar.org.br\/portalwordpress\/wp-content\/uploads\/2024\/11\/03-4.jpg 1600w\" sizes=\"(max-width: 1024px) 100vw, 1024px\" \/><\/figure><\/div>\n\n\n<p>Os oceanos e mares t\u00eam um papel crucial na manuten\u00e7\u00e3o do equil\u00edbrio e bem-estar do Planeta. Tornar essa realidade diferente \u00e9 uma necessidade urgente! \u00c9 nosso dever divulgar o conhecimento sobre as diversas oportunidades de futuro para os jovens brasileiros e incentivar a constru\u00e7\u00e3o da mentalidade mar\u00edtima para um futuro repleto de possibilidades. Educa\u00e7\u00e3o transforma vidas!<\/p>\n\n\n\n<h2 class=\"wp-block-heading has-text-align-center\"><strong><mark style=\"background-color:rgba(0, 0, 0, 0)\" class=\"has-inline-color has-vivid-cyan-blue-color\"><strong>Funda\u00e7\u00e3o Pioneira da Maritimidade no Brasil<\/strong><\/mark><\/strong><\/h2>\n\n\n\n<h2 class=\"wp-block-heading has-text-align-center\"><strong><mark style=\"background-color:rgba(0, 0, 0, 0)\" class=\"has-inline-color has-vivid-cyan-blue-color\"><strong>Funda\u00e7\u00e3o de Estudos do Mar<\/strong><\/mark><\/strong><\/h2>\n\n\n\n<p><\/p>\n\n\n\n<figure class=\"wp-block-pullquote\"><blockquote><p><strong><em><mark style=\"background-color:rgba(0, 0, 0, 0)\" class=\"has-inline-color has-black-color\">N\u00e3o perca! Acompanhe mais atividades em nossas redes sociais:<\/mark><\/em><\/strong><br><a href=\"https:\/\/linktr.ee\/fundacaofemar\"><strong><mark style=\"background-color:rgba(0, 0, 0, 0)\" class=\"has-inline-color has-vivid-cyan-blue-color\">https:\/\/linktr.ee\/fundacaofemar<\/mark><\/strong><\/a><\/p><\/blockquote><\/figure>\n\n\n\n<p><\/p>\n<\/div>","protected":false},"excerpt":{"rendered":"<p>Com o intuito de incentivar o interesse e o potencial de jovens talentos na \u00e1rea mar\u00edtima, a Funda\u00e7\u00e3o de Estudos do Mar (FEMAR) organizou a atividade de conscientiza\u00e7\u00e3o &#8220;Mar de Escolhas&#8221; em mais uma Institui\u00e7\u00e3o de Ensino do Rio de Janeiro, em parceria com o Centro de Comunica\u00e7\u00e3o Social da Marinha (CCSM), contando com uma apresenta\u00e7\u00e3o do Contra-Almirante\u202fAlexandre Taumaturgo Pavoni, Diretor do CCSM, ocasi\u00e3o em que abordou a import\u00e2ncia da Marinha e seus militares e as diversas formas de ingresso na For\u00e7a Naval.\u00a0<\/p>\n","protected":false},"author":9,"featured_media":0,"comment_status":"closed","ping_status":"closed","sticky":false,"template":"","format":"standard","meta":{"footnotes":""},"categories":[29,18,2],"tags":[],"class_list":["post-64731","post","type-post","status-publish","format-standard","hentry","category-ensino","category-eventos","category-news"],"rise-blocks_total_comments":0,"rise-blocks_categories":[{"term_id":29,"name":"Ensino","slug":"ensino","term_group":0,"term_taxonomy_id":29,"taxonomy":"category","description":"","parent":2,"count":143,"filter":"raw","cat_ID":29,"category_count":143,"category_description":"","cat_name":"Ensino","category_nicename":"ensino","category_parent":2},{"term_id":18,"name":"Eventos","slug":"eventos","term_group":0,"term_taxonomy_id":18,"taxonomy":"category","description":"","parent":2,"count":239,"filter":"raw","cat_ID":18,"category_count":239,"category_description":"","cat_name":"Eventos","category_nicename":"eventos","category_parent":2},{"term_id":2,"name":"News","slug":"news","term_group":0,"term_taxonomy_id":2,"taxonomy":"category","description":"","parent":0,"count":365,"filter":"raw","cat_ID":2,"category_count":365,"category_description":"","cat_name":"News","category_nicename":"news","category_parent":0}],"rise-blocks_excerpt":"Com o intuito de incentivar o interesse e o potencial de jovens talentos na \u00e1rea mar\u00edtima, a Funda\u00e7\u00e3o de Estudos do Mar (FEMAR) organizou a atividade de conscientiza\u00e7\u00e3o \"Mar de Escolhas\" em mais uma Institui\u00e7\u00e3o de Ensino do Rio de Janeiro, em parceria com o Centro de Comunica\u00e7\u00e3o Social da Marinha (CCSM), contando com uma apresenta\u00e7\u00e3o do Contra-Almirante\u202fAlexandre Taumaturgo Pavoni, Diretor do CCSM, ocasi\u00e3o em que abordou a import\u00e2ncia da Marinha e seus militares e as diversas formas de ingresso na For\u00e7a Naval.\u00a0","_links":{"self":[{"href":"https:\/\/fundacaofemar.org.br\/portalwordpress\/wp-json\/wp\/v2\/posts\/64731","targetHints":{"allow":["GET"]}}],"collection":[{"href":"https:\/\/fundacaofemar.org.br\/portalwordpress\/wp-json\/wp\/v2\/posts"}],"about":[{"href":"https:\/\/fundacaofemar.org.br\/portalwordpress\/wp-json\/wp\/v2\/types\/post"}],"author":[{"embeddable":true,"href":"https:\/\/fundacaofemar.org.br\/portalwordpress\/wp-json\/wp\/v2\/users\/9"}],"replies":[{"embeddable":true,"href":"https:\/\/fundacaofemar.org.br\/portalwordpress\/wp-json\/wp\/v2\/comments?post=64731"}],"version-history":[{"count":0,"href":"https:\/\/fundacaofemar.org.br\/portalwordpress\/wp-json\/wp\/v2\/posts\/64731\/revisions"}],"wp:attachment":[{"href":"https:\/\/fundacaofemar.org.br\/portalwordpress\/wp-json\/wp\/v2\/media?parent=64731"}],"wp:term":[{"taxonomy":"category","embeddable":true,"href":"https:\/\/fundacaofemar.org.br\/portalwordpress\/wp-json\/wp\/v2\/categories?post=64731"},{"taxonomy":"post_tag","embeddable":true,"href":"https:\/\/fundacaofemar.org.br\/portalwordpress\/wp-json\/wp\/v2\/tags?post=64731"}],"curies":[{"name":"wp","href":"https:\/\/api.w.org\/{rel}","templated":true}]}}