{"id":64825,"date":"2024-11-07T16:14:16","date_gmt":"2024-11-07T19:14:16","guid":{"rendered":"https:\/\/fundacaofemar.org.br\/portalwordpress\/?p=64825"},"modified":"2025-11-26T08:16:21","modified_gmt":"2025-11-26T11:16:21","slug":"femar-apresenta-o-ultimo-mar-de-escolhas-do-ano","status":"publish","type":"post","link":"https:\/\/fundacaofemar.org.br\/portalwordpress\/2024\/11\/07\/femar-apresenta-o-ultimo-mar-de-escolhas-do-ano\/","title":{"rendered":"FEMAR APRESENTA O \u00daLTIMO \u201cMAR DE ESCOLHAS\u201d DO ANO!\u00a0\u00a0"},"content":{"rendered":"<div class=\"post-content\">\n<p><strong>Publicado em 07 de Novembro de 2024<\/strong><\/p>\n\n\n\n<p>A Funda\u00e7\u00e3o de Estudos do Mar (FEMAR) organizou a atividade de conscientiza\u00e7\u00e3o, no dia 06 de novembro, em mais uma escola p\u00fablica do Rio de Janeiro.&nbsp;<\/p>\n\n\n\n<p>Com o intuito de incentivar o interesse e o potencial de jovens talentos na \u00e1rea mar\u00edtima, cerca de 120 alunos do 9\u00ba ano do Gin\u00e1sio Educacional Ol\u00edmpico Juan Antonio Samaranch, localizado no Rio Comprido, bairro da Zona Central do Rio, foram contemplados com o Projeto \u201cMar de Escolhas\u201d.&nbsp;<\/p>\n\n\n<div class=\"wp-block-image\">\n<figure class=\"aligncenter size-large is-resized\"><img fetchpriority=\"high\" decoding=\"async\" width=\"1024\" height=\"577\" src=\"https:\/\/fundacaofemar.org.br\/portalwordpress\/wp-content\/uploads\/2024\/11\/1-1024x577.jpg\" alt=\"\" class=\"wp-image-64826\" style=\"width:555px;height:auto\" srcset=\"https:\/\/fundacaofemar.org.br\/portalwordpress\/wp-content\/uploads\/2024\/11\/1-1024x577.jpg 1024w, https:\/\/fundacaofemar.org.br\/portalwordpress\/wp-content\/uploads\/2024\/11\/1-300x169.jpg 300w, https:\/\/fundacaofemar.org.br\/portalwordpress\/wp-content\/uploads\/2024\/11\/1-768x432.jpg 768w, https:\/\/fundacaofemar.org.br\/portalwordpress\/wp-content\/uploads\/2024\/11\/1-1536x865.jpg 1536w, https:\/\/fundacaofemar.org.br\/portalwordpress\/wp-content\/uploads\/2024\/11\/1-2048x1153.jpg 2048w\" sizes=\"(max-width: 1024px) 100vw, 1024px\" \/><\/figure><\/div>\n\n\n<p>O Instrutor da FEMAR, Capit\u00e3o de Longo Curso (CLC) Luiz Alberto Cristiano, ressaltou as carreiras da Marinha Mercante e da Marinha do Brasil e a Assistente de Ensino, Camila\u202fNogueira, apresentou os cursos que a FEMAR oferece para a Sociedade.\u202f&nbsp;<br>&nbsp;<\/p>\n\n\n<div class=\"wp-block-image is-style-default\">\n<figure class=\"aligncenter size-large is-resized\"><img decoding=\"async\" width=\"718\" height=\"1024\" src=\"https:\/\/fundacaofemar.org.br\/portalwordpress\/wp-content\/uploads\/2024\/11\/2-718x1024.jpg\" alt=\"\" class=\"wp-image-64827\" style=\"width:345px;height:auto\" srcset=\"https:\/\/fundacaofemar.org.br\/portalwordpress\/wp-content\/uploads\/2024\/11\/2-718x1024.jpg 718w, https:\/\/fundacaofemar.org.br\/portalwordpress\/wp-content\/uploads\/2024\/11\/2-210x300.jpg 210w, https:\/\/fundacaofemar.org.br\/portalwordpress\/wp-content\/uploads\/2024\/11\/2-768x1096.jpg 768w, https:\/\/fundacaofemar.org.br\/portalwordpress\/wp-content\/uploads\/2024\/11\/2.jpg 900w\" sizes=\"(max-width: 718px) 100vw, 718px\" \/><\/figure><\/div>\n\n\n<p>Os oceanos e mares t\u00eam um papel crucial na manuten\u00e7\u00e3o do equil\u00edbrio e bem-estar do Planeta. O Projeto \u201cMar de Escolhas\u201d visa desenvolver a dissemina\u00e7\u00e3o da mentalidade mar\u00edtima por meio da divulga\u00e7\u00e3o das profiss\u00f5es ligadas ao mar, para os jovens da rede p\u00fablica de ensino.&nbsp;&nbsp;<\/p>\n\n\n<div class=\"wp-block-image is-style-default\">\n<figure class=\"aligncenter size-large is-resized\"><img decoding=\"async\" width=\"1024\" height=\"520\" src=\"https:\/\/fundacaofemar.org.br\/portalwordpress\/wp-content\/uploads\/2024\/11\/3-1024x520.jpg\" alt=\"\" class=\"wp-image-64828\" style=\"width:572px;height:auto\" srcset=\"https:\/\/fundacaofemar.org.br\/portalwordpress\/wp-content\/uploads\/2024\/11\/3-1024x520.jpg 1024w, https:\/\/fundacaofemar.org.br\/portalwordpress\/wp-content\/uploads\/2024\/11\/3-300x152.jpg 300w, https:\/\/fundacaofemar.org.br\/portalwordpress\/wp-content\/uploads\/2024\/11\/3-768x390.jpg 768w, https:\/\/fundacaofemar.org.br\/portalwordpress\/wp-content\/uploads\/2024\/11\/3-1536x780.jpg 1536w, https:\/\/fundacaofemar.org.br\/portalwordpress\/wp-content\/uploads\/2024\/11\/3.jpg 1600w\" sizes=\"(max-width: 1024px) 100vw, 1024px\" \/><\/figure><\/div>\n\n\n<h2 class=\"wp-block-heading has-text-align-center\"><strong><mark style=\"background-color:rgba(0, 0, 0, 0)\" class=\"has-inline-color has-vivid-cyan-blue-color\"><strong>Funda\u00e7\u00e3o Pioneira da Maritimidade no Brasil<\/strong><\/mark><\/strong><\/h2>\n\n\n\n<h2 class=\"wp-block-heading has-text-align-center\"><strong><mark style=\"background-color:rgba(0, 0, 0, 0)\" class=\"has-inline-color has-vivid-cyan-blue-color\"><strong>Funda\u00e7\u00e3o de Estudos do Mar<\/strong><\/mark><\/strong><\/h2>\n\n\n\n<p><\/p>\n\n\n\n<figure class=\"wp-block-pullquote\"><blockquote><p><strong><em><mark style=\"background-color:rgba(0, 0, 0, 0)\" class=\"has-inline-color has-black-color\">N\u00e3o perca! Acompanhe mais atividades em nossas redes sociais:<\/mark><\/em><\/strong><br><a href=\"https:\/\/linktr.ee\/fundacaofemar\"><strong><mark style=\"background-color:rgba(0, 0, 0, 0)\" class=\"has-inline-color has-vivid-cyan-blue-color\">https:\/\/linktr.ee\/fundacaofemar<\/mark><\/strong><\/a><\/p><\/blockquote><\/figure>\n\n\n\n<p><\/p>\n<\/div>","protected":false},"excerpt":{"rendered":"<p>A Funda\u00e7\u00e3o de Estudos do Mar (FEMAR) organizou a atividade de conscientiza\u00e7\u00e3o, no dia 06 de novembro, em mais uma escola p\u00fablica do Rio de Janeiro. <\/p>\n","protected":false},"author":9,"featured_media":0,"comment_status":"closed","ping_status":"closed","sticky":false,"template":"","format":"standard","meta":{"footnotes":""},"categories":[29,18,20,2],"tags":[],"class_list":["post-64825","post","type-post","status-publish","format-standard","hentry","category-ensino","category-eventos","category-institucional","category-news"],"rise-blocks_total_comments":0,"rise-blocks_categories":[{"term_id":29,"name":"Ensino","slug":"ensino","term_group":0,"term_taxonomy_id":29,"taxonomy":"category","description":"","parent":2,"count":143,"filter":"raw","cat_ID":29,"category_count":143,"category_description":"","cat_name":"Ensino","category_nicename":"ensino","category_parent":2},{"term_id":18,"name":"Eventos","slug":"eventos","term_group":0,"term_taxonomy_id":18,"taxonomy":"category","description":"","parent":2,"count":239,"filter":"raw","cat_ID":18,"category_count":239,"category_description":"","cat_name":"Eventos","category_nicename":"eventos","category_parent":2},{"term_id":20,"name":"Institucional","slug":"institucional","term_group":0,"term_taxonomy_id":20,"taxonomy":"category","description":"","parent":2,"count":51,"filter":"raw","cat_ID":20,"category_count":51,"category_description":"","cat_name":"Institucional","category_nicename":"institucional","category_parent":2},{"term_id":2,"name":"News","slug":"news","term_group":0,"term_taxonomy_id":2,"taxonomy":"category","description":"","parent":0,"count":365,"filter":"raw","cat_ID":2,"category_count":365,"category_description":"","cat_name":"News","category_nicename":"news","category_parent":0}],"rise-blocks_excerpt":"A Funda\u00e7\u00e3o de Estudos do Mar (FEMAR) organizou a atividade de conscientiza\u00e7\u00e3o, no dia 06 de novembro, em mais uma escola p\u00fablica do Rio de Janeiro. ","_links":{"self":[{"href":"https:\/\/fundacaofemar.org.br\/portalwordpress\/wp-json\/wp\/v2\/posts\/64825","targetHints":{"allow":["GET"]}}],"collection":[{"href":"https:\/\/fundacaofemar.org.br\/portalwordpress\/wp-json\/wp\/v2\/posts"}],"about":[{"href":"https:\/\/fundacaofemar.org.br\/portalwordpress\/wp-json\/wp\/v2\/types\/post"}],"author":[{"embeddable":true,"href":"https:\/\/fundacaofemar.org.br\/portalwordpress\/wp-json\/wp\/v2\/users\/9"}],"replies":[{"embeddable":true,"href":"https:\/\/fundacaofemar.org.br\/portalwordpress\/wp-json\/wp\/v2\/comments?post=64825"}],"version-history":[{"count":0,"href":"https:\/\/fundacaofemar.org.br\/portalwordpress\/wp-json\/wp\/v2\/posts\/64825\/revisions"}],"wp:attachment":[{"href":"https:\/\/fundacaofemar.org.br\/portalwordpress\/wp-json\/wp\/v2\/media?parent=64825"}],"wp:term":[{"taxonomy":"category","embeddable":true,"href":"https:\/\/fundacaofemar.org.br\/portalwordpress\/wp-json\/wp\/v2\/categories?post=64825"},{"taxonomy":"post_tag","embeddable":true,"href":"https:\/\/fundacaofemar.org.br\/portalwordpress\/wp-json\/wp\/v2\/tags?post=64825"}],"curies":[{"name":"wp","href":"https:\/\/api.w.org\/{rel}","templated":true}]}}