{"id":65243,"date":"2024-12-03T14:48:47","date_gmt":"2024-12-03T17:48:47","guid":{"rendered":"https:\/\/fundacaofemar.org.br\/portalwordpress\/?p=65243"},"modified":"2025-11-26T08:10:43","modified_gmt":"2025-11-26T11:10:43","slug":"mais-um-treinamento-ecdis-para-a-elcano","status":"publish","type":"post","link":"https:\/\/fundacaofemar.org.br\/portalwordpress\/2024\/12\/03\/mais-um-treinamento-ecdis-para-a-elcano\/","title":{"rendered":"MAIS UM TREINAMENTO ECDIS PARA A ELCANO"},"content":{"rendered":"<div class=\"post-content\">\n<p><strong>Publicado em 03 de Dezembro de 2024<\/strong><\/p>\n\n\n\n<p>A Funda\u00e7\u00e3o de Estudos do Mar (FEMAR), por meio de sua Escola T\u00e9cnica de Estudos do Mar, ministrou em outubro e novembro, o Curso Treinamento para Operador ECDIS, para Oficiais de N\u00e1utica da Empresa de Navega\u00e7\u00e3o ELCANO.<\/p>\n\n\n<div class=\"wp-block-image is-style-default\">\n<figure class=\"aligncenter size-full is-resized\"><img fetchpriority=\"high\" decoding=\"async\" width=\"2560\" height=\"1920\" src=\"https:\/\/fundacaofemar.org.br\/portalwordpress\/wp-content\/uploads\/2024\/12\/20241129_123322-scaled.jpg\" alt=\"\" class=\"wp-image-65244\" style=\"width:665px;height:auto\" srcset=\"https:\/\/fundacaofemar.org.br\/portalwordpress\/wp-content\/uploads\/2024\/12\/20241129_123322-scaled.jpg 2560w, https:\/\/fundacaofemar.org.br\/portalwordpress\/wp-content\/uploads\/2024\/12\/20241129_123322-300x225.jpg 300w, https:\/\/fundacaofemar.org.br\/portalwordpress\/wp-content\/uploads\/2024\/12\/20241129_123322-1024x768.jpg 1024w, https:\/\/fundacaofemar.org.br\/portalwordpress\/wp-content\/uploads\/2024\/12\/20241129_123322-768x576.jpg 768w, https:\/\/fundacaofemar.org.br\/portalwordpress\/wp-content\/uploads\/2024\/12\/20241129_123322-1536x1152.jpg 1536w, https:\/\/fundacaofemar.org.br\/portalwordpress\/wp-content\/uploads\/2024\/12\/20241129_123322-2048x1536.jpg 2048w\" sizes=\"(max-width: 2560px) 100vw, 2560px\" \/><\/figure><\/div>\n\n\n<p>O curso tem por objetivo proporcionar ao aluno conhecimento, habilidade e compreens\u00e3o do ECDIS (<em>Electronic Chart Display and Information Systems<\/em>) e das Cartas Eletr\u00f4nicas para a execu\u00e7\u00e3o completa e necess\u00e1ria da navega\u00e7\u00e3o segura de navios que utilizam como meios prim\u00e1rios o ECDIS.<\/p>\n\n\n\n<p>Por ocasi\u00e3o da entrega de certificados, esteve presente em nosso Simulador de N\u00e1utica da Transas, o Comandante Cesar Castro, Diretor de Recursos Humanos da ELCANO.<\/p>\n\n\n\n<h2 class=\"wp-block-heading has-text-align-center\"><strong><mark style=\"background-color:rgba(0, 0, 0, 0)\" class=\"has-inline-color has-vivid-cyan-blue-color\"><strong>Funda\u00e7\u00e3o Pioneira da Maritimidade no Brasil<\/strong><\/mark><\/strong><\/h2>\n\n\n\n<h2 class=\"wp-block-heading has-text-align-center\"><strong><mark style=\"background-color:rgba(0, 0, 0, 0)\" class=\"has-inline-color has-vivid-cyan-blue-color\"><strong>Funda\u00e7\u00e3o de Estudos do Mar<\/strong><\/mark><\/strong><\/h2>\n\n\n\n<p><\/p>\n\n\n\n<figure class=\"wp-block-pullquote\"><blockquote><p><strong><em><mark style=\"background-color:rgba(0, 0, 0, 0)\" class=\"has-inline-color has-black-color\">N\u00e3o perca! Acompanhe mais atividades em nossas redes sociais:<\/mark><\/em><\/strong><br><a href=\"https:\/\/linktr.ee\/fundacaofemar\"><strong><mark style=\"background-color:rgba(0, 0, 0, 0)\" class=\"has-inline-color has-vivid-cyan-blue-color\">https:\/\/linktr.ee\/fundacaofemar<\/mark><\/strong><\/a><\/p><\/blockquote><\/figure>\n\n\n\n<p><\/p>\n<\/div>","protected":false},"excerpt":{"rendered":"<p>A Funda\u00e7\u00e3o de Estudos do Mar (FEMAR), por meio de sua Escola T\u00e9cnica de Estudos do Mar, ministrou em outubro e novembro, o Curso Treinamento para Operador ECDIS, para Oficiais de N\u00e1utica da Empresa de Navega\u00e7\u00e3o ELCANO.<\/p>\n","protected":false},"author":9,"featured_media":0,"comment_status":"closed","ping_status":"closed","sticky":false,"template":"","format":"standard","meta":{"footnotes":""},"categories":[29,20,2],"tags":[],"class_list":["post-65243","post","type-post","status-publish","format-standard","hentry","category-ensino","category-institucional","category-news"],"rise-blocks_total_comments":0,"rise-blocks_categories":[{"term_id":29,"name":"Ensino","slug":"ensino","term_group":0,"term_taxonomy_id":29,"taxonomy":"category","description":"","parent":2,"count":143,"filter":"raw","cat_ID":29,"category_count":143,"category_description":"","cat_name":"Ensino","category_nicename":"ensino","category_parent":2},{"term_id":20,"name":"Institucional","slug":"institucional","term_group":0,"term_taxonomy_id":20,"taxonomy":"category","description":"","parent":2,"count":51,"filter":"raw","cat_ID":20,"category_count":51,"category_description":"","cat_name":"Institucional","category_nicename":"institucional","category_parent":2},{"term_id":2,"name":"News","slug":"news","term_group":0,"term_taxonomy_id":2,"taxonomy":"category","description":"","parent":0,"count":365,"filter":"raw","cat_ID":2,"category_count":365,"category_description":"","cat_name":"News","category_nicename":"news","category_parent":0}],"rise-blocks_excerpt":"A Funda\u00e7\u00e3o de Estudos do Mar (FEMAR), por meio de sua Escola T\u00e9cnica de Estudos do Mar, ministrou em outubro e novembro, o Curso Treinamento para Operador ECDIS, para Oficiais de N\u00e1utica da Empresa de Navega\u00e7\u00e3o ELCANO.","_links":{"self":[{"href":"https:\/\/fundacaofemar.org.br\/portalwordpress\/wp-json\/wp\/v2\/posts\/65243","targetHints":{"allow":["GET"]}}],"collection":[{"href":"https:\/\/fundacaofemar.org.br\/portalwordpress\/wp-json\/wp\/v2\/posts"}],"about":[{"href":"https:\/\/fundacaofemar.org.br\/portalwordpress\/wp-json\/wp\/v2\/types\/post"}],"author":[{"embeddable":true,"href":"https:\/\/fundacaofemar.org.br\/portalwordpress\/wp-json\/wp\/v2\/users\/9"}],"replies":[{"embeddable":true,"href":"https:\/\/fundacaofemar.org.br\/portalwordpress\/wp-json\/wp\/v2\/comments?post=65243"}],"version-history":[{"count":0,"href":"https:\/\/fundacaofemar.org.br\/portalwordpress\/wp-json\/wp\/v2\/posts\/65243\/revisions"}],"wp:attachment":[{"href":"https:\/\/fundacaofemar.org.br\/portalwordpress\/wp-json\/wp\/v2\/media?parent=65243"}],"wp:term":[{"taxonomy":"category","embeddable":true,"href":"https:\/\/fundacaofemar.org.br\/portalwordpress\/wp-json\/wp\/v2\/categories?post=65243"},{"taxonomy":"post_tag","embeddable":true,"href":"https:\/\/fundacaofemar.org.br\/portalwordpress\/wp-json\/wp\/v2\/tags?post=65243"}],"curies":[{"name":"wp","href":"https:\/\/api.w.org\/{rel}","templated":true}]}}