{"id":65361,"date":"2024-12-11T22:04:27","date_gmt":"2024-12-12T01:04:27","guid":{"rendered":"https:\/\/fundacaofemar.org.br\/portalwordpress\/?p=65361"},"modified":"2025-11-26T08:11:06","modified_gmt":"2025-11-26T11:11:06","slug":"alunos-da-etemar-visitam-o-porto-de-itaguai","status":"publish","type":"post","link":"https:\/\/fundacaofemar.org.br\/portalwordpress\/2024\/12\/11\/alunos-da-etemar-visitam-o-porto-de-itaguai\/","title":{"rendered":"ALUNOS DA ETEMAR VISITAM O PORTO DE ITAGUA\u00cd"},"content":{"rendered":"<div class=\"post-content\">\n<p><strong>Publicado em 11 de Dezembro de 2024<\/strong><\/p>\n\n\n\n<p>No dia 06 de dezembro, os alunos dos Cursos T\u00e9cnicos em Portos (CTP) e T\u00e9cnico em Transporte Aquavi\u00e1rio (CTTA), ministrados pela Escola T\u00e9cnica de Estudos do Mar (ETEMAR), fruto da parceria entre a Funda\u00e7\u00e3o de Estudos do Mar (FEMAR) e a Secretaria de Estado de Educa\u00e7\u00e3o do Rio de Janeiro (SEEDUC RJ), acompanhados da Diretora, Simone Nogueira, da Coordenadora Pedag\u00f3gica, \u00c9rica Nu\u00f1ez, e, do, Instrutor Capit\u00e3o de Longo Curso (CLC), Luiz Alberto Cristiano visitaram \u00e0s instala\u00e7\u00f5es do Sepetiba Tecon, um dos principais terminais de cont\u00eaineres do Pa\u00eds, localizado no Porto de Itagua\u00ed.<\/p>\n\n\n\n<figure class=\"wp-block-gallery has-nested-images columns-default is-cropped wp-block-gallery-1 is-layout-flex wp-block-gallery-is-layout-flex\">\n<figure class=\"wp-block-image size-large\"><img fetchpriority=\"high\" decoding=\"async\" width=\"1024\" height=\"768\" data-id=\"65363\" src=\"https:\/\/fundacaofemar.org.br\/portalwordpress\/wp-content\/uploads\/2024\/12\/01-1024x768.jpg\" alt=\"\" class=\"wp-image-65363\" srcset=\"https:\/\/fundacaofemar.org.br\/portalwordpress\/wp-content\/uploads\/2024\/12\/01-1024x768.jpg 1024w, https:\/\/fundacaofemar.org.br\/portalwordpress\/wp-content\/uploads\/2024\/12\/01-300x225.jpg 300w, https:\/\/fundacaofemar.org.br\/portalwordpress\/wp-content\/uploads\/2024\/12\/01-768x576.jpg 768w, https:\/\/fundacaofemar.org.br\/portalwordpress\/wp-content\/uploads\/2024\/12\/01-1536x1152.jpg 1536w, https:\/\/fundacaofemar.org.br\/portalwordpress\/wp-content\/uploads\/2024\/12\/01-2048x1536.jpg 2048w\" sizes=\"(max-width: 1024px) 100vw, 1024px\" \/><\/figure>\n\n\n\n<figure class=\"wp-block-image size-large\"><img decoding=\"async\" width=\"1024\" height=\"768\" data-id=\"65364\" src=\"https:\/\/fundacaofemar.org.br\/portalwordpress\/wp-content\/uploads\/2024\/12\/02-1024x768.jpg\" alt=\"\" class=\"wp-image-65364\" srcset=\"https:\/\/fundacaofemar.org.br\/portalwordpress\/wp-content\/uploads\/2024\/12\/02-1024x768.jpg 1024w, https:\/\/fundacaofemar.org.br\/portalwordpress\/wp-content\/uploads\/2024\/12\/02-300x225.jpg 300w, https:\/\/fundacaofemar.org.br\/portalwordpress\/wp-content\/uploads\/2024\/12\/02-768x576.jpg 768w, https:\/\/fundacaofemar.org.br\/portalwordpress\/wp-content\/uploads\/2024\/12\/02-1536x1152.jpg 1536w, https:\/\/fundacaofemar.org.br\/portalwordpress\/wp-content\/uploads\/2024\/12\/02-2048x1536.jpg 2048w\" sizes=\"(max-width: 1024px) 100vw, 1024px\" \/><\/figure>\n<\/figure>\n\n\n\n<p>Nas instala\u00e7\u00f5es do Sepetiba Tecon, os visitantes foram recepcionados pelo Superintendente do Porto, Sr. Marcos Cunha, e tiveram palestras sobre: \u201cApresenta\u00e7\u00e3o Institucional sobre o Porto de Itagua\u00ed\u201d, \u201cConhecendo o TECAR\u201d, \u201cPlanejamento de como \u00e9 feita a organiza\u00e7\u00e3o e coordena\u00e7\u00e3o das opera\u00e7\u00f5es\u201d, \u201cPrincipais documentos envolvidos nas opera\u00e7\u00f5es\u201d, \u201cPerdimento e Inspe\u00e7\u00e3o de Cargas\u201d e a \u201cSeguran\u00e7a do Trabalho\u201d.<\/p>\n\n\n\n<figure class=\"wp-block-gallery has-nested-images columns-default is-cropped wp-block-gallery-2 is-layout-flex wp-block-gallery-is-layout-flex\">\n<figure class=\"wp-block-image size-large\"><img decoding=\"async\" width=\"1024\" height=\"768\" data-id=\"65365\" src=\"https:\/\/fundacaofemar.org.br\/portalwordpress\/wp-content\/uploads\/2024\/12\/03-1024x768.jpg\" alt=\"\" class=\"wp-image-65365\" srcset=\"https:\/\/fundacaofemar.org.br\/portalwordpress\/wp-content\/uploads\/2024\/12\/03-1024x768.jpg 1024w, https:\/\/fundacaofemar.org.br\/portalwordpress\/wp-content\/uploads\/2024\/12\/03-300x225.jpg 300w, https:\/\/fundacaofemar.org.br\/portalwordpress\/wp-content\/uploads\/2024\/12\/03-768x576.jpg 768w, https:\/\/fundacaofemar.org.br\/portalwordpress\/wp-content\/uploads\/2024\/12\/03-1536x1152.jpg 1536w, https:\/\/fundacaofemar.org.br\/portalwordpress\/wp-content\/uploads\/2024\/12\/03-2048x1536.jpg 2048w\" sizes=\"(max-width: 1024px) 100vw, 1024px\" \/><\/figure>\n\n\n\n<figure class=\"wp-block-image size-large\"><img loading=\"lazy\" decoding=\"async\" width=\"1024\" height=\"768\" data-id=\"65366\" src=\"https:\/\/fundacaofemar.org.br\/portalwordpress\/wp-content\/uploads\/2024\/12\/04-1024x768.jpg\" alt=\"\" class=\"wp-image-65366\" srcset=\"https:\/\/fundacaofemar.org.br\/portalwordpress\/wp-content\/uploads\/2024\/12\/04-1024x768.jpg 1024w, https:\/\/fundacaofemar.org.br\/portalwordpress\/wp-content\/uploads\/2024\/12\/04-300x225.jpg 300w, https:\/\/fundacaofemar.org.br\/portalwordpress\/wp-content\/uploads\/2024\/12\/04-768x576.jpg 768w, https:\/\/fundacaofemar.org.br\/portalwordpress\/wp-content\/uploads\/2024\/12\/04-1536x1152.jpg 1536w, https:\/\/fundacaofemar.org.br\/portalwordpress\/wp-content\/uploads\/2024\/12\/04-2048x1536.jpg 2048w\" sizes=\"(max-width: 1024px) 100vw, 1024px\" \/><\/figure>\n<\/figure>\n\n\n\n<p>Ap\u00f3s as explana\u00e7\u00f5es, os alunos participaram de uma visita guiada nas instala\u00e7\u00f5es do terminal Sepetiba Tecon, que proporcionou aos estudantes vivenciar a pr\u00e1tica da teoria estudada em sala de aula.<\/p>\n\n\n\n<h2 class=\"wp-block-heading has-text-align-center\"><strong><mark style=\"background-color:rgba(0, 0, 0, 0)\" class=\"has-inline-color has-vivid-cyan-blue-color\"><strong>Funda\u00e7\u00e3o Pioneira da Maritimidade no Brasil<\/strong><\/mark><\/strong><\/h2>\n\n\n\n<h2 class=\"wp-block-heading has-text-align-center\"><strong><mark style=\"background-color:rgba(0, 0, 0, 0)\" class=\"has-inline-color has-vivid-cyan-blue-color\"><strong>Funda\u00e7\u00e3o de Estudos do Mar<\/strong><\/mark><\/strong><\/h2>\n\n\n\n<p><\/p>\n\n\n\n<figure class=\"wp-block-pullquote\"><blockquote><p><strong><em><mark style=\"background-color:rgba(0, 0, 0, 0)\" class=\"has-inline-color has-black-color\">N\u00e3o perca! Acompanhe mais atividades em nossas redes sociais:<\/mark><\/em><\/strong><br><a href=\"https:\/\/linktr.ee\/fundacaofemar\"><strong><mark style=\"background-color:rgba(0, 0, 0, 0)\" class=\"has-inline-color has-vivid-cyan-blue-color\">https:\/\/linktr.ee\/fundacaofemar<\/mark><\/strong><\/a><\/p><\/blockquote><\/figure>\n\n\n\n<p><\/p>\n<\/div>","protected":false},"excerpt":{"rendered":"<p>No dia 06 de dezembro, os alunos dos Cursos T\u00e9cnicos em Portos (CTP) e T\u00e9cnico em Transporte Aquavi\u00e1rio (CTTA), ministrados pela Escola T\u00e9cnica de Estudos do Mar (ETEMAR), fruto da parceria entre a Funda\u00e7\u00e3o de Estudos do Mar (FEMAR) e a Secretaria de Estado de Educa\u00e7\u00e3o do Rio de Janeiro (SEEDUC RJ), acompanhados da Diretora, Simone Nogueira, da Coordenadora Pedag\u00f3gica, \u00c9rica Nu\u00f1ez, e, do, Instrutor Capit\u00e3o de Longo Curso (CLC), Luiz Alberto Cristiano visitaram \u00e0s instala\u00e7\u00f5es do Sepetiba Tecon, um dos principais terminais de cont\u00eaineres do Pa\u00eds, localizado no Porto de Itagua\u00ed.<\/p>\n","protected":false},"author":9,"featured_media":0,"comment_status":"closed","ping_status":"closed","sticky":false,"template":"","format":"standard","meta":{"footnotes":""},"categories":[29,18,20,2],"tags":[],"class_list":["post-65361","post","type-post","status-publish","format-standard","hentry","category-ensino","category-eventos","category-institucional","category-news"],"rise-blocks_total_comments":0,"rise-blocks_categories":[{"term_id":29,"name":"Ensino","slug":"ensino","term_group":0,"term_taxonomy_id":29,"taxonomy":"category","description":"","parent":2,"count":143,"filter":"raw","cat_ID":29,"category_count":143,"category_description":"","cat_name":"Ensino","category_nicename":"ensino","category_parent":2},{"term_id":18,"name":"Eventos","slug":"eventos","term_group":0,"term_taxonomy_id":18,"taxonomy":"category","description":"","parent":2,"count":239,"filter":"raw","cat_ID":18,"category_count":239,"category_description":"","cat_name":"Eventos","category_nicename":"eventos","category_parent":2},{"term_id":20,"name":"Institucional","slug":"institucional","term_group":0,"term_taxonomy_id":20,"taxonomy":"category","description":"","parent":2,"count":51,"filter":"raw","cat_ID":20,"category_count":51,"category_description":"","cat_name":"Institucional","category_nicename":"institucional","category_parent":2},{"term_id":2,"name":"News","slug":"news","term_group":0,"term_taxonomy_id":2,"taxonomy":"category","description":"","parent":0,"count":365,"filter":"raw","cat_ID":2,"category_count":365,"category_description":"","cat_name":"News","category_nicename":"news","category_parent":0}],"rise-blocks_excerpt":"No dia 06 de dezembro, os alunos dos Cursos T\u00e9cnicos em Portos (CTP) e T\u00e9cnico em Transporte Aquavi\u00e1rio (CTTA), ministrados pela Escola T\u00e9cnica de Estudos do Mar (ETEMAR), fruto da parceria entre a Funda\u00e7\u00e3o de Estudos do Mar (FEMAR) e a Secretaria de Estado de Educa\u00e7\u00e3o do Rio de Janeiro (SEEDUC RJ), acompanhados da Diretora, Simone Nogueira, da Coordenadora Pedag\u00f3gica, \u00c9rica Nu\u00f1ez, e, do, Instrutor Capit\u00e3o de Longo Curso (CLC), Luiz Alberto Cristiano visitaram \u00e0s instala\u00e7\u00f5es do Sepetiba Tecon, um dos principais terminais de cont\u00eaineres do Pa\u00eds, localizado no Porto de Itagua\u00ed.","_links":{"self":[{"href":"https:\/\/fundacaofemar.org.br\/portalwordpress\/wp-json\/wp\/v2\/posts\/65361","targetHints":{"allow":["GET"]}}],"collection":[{"href":"https:\/\/fundacaofemar.org.br\/portalwordpress\/wp-json\/wp\/v2\/posts"}],"about":[{"href":"https:\/\/fundacaofemar.org.br\/portalwordpress\/wp-json\/wp\/v2\/types\/post"}],"author":[{"embeddable":true,"href":"https:\/\/fundacaofemar.org.br\/portalwordpress\/wp-json\/wp\/v2\/users\/9"}],"replies":[{"embeddable":true,"href":"https:\/\/fundacaofemar.org.br\/portalwordpress\/wp-json\/wp\/v2\/comments?post=65361"}],"version-history":[{"count":0,"href":"https:\/\/fundacaofemar.org.br\/portalwordpress\/wp-json\/wp\/v2\/posts\/65361\/revisions"}],"wp:attachment":[{"href":"https:\/\/fundacaofemar.org.br\/portalwordpress\/wp-json\/wp\/v2\/media?parent=65361"}],"wp:term":[{"taxonomy":"category","embeddable":true,"href":"https:\/\/fundacaofemar.org.br\/portalwordpress\/wp-json\/wp\/v2\/categories?post=65361"},{"taxonomy":"post_tag","embeddable":true,"href":"https:\/\/fundacaofemar.org.br\/portalwordpress\/wp-json\/wp\/v2\/tags?post=65361"}],"curies":[{"name":"wp","href":"https:\/\/api.w.org\/{rel}","templated":true}]}}