{"id":65519,"date":"2024-12-20T09:25:04","date_gmt":"2024-12-20T12:25:04","guid":{"rendered":"https:\/\/fundacaofemar.org.br\/portalwordpress\/?p=65519"},"modified":"2025-11-26T08:13:49","modified_gmt":"2025-11-26T11:13:49","slug":"voce-sabe-o-que-e-o-prs-da-femar","status":"publish","type":"post","link":"https:\/\/fundacaofemar.org.br\/portalwordpress\/2024\/12\/20\/voce-sabe-o-que-e-o-prs-da-femar\/","title":{"rendered":"VOC\u00ca SABE O QUE \u00c9 O PRS DA FEMAR?"},"content":{"rendered":"<div class=\"post-content\">\n<p><strong>Publicado em 20 de Dezembro de 2024<\/strong><\/p>\n\n\n\n<p>A Funda\u00e7\u00e3o de Estudos do Mar \u00e9 uma Institui\u00e7\u00e3o de direito privado, sem fins lucrativos, dotada de autonomia patrimonial, administrativa e financeira, regida por seu Estatuto, Regimento Interno e demais disposi\u00e7\u00f5es legais aplic\u00e1veis. Sua miss\u00e3o \u00e9 desenvolver, apoiar e prestar servi\u00e7os especializados nas \u00e1reas de ensino, pesquisa, extens\u00e3o e inova\u00e7\u00e3o tecnol\u00f3gica voltadas \u00e0 produ\u00e7\u00e3o e a transmiss\u00e3o do conhecimento do mar.<\/p>\n\n\n\n<p>Visando promover o bem-estar do p\u00fablico externo, a Funda\u00e7\u00e3o desenvolve, de forma volunt\u00e1ria e gratuita, no seu Programa de Responsabilidade Social (<strong>PRS<\/strong>), o Projeto Escola no Mar (<strong>PROEMAR<\/strong>), o Projeto de Gratuidade de Cursos (<strong>PGC<\/strong>) e o Projeto de Atividades de Conscientiza\u00e7\u00e3o (<strong>PROATICONS<\/strong>).<\/p>\n\n\n\n<p>Abaixo nossa <strong>Retrospectiva PRS 2024<\/strong>!<\/p>\n\n\n\n<figure class=\"wp-block-video\"><video autoplay controls src=\"https:\/\/fundacaofemar.org.br\/portalwordpress\/wp-content\/uploads\/2024\/12\/PRS.mp4\"><\/video><\/figure>\n\n\n\n<h2 class=\"wp-block-heading has-text-align-center\"><strong><mark style=\"background-color:rgba(0, 0, 0, 0)\" class=\"has-inline-color has-vivid-cyan-blue-color\"><strong>Funda\u00e7\u00e3o Pioneira da Maritimidade no Brasil<\/strong><\/mark><\/strong><\/h2>\n\n\n\n<h2 class=\"wp-block-heading has-text-align-center\"><strong><mark style=\"background-color:rgba(0, 0, 0, 0)\" class=\"has-inline-color has-vivid-cyan-blue-color\"><strong>Funda\u00e7\u00e3o de Estudos do Mar<\/strong><\/mark><\/strong><\/h2>\n\n\n\n<p><\/p>\n\n\n\n<figure class=\"wp-block-pullquote\"><blockquote><p><strong><em><mark style=\"background-color:rgba(0, 0, 0, 0)\" class=\"has-inline-color has-black-color\">N\u00e3o perca! Acompanhe mais atividades em nossas redes sociais:<\/mark><\/em><\/strong><br><a href=\"https:\/\/linktr.ee\/fundacaofemar\"><strong><mark style=\"background-color:rgba(0, 0, 0, 0)\" class=\"has-inline-color has-vivid-cyan-blue-color\">https:\/\/linktr.ee\/fundacaofemar<\/mark><\/strong><\/a><\/p><\/blockquote><\/figure>\n\n\n\n<p><\/p>\n<\/div>","protected":false},"excerpt":{"rendered":"<p>A Funda\u00e7\u00e3o de Estudos do Mar \u00e9 uma Institui\u00e7\u00e3o de direito privado, sem fins lucrativos, dotada de autonomia patrimonial, administrativa e financeira, regida por seu Estatuto, Regimento Interno e demais disposi\u00e7\u00f5es legais aplic\u00e1veis. Sua miss\u00e3o \u00e9 desenvolver, apoiar e prestar servi\u00e7os especializados nas \u00e1reas de ensino, pesquisa, extens\u00e3o e inova\u00e7\u00e3o tecnol\u00f3gica voltadas \u00e0 produ\u00e7\u00e3o e a transmiss\u00e3o do conhecimento do mar.<\/p>\n","protected":false},"author":9,"featured_media":0,"comment_status":"closed","ping_status":"closed","sticky":false,"template":"","format":"standard","meta":{"footnotes":""},"categories":[20,2,19],"tags":[],"class_list":["post-65519","post","type-post","status-publish","format-standard","hentry","category-institucional","category-news","category-responsabilidade-social"],"rise-blocks_total_comments":0,"rise-blocks_categories":[{"term_id":20,"name":"Institucional","slug":"institucional","term_group":0,"term_taxonomy_id":20,"taxonomy":"category","description":"","parent":2,"count":51,"filter":"raw","cat_ID":20,"category_count":51,"category_description":"","cat_name":"Institucional","category_nicename":"institucional","category_parent":2},{"term_id":2,"name":"News","slug":"news","term_group":0,"term_taxonomy_id":2,"taxonomy":"category","description":"","parent":0,"count":365,"filter":"raw","cat_ID":2,"category_count":365,"category_description":"","cat_name":"News","category_nicename":"news","category_parent":0},{"term_id":19,"name":"Responsabilidade Social","slug":"responsabilidade-social","term_group":0,"term_taxonomy_id":19,"taxonomy":"category","description":"","parent":2,"count":15,"filter":"raw","cat_ID":19,"category_count":15,"category_description":"","cat_name":"Responsabilidade Social","category_nicename":"responsabilidade-social","category_parent":2}],"rise-blocks_excerpt":"A Funda\u00e7\u00e3o de Estudos do Mar \u00e9 uma Institui\u00e7\u00e3o de direito privado, sem fins lucrativos, dotada de autonomia patrimonial, administrativa e financeira, regida por seu Estatuto, Regimento Interno e demais disposi\u00e7\u00f5es legais aplic\u00e1veis. Sua miss\u00e3o \u00e9 desenvolver, apoiar e prestar servi\u00e7os especializados nas \u00e1reas de ensino, pesquisa, extens\u00e3o e inova\u00e7\u00e3o tecnol\u00f3gica voltadas \u00e0 produ\u00e7\u00e3o e a transmiss\u00e3o do conhecimento do mar.","_links":{"self":[{"href":"https:\/\/fundacaofemar.org.br\/portalwordpress\/wp-json\/wp\/v2\/posts\/65519","targetHints":{"allow":["GET"]}}],"collection":[{"href":"https:\/\/fundacaofemar.org.br\/portalwordpress\/wp-json\/wp\/v2\/posts"}],"about":[{"href":"https:\/\/fundacaofemar.org.br\/portalwordpress\/wp-json\/wp\/v2\/types\/post"}],"author":[{"embeddable":true,"href":"https:\/\/fundacaofemar.org.br\/portalwordpress\/wp-json\/wp\/v2\/users\/9"}],"replies":[{"embeddable":true,"href":"https:\/\/fundacaofemar.org.br\/portalwordpress\/wp-json\/wp\/v2\/comments?post=65519"}],"version-history":[{"count":0,"href":"https:\/\/fundacaofemar.org.br\/portalwordpress\/wp-json\/wp\/v2\/posts\/65519\/revisions"}],"wp:attachment":[{"href":"https:\/\/fundacaofemar.org.br\/portalwordpress\/wp-json\/wp\/v2\/media?parent=65519"}],"wp:term":[{"taxonomy":"category","embeddable":true,"href":"https:\/\/fundacaofemar.org.br\/portalwordpress\/wp-json\/wp\/v2\/categories?post=65519"},{"taxonomy":"post_tag","embeddable":true,"href":"https:\/\/fundacaofemar.org.br\/portalwordpress\/wp-json\/wp\/v2\/tags?post=65519"}],"curies":[{"name":"wp","href":"https:\/\/api.w.org\/{rel}","templated":true}]}}