{"id":66037,"date":"2025-01-28T09:16:33","date_gmt":"2025-01-28T12:16:33","guid":{"rendered":"https:\/\/fundacaofemar.org.br\/portalwordpress\/?p=66037"},"modified":"2025-11-26T07:59:27","modified_gmt":"2025-11-26T10:59:27","slug":"28-01-dia-do-portuario","status":"publish","type":"post","link":"https:\/\/fundacaofemar.org.br\/portalwordpress\/2025\/01\/28\/28-01-dia-do-portuario\/","title":{"rendered":"28\/01 &#8211; DIA DO PORTU\u00c1RIO"},"content":{"rendered":"<div class=\"post-content\">\n<p><strong>Publicado em 28 de Janeiro de 2025<\/strong><\/p>\n\n\n\n<p>O Dia do Portu\u00e1rio, celebrado no dia 28 de janeiro, \u00e9 dedicado aos profissionais que desempenham um papel essencial nas opera\u00e7\u00f5es portu\u00e1rias &#8211; locais estrat\u00e9gicos para o fluxo de importa\u00e7\u00f5es e exporta\u00e7\u00f5es que movimentam as riquezas do Brasil.<\/p>\n\n\n\n<p>Os Portu\u00e1rios s\u00e3o profissionais respons\u00e1veis por uma s\u00e9rie de atividades essenciais no ambiente portu\u00e1rio, garantindo o bom funcionamento das opera\u00e7\u00f5es de importa\u00e7\u00e3o, exporta\u00e7\u00e3o e transporte mar\u00edtimo. Os Portu\u00e1rios devem possuir elevado comprometimento, precis\u00e3o e trabalho em equipe, de modo a enfrentar opera\u00e7\u00f5es complexas e desafiadoras. Eles s\u00e3o fundamentais para o funcionamento da economia, facilitando o com\u00e9rcio e conectando o Brasil ao mercado global, j\u00e1 que facilitam a movimenta\u00e7\u00e3o de bens e produtos entre os Pa\u00edses.<\/p>\n\n\n\n<p>Nessa mesma data tamb\u00e9m celebramos o Dia da Abertura dos Portos Brasileiros \u00e0s Na\u00e7\u00f5es Amigas, ocorrida em 1808, por meio da Carta R\u00e9gia assinada por D. Jo\u00e3o VI, constituindo marco hist\u00f3rico que acabou com o monop\u00f3lio colonial portugu\u00eas no Brasil e o fim do \u201cPacto Colonial\u201d. Desde ent\u00e3o, o Brasil p\u00f4de estabelecer rela\u00e7\u00f5es comerciais com outras na\u00e7\u00f5es, impulsionando a economia e contribuindo para a trajet\u00f3ria rumo \u00e0 Independ\u00eancia.<\/p>\n\n\n\n<h2 class=\"wp-block-heading has-text-align-center\">A FEMAR PARABENIZA TODOS OS PROFISSIONAIS PORTU\u00c1RIOS PELO TRABALHO FUNDAMENTAL!<\/h2>\n\n\n<div class=\"wp-block-image is-style-default\">\n<figure class=\"aligncenter size-large is-resized\"><img fetchpriority=\"high\" decoding=\"async\" width=\"1024\" height=\"1024\" src=\"https:\/\/fundacaofemar.org.br\/portalwordpress\/wp-content\/uploads\/2025\/01\/wip2-2-1024x1024.png\" alt=\"\" class=\"wp-image-66038\" style=\"width:539px;height:auto\" srcset=\"https:\/\/fundacaofemar.org.br\/portalwordpress\/wp-content\/uploads\/2025\/01\/wip2-2-1024x1024.png 1024w, https:\/\/fundacaofemar.org.br\/portalwordpress\/wp-content\/uploads\/2025\/01\/wip2-2-300x300.png 300w, https:\/\/fundacaofemar.org.br\/portalwordpress\/wp-content\/uploads\/2025\/01\/wip2-2-150x150.png 150w, https:\/\/fundacaofemar.org.br\/portalwordpress\/wp-content\/uploads\/2025\/01\/wip2-2-768x768.png 768w, https:\/\/fundacaofemar.org.br\/portalwordpress\/wp-content\/uploads\/2025\/01\/wip2-2.png 1080w\" sizes=\"(max-width: 1024px) 100vw, 1024px\" \/><\/figure><\/div>\n\n\n<h2 class=\"wp-block-heading has-text-align-center\"><strong><mark style=\"background-color:rgba(0, 0, 0, 0)\" class=\"has-inline-color has-vivid-cyan-blue-color\"><strong>Funda\u00e7\u00e3o Pioneira da Maritimidade no Brasil<\/strong><\/mark><\/strong><\/h2>\n\n\n\n<h2 class=\"wp-block-heading has-text-align-center\"><strong><mark style=\"background-color:rgba(0, 0, 0, 0)\" class=\"has-inline-color has-vivid-cyan-blue-color\"><strong>Funda\u00e7\u00e3o de Estudos do Mar<\/strong><\/mark><\/strong><\/h2>\n\n\n\n<p><\/p>\n\n\n\n<figure class=\"wp-block-pullquote\"><blockquote><p><strong><em><mark style=\"background-color:rgba(0, 0, 0, 0)\" class=\"has-inline-color has-black-color\">N\u00e3o deixe de acompanhar novidades nos links abaixo:<\/mark><\/em><\/strong><br><a href=\"https:\/\/linktr.ee\/fundacaofemar\"><strong><mark style=\"background-color:rgba(0, 0, 0, 0)\" class=\"has-inline-color has-vivid-cyan-blue-color\">https:\/\/linktr.ee\/fundacaofemar<\/mark><\/strong><\/a><\/p><\/blockquote><\/figure>\n\n\n\n<p><\/p>\n<\/div>","protected":false},"excerpt":{"rendered":"<p>O Dia do Portu\u00e1rio, celebrado no dia 28 de janeiro, \u00e9 dedicado aos profissionais que desempenham um papel essencial nas opera\u00e7\u00f5es portu\u00e1rias &#8211; locais estrat\u00e9gicos para o fluxo de importa\u00e7\u00f5es e exporta\u00e7\u00f5es que movimentam as riquezas do Brasil.<\/p>\n","protected":false},"author":9,"featured_media":0,"comment_status":"closed","ping_status":"closed","sticky":false,"template":"","format":"standard","meta":{"footnotes":""},"categories":[18,2],"tags":[],"class_list":["post-66037","post","type-post","status-publish","format-standard","hentry","category-eventos","category-news"],"rise-blocks_total_comments":0,"rise-blocks_categories":[{"term_id":18,"name":"Eventos","slug":"eventos","term_group":0,"term_taxonomy_id":18,"taxonomy":"category","description":"","parent":2,"count":239,"filter":"raw","cat_ID":18,"category_count":239,"category_description":"","cat_name":"Eventos","category_nicename":"eventos","category_parent":2},{"term_id":2,"name":"News","slug":"news","term_group":0,"term_taxonomy_id":2,"taxonomy":"category","description":"","parent":0,"count":365,"filter":"raw","cat_ID":2,"category_count":365,"category_description":"","cat_name":"News","category_nicename":"news","category_parent":0}],"rise-blocks_excerpt":"O Dia do Portu\u00e1rio, celebrado no dia 28 de janeiro, \u00e9 dedicado aos profissionais que desempenham um papel essencial nas opera\u00e7\u00f5es portu\u00e1rias - locais estrat\u00e9gicos para o fluxo de importa\u00e7\u00f5es e exporta\u00e7\u00f5es que movimentam as riquezas do Brasil.","_links":{"self":[{"href":"https:\/\/fundacaofemar.org.br\/portalwordpress\/wp-json\/wp\/v2\/posts\/66037","targetHints":{"allow":["GET"]}}],"collection":[{"href":"https:\/\/fundacaofemar.org.br\/portalwordpress\/wp-json\/wp\/v2\/posts"}],"about":[{"href":"https:\/\/fundacaofemar.org.br\/portalwordpress\/wp-json\/wp\/v2\/types\/post"}],"author":[{"embeddable":true,"href":"https:\/\/fundacaofemar.org.br\/portalwordpress\/wp-json\/wp\/v2\/users\/9"}],"replies":[{"embeddable":true,"href":"https:\/\/fundacaofemar.org.br\/portalwordpress\/wp-json\/wp\/v2\/comments?post=66037"}],"version-history":[{"count":0,"href":"https:\/\/fundacaofemar.org.br\/portalwordpress\/wp-json\/wp\/v2\/posts\/66037\/revisions"}],"wp:attachment":[{"href":"https:\/\/fundacaofemar.org.br\/portalwordpress\/wp-json\/wp\/v2\/media?parent=66037"}],"wp:term":[{"taxonomy":"category","embeddable":true,"href":"https:\/\/fundacaofemar.org.br\/portalwordpress\/wp-json\/wp\/v2\/categories?post=66037"},{"taxonomy":"post_tag","embeddable":true,"href":"https:\/\/fundacaofemar.org.br\/portalwordpress\/wp-json\/wp\/v2\/tags?post=66037"}],"curies":[{"name":"wp","href":"https:\/\/api.w.org\/{rel}","templated":true}]}}