{"id":66219,"date":"2025-02-14T12:31:00","date_gmt":"2025-02-14T15:31:00","guid":{"rendered":"https:\/\/fundacaofemar.org.br\/portalwordpress\/?p=66219"},"modified":"2025-11-26T07:59:44","modified_gmt":"2025-11-26T10:59:44","slug":"14-02-dia-internacional-da-doacao-de-livros","status":"publish","type":"post","link":"https:\/\/fundacaofemar.org.br\/portalwordpress\/2025\/02\/14\/14-02-dia-internacional-da-doacao-de-livros\/","title":{"rendered":"14\/02 &#8211; DIA INTERNACIONAL DA DOA\u00c7\u00c3O DE LIVROS"},"content":{"rendered":"<div class=\"post-content\">\n<p><strong>Publicado em 14 de Janeiro de 2025<\/strong><\/p>\n\n\n\n<p>O dia 14 de fevereiro celebra o compartilhamento de informa\u00e7\u00f5es! A data, dedicada internacionalmente \u00e0 doa\u00e7\u00e3o de livros, tem o objetivo de incentivar a dissemina\u00e7\u00e3o do conhecimento, levando a leitura ao maior n\u00famero de pessoas.<\/p>\n\n\n\n<p>A doa\u00e7\u00e3o de livros \u00e9 uma iniciativa volunt\u00e1ria que transmite cultura e pode transformar vidas. Fa\u00e7a da leitura um presente acess\u00edvel!<\/p>\n\n\n\n<h2 class=\"wp-block-heading has-text-align-center\"><strong>DOE UM LIVRO!<\/strong><\/h2>\n\n\n\n<p>Fonte : <a href=\"https:\/\/nationaltoday.com\/international-book-giving-day\/\">https:\/\/nationaltoday.com\/international-book-giving-day\/<\/a><\/p>\n\n\n<div class=\"wp-block-image is-style-default\">\n<figure class=\"aligncenter size-large is-resized\"><img fetchpriority=\"high\" decoding=\"async\" width=\"1024\" height=\"1024\" src=\"https:\/\/fundacaofemar.org.br\/portalwordpress\/wp-content\/uploads\/2025\/02\/wip12-1-1024x1024.png\" alt=\"\" class=\"wp-image-66220\" style=\"width:539px;height:auto\" srcset=\"https:\/\/fundacaofemar.org.br\/portalwordpress\/wp-content\/uploads\/2025\/02\/wip12-1-1024x1024.png 1024w, https:\/\/fundacaofemar.org.br\/portalwordpress\/wp-content\/uploads\/2025\/02\/wip12-1-300x300.png 300w, https:\/\/fundacaofemar.org.br\/portalwordpress\/wp-content\/uploads\/2025\/02\/wip12-1-150x150.png 150w, https:\/\/fundacaofemar.org.br\/portalwordpress\/wp-content\/uploads\/2025\/02\/wip12-1-768x768.png 768w, https:\/\/fundacaofemar.org.br\/portalwordpress\/wp-content\/uploads\/2025\/02\/wip12-1.png 1080w\" sizes=\"(max-width: 1024px) 100vw, 1024px\" \/><\/figure><\/div>\n\n\n<h2 class=\"wp-block-heading has-text-align-center\"><strong><mark style=\"background-color:rgba(0, 0, 0, 0)\" class=\"has-inline-color has-vivid-cyan-blue-color\"><strong>Funda\u00e7\u00e3o Pioneira da Maritimidade no Brasil<\/strong><\/mark><\/strong><\/h2>\n\n\n\n<h2 class=\"wp-block-heading has-text-align-center\"><strong><mark style=\"background-color:rgba(0, 0, 0, 0)\" class=\"has-inline-color has-vivid-cyan-blue-color\"><strong>Funda\u00e7\u00e3o de Estudos do Mar<\/strong><\/mark><\/strong><\/h2>\n\n\n\n<p><\/p>\n\n\n\n<figure class=\"wp-block-pullquote\"><blockquote><p><strong><em><mark style=\"background-color:rgba(0, 0, 0, 0)\" class=\"has-inline-color has-black-color\">N\u00e3o deixe de acompanhar novidades nos links abaixo:<\/mark><\/em><\/strong><br><a href=\"https:\/\/linktr.ee\/fundacaofemar\"><strong><mark style=\"background-color:rgba(0, 0, 0, 0)\" class=\"has-inline-color has-vivid-cyan-blue-color\">https:\/\/linktr.ee\/fundacaofemar<\/mark><\/strong><\/a><\/p><\/blockquote><\/figure>\n\n\n\n<p><\/p>\n<\/div>","protected":false},"excerpt":{"rendered":"<p>O dia 14 de fevereiro celebra o compartilhamento de informa\u00e7\u00f5es! A data, dedicada internacionalmente \u00e0 doa\u00e7\u00e3o de livros, tem o objetivo de incentivar a dissemina\u00e7\u00e3o do conhecimento, levando a leitura ao maior n\u00famero de pessoas.<\/p>\n","protected":false},"author":9,"featured_media":0,"comment_status":"closed","ping_status":"closed","sticky":false,"template":"","format":"standard","meta":{"footnotes":""},"categories":[29,2],"tags":[],"class_list":["post-66219","post","type-post","status-publish","format-standard","hentry","category-ensino","category-news"],"rise-blocks_total_comments":0,"rise-blocks_categories":[{"term_id":29,"name":"Ensino","slug":"ensino","term_group":0,"term_taxonomy_id":29,"taxonomy":"category","description":"","parent":2,"count":143,"filter":"raw","cat_ID":29,"category_count":143,"category_description":"","cat_name":"Ensino","category_nicename":"ensino","category_parent":2},{"term_id":2,"name":"News","slug":"news","term_group":0,"term_taxonomy_id":2,"taxonomy":"category","description":"","parent":0,"count":365,"filter":"raw","cat_ID":2,"category_count":365,"category_description":"","cat_name":"News","category_nicename":"news","category_parent":0}],"rise-blocks_excerpt":"O dia 14 de fevereiro celebra o compartilhamento de informa\u00e7\u00f5es! A data, dedicada internacionalmente \u00e0 doa\u00e7\u00e3o de livros, tem o objetivo de incentivar a dissemina\u00e7\u00e3o do conhecimento, levando a leitura ao maior n\u00famero de pessoas.","_links":{"self":[{"href":"https:\/\/fundacaofemar.org.br\/portalwordpress\/wp-json\/wp\/v2\/posts\/66219","targetHints":{"allow":["GET"]}}],"collection":[{"href":"https:\/\/fundacaofemar.org.br\/portalwordpress\/wp-json\/wp\/v2\/posts"}],"about":[{"href":"https:\/\/fundacaofemar.org.br\/portalwordpress\/wp-json\/wp\/v2\/types\/post"}],"author":[{"embeddable":true,"href":"https:\/\/fundacaofemar.org.br\/portalwordpress\/wp-json\/wp\/v2\/users\/9"}],"replies":[{"embeddable":true,"href":"https:\/\/fundacaofemar.org.br\/portalwordpress\/wp-json\/wp\/v2\/comments?post=66219"}],"version-history":[{"count":0,"href":"https:\/\/fundacaofemar.org.br\/portalwordpress\/wp-json\/wp\/v2\/posts\/66219\/revisions"}],"wp:attachment":[{"href":"https:\/\/fundacaofemar.org.br\/portalwordpress\/wp-json\/wp\/v2\/media?parent=66219"}],"wp:term":[{"taxonomy":"category","embeddable":true,"href":"https:\/\/fundacaofemar.org.br\/portalwordpress\/wp-json\/wp\/v2\/categories?post=66219"},{"taxonomy":"post_tag","embeddable":true,"href":"https:\/\/fundacaofemar.org.br\/portalwordpress\/wp-json\/wp\/v2\/tags?post=66219"}],"curies":[{"name":"wp","href":"https:\/\/api.w.org\/{rel}","templated":true}]}}