{"id":66737,"date":"2025-04-01T21:25:14","date_gmt":"2025-04-02T00:25:14","guid":{"rendered":"https:\/\/fundacaofemar.org.br\/portalwordpress\/?p=66737"},"modified":"2025-11-26T08:03:54","modified_gmt":"2025-11-26T11:03:54","slug":"curso-de-estrategia-maritima-esmar-2025","status":"publish","type":"post","link":"https:\/\/fundacaofemar.org.br\/portalwordpress\/2025\/04\/01\/curso-de-estrategia-maritima-esmar-2025\/","title":{"rendered":"CURSO DE ESTRAT\u00c9GIA MAR\u00cdTIMA &#8211; ESMAR 2025"},"content":{"rendered":"<div class=\"post-content\">\n<p><strong>Publicado em 02 de Abril de 2025<\/strong><\/p>\n\n\n\n<figure class=\"wp-block-image size-large is-style-default\"><img fetchpriority=\"high\" decoding=\"async\" width=\"1024\" height=\"389\" src=\"https:\/\/fundacaofemar.org.br\/portalwordpress\/wp-content\/uploads\/2025\/03\/ESMAR2025-1024x389.png\" alt=\"\" class=\"wp-image-66733\" srcset=\"https:\/\/fundacaofemar.org.br\/portalwordpress\/wp-content\/uploads\/2025\/03\/ESMAR2025-1024x389.png 1024w, https:\/\/fundacaofemar.org.br\/portalwordpress\/wp-content\/uploads\/2025\/03\/ESMAR2025-300x114.png 300w, https:\/\/fundacaofemar.org.br\/portalwordpress\/wp-content\/uploads\/2025\/03\/ESMAR2025-768x292.png 768w, https:\/\/fundacaofemar.org.br\/portalwordpress\/wp-content\/uploads\/2025\/03\/ESMAR2025-1536x583.png 1536w, https:\/\/fundacaofemar.org.br\/portalwordpress\/wp-content\/uploads\/2025\/03\/ESMAR2025.png 1920w\" sizes=\"(max-width: 1024px) 100vw, 1024px\" \/><\/figure>\n\n\n\n<p><strong>O CURSO<\/strong><\/p>\n\n\n\n<p>O Curso de Estrat\u00e9gia Mar\u00edtima \u2013 ESMAR promovido pela Funda\u00e7\u00e3o de Estudos do Mar, em parceria com a Escola de Guerra Naval, visa proporcionar aos participantes conhecimentos b\u00e1sicos da Estrat\u00e9gia Mar\u00edtima Nacional, enfatizando os aspectos da Conjuntura Internacional e Nacional, do Poder Mar\u00edtimo e da Estrat\u00e9gia Nacional de Defesa. Este curso faz parte do Projeto de Gratuidade de Cursos (PGC), integrante do Programa de Responsabilidade da FEMAR (PRS).<\/p>\n\n\n\n<p><strong>P\u00daBLICO ALVO<\/strong><\/p>\n\n\n\n<p>Profissionais graduados ou graduandos, preferencialmente, das \u00e1reas de Direito, Rela\u00e7\u00f5es Internacionais, Com\u00e9rcio Exterior ou \u00e1reas afins, que visam obter ou atualizar conhecimentos sobre Estrat\u00e9gia Mar\u00edtima.<\/p>\n\n\n\n<p><strong>DIRETRIZES<\/strong><\/p>\n\n\n\n<p>O curso ESMAR ser\u00e1 ministrado via plataforma TEAMS, no per\u00edodo de 03 de junho a 28 de agosto, \u00e0s ter\u00e7as e quintas-feiras, no hor\u00e1rio das 18h00min \u00e0s 21h10min, com aulas s\u00edncronas (ao vivo), as aulas n\u00e3o ser\u00e3o gravadas, perfazendo uma carga hor\u00e1ria total de 75 horas.<\/p>\n\n\n\n<p>Um certificado de conclus\u00e3o do curso ser\u00e1 concedido ao aluno que frequentar, no m\u00ednimo, 75% da carga hor\u00e1ria total do curso e obter conceito satisfat\u00f3rio na confec\u00e7\u00e3o e apresenta\u00e7\u00e3o no trabalho final.<\/p>\n\n\n\n<p><strong>TEMAS DAS PALESTRAS<\/strong><\/p>\n\n\n\n<ul class=\"wp-block-list\">\n<li><strong>AMBIENTE REGULAT\u00d3RIO DA IND\u00daSTRIA DE SHIPPING<\/strong><\/li>\n<\/ul>\n\n\n\n<ul class=\"wp-block-list\">\n<li><strong>DESAFIOS DA CONJUNTURA CONTEMPOR\u00c2NEA<\/strong><\/li>\n<\/ul>\n\n\n\n<ul class=\"wp-block-list\">\n<li><strong>AN\u00c1LISE DA GEOPOL\u00cdTICA CORRENTE INTERNACIONAL<\/strong><\/li>\n<\/ul>\n\n\n\n<ul class=\"wp-block-list\">\n<li><strong>O HOMEM E O MAR: EVOLU\u00c7\u00c3O DO PODER MAR\u00cdTIMO AT\u00c9 A 1\u00aa GUERRA MUNDIAL<\/strong><\/li>\n<\/ul>\n\n\n\n<ul class=\"wp-block-list\">\n<li><strong>O HOMEM E O MAR: EVOLU\u00c7\u00c3O DO PODER MAR\u00cdTIMO DESDE A 1\u00aa GUERRA MUNDIAL AT\u00c9 O TEMPO PRESENTE<\/strong><\/li>\n<\/ul>\n\n\n\n<ul class=\"wp-block-list\">\n<li><strong>DIREITO DO MAR<\/strong><\/li>\n<\/ul>\n\n\n\n<ul class=\"wp-block-list\">\n<li><strong>AMAZ\u00d4NIA AZUL<\/strong><\/li>\n<\/ul>\n\n\n\n<ul class=\"wp-block-list\">\n<li><strong>DIREITO MAR\u00cdTIMO<\/strong><\/li>\n<\/ul>\n\n\n\n<ul class=\"wp-block-list\">\n<li><strong>HIST\u00d3RIA MAR\u00cdTIMA BRASILEIRA<\/strong><\/li>\n<\/ul>\n\n\n\n<ul class=\"wp-block-list\">\n<li><strong>ESTRAT\u00c9GIA NAVAL CL\u00c1SSICA<\/strong><\/li>\n<\/ul>\n\n\n\n<ul class=\"wp-block-list\">\n<li><strong>CI\u00caNCIA, TECNOLOGIA, INOVA\u00c7\u00c3O E PODER MAR\u00cdTIMO<\/strong><\/li>\n<\/ul>\n\n\n\n<ul class=\"wp-block-list\">\n<li><strong>EXPLORA\u00c7\u00c3O E APROVEITAMENTO DOS FUNDOS MARINHOS<\/strong><\/li>\n<\/ul>\n\n\n\n<ul class=\"wp-block-list\">\n<li><strong>ESTRAT\u00c9GIA NAVAL CONTEMPOR\u00c2NEA<\/strong><\/li>\n<\/ul>\n\n\n\n<ul class=\"wp-block-list\">\n<li><strong>ECONOMIA DO MAR<\/strong><\/li>\n<\/ul>\n\n\n\n<ul class=\"wp-block-list\">\n<li><strong>PLANEJAMENTO ESTRAT\u00c9GICO DE DEFESA<\/strong><\/li>\n<\/ul>\n\n\n\n<ul class=\"wp-block-list\">\n<li><strong>GOVERNAN\u00c7A INTERNACIONAL DOS OCEANOS<\/strong><\/li>\n<\/ul>\n\n\n\n<ul class=\"wp-block-list\">\n<li><strong>PESCA: Situa\u00e7\u00e3o atual e perspectivas do setor pesqueiro brasileiro<\/strong><\/li>\n<\/ul>\n\n\n\n<ul class=\"wp-block-list\">\n<li><strong>HIDROVIAS<\/strong><\/li>\n<\/ul>\n\n\n\n<ul class=\"wp-block-list\">\n<li><strong>PORTOS<\/strong><\/li>\n<\/ul>\n\n\n\n<ul class=\"wp-block-list\">\n<li><strong>COM\u00c9RCIO EXTERIOR E OS PORTOS NACIONAIS<\/strong><\/li>\n<\/ul>\n\n\n\n<ul class=\"wp-block-list\">\n<li><strong>A MARINHA MERCANTE BRASILEIRA<\/strong><\/li>\n<\/ul>\n\n\n\n<ul class=\"wp-block-list\">\n<li><strong>GEOPOL\u00cdTICA DA ENERGIA<\/strong><\/li>\n<\/ul>\n\n\n\n<ul class=\"wp-block-list\">\n<li><strong>PROGRAMA ANT\u00c1RTICO BRASILEIRO &#8211; PROANTAR<\/strong><\/li>\n<\/ul>\n\n\n\n<ul class=\"wp-block-list\">\n<li><strong>PLANEJAMENTO ESPACIAL MARINHO &#8211; PEM<\/strong><\/li>\n<\/ul>\n\n\n\n<ul class=\"wp-block-list\">\n<li><strong>LEVANTAMENTO DA PLATAFORMA CONTINENTAL BRASILEIRA &#8211; LEPLAC<\/strong><\/li>\n<\/ul>\n\n\n\n<p><strong>INSCRI\u00c7\u00c3O<\/strong><\/p>\n\n\n\n<p>Para se inscrever, o candidato dever\u00e1, no menu inscri\u00e7\u00e3o, preencher a ficha de pr\u00e9-inscri\u00e7\u00e3o e anexar seu curr\u00edculo.<\/p>\n\n\n\n<p>A sele\u00e7\u00e3o do candidato seguir\u00e1 os seguintes crit\u00e9rios: an\u00e1lise de curr\u00edculo e data de inscri\u00e7\u00e3o no referido curso.<\/p>\n\n\n\n<p>As inscri\u00e7\u00f5es estar\u00e3o abertas no per\u00edodo de <strong>02 de abril <\/strong>a <strong>07 de maio<\/strong>, via portal da FEMAR.<\/p>\n\n\n\n<p>Para maiores informa\u00e7\u00f5es:<\/p>\n\n\n\n<p>\u260e<strong> 21 3237-9511 \/ 3237-9518<\/strong><\/p>\n\n\n\n<p>\ud83d\udcbb<mark style=\"background-color:rgba(0, 0, 0, 0)\" class=\"has-inline-color has-vivid-cyan-blue-color\"> <span \n                data-original-string='FrYrIYzlZXYKh0eJ8\/5lsg==9dco1Uo+GDKdXMp3kqORetVVyRpfx8IT\/iPPB6+NqyYpPEe02jhMH1zatRLyKOQfBId'\n                class='apbct-email-encoder'\n                title='This contact has been encoded by Anti-Spam by CleanTalk. Click to decode. To finish the decoding make sure that JavaScript is enabled in your browser.'>se<span class=\"apbct-blur\">**************<\/span>@<span class=\"apbct-blur\">***************<\/span>rg.br<\/span><\/mark><\/p>\n\n\n<div class=\"wp-block-image\">\n<figure class=\"aligncenter size-full\"><img decoding=\"async\" width=\"250\" height=\"251\" src=\"https:\/\/fundacaofemar.org.br\/portalwordpress\/wp-content\/uploads\/2023\/07\/inscricoes_PT.png\" alt=\"\" class=\"wp-image-14398\" srcset=\"https:\/\/fundacaofemar.org.br\/portalwordpress\/wp-content\/uploads\/2023\/07\/inscricoes_PT.png 250w, https:\/\/fundacaofemar.org.br\/portalwordpress\/wp-content\/uploads\/2023\/07\/inscricoes_PT-150x150.png 150w\" sizes=\"(max-width: 250px) 100vw, 250px\" \/><\/figure><\/div>\n\n\n<h3 class=\"wp-block-heading has-text-align-center\"><strong><em><mark style=\"background-color:rgba(0, 0, 0, 0)\" class=\"has-inline-color has-vivid-cyan-blue-color\">Garanta sua inscri\u00e7\u00e3o \u00e9 gratuita!<\/mark><\/em><\/strong><br><\/h3>\n\n\n\n<h1 class=\"wp-block-heading has-text-align-center\"><strong><mark style=\"background-color:rgba(0, 0, 0, 0)\" class=\"has-inline-color has-vivid-cyan-blue-color\"><strong>Funda\u00e7\u00e3o de Estudos do Mar<\/strong><\/mark><\/strong><\/h1>\n\n\n\n<h1 class=\"wp-block-heading has-text-align-center\"><strong><mark style=\"background-color:rgba(0, 0, 0, 0)\" class=\"has-inline-color has-vivid-cyan-blue-color\"><strong><strong>Funda\u00e7\u00e3o Pioneira da Maritimidade no Brasil<\/strong><\/strong><\/mark><\/strong><\/h1>\n\n\n\n<figure class=\"wp-block-pullquote\"><blockquote><p><strong><em><mark style=\"background-color:rgba(0, 0, 0, 0)\" class=\"has-inline-color has-black-color\">N\u00e3o deixe de acompanhar nossas novidades nos links abaixo:<\/mark><\/em><\/strong><br><a href=\"http:\/\/linktr.ee\/fundacaofemar\" target=\"_blank\" rel=\"noreferrer noopener\"><strong>http:\/\/linktr.ee\/fundacaofemar<\/strong><\/a><\/p><\/blockquote><\/figure>\n\n\n\n<p><\/p>\n<\/div>","protected":false},"excerpt":{"rendered":"<p>O Curso de Estrat\u00e9gia Mar\u00edtima \u2013 ESMAR promovido pela Funda\u00e7\u00e3o de Estudos do Mar, em parceria com a Escola de Guerra Naval, visa proporcionar aos participantes conhecimentos b\u00e1sicos da Estrat\u00e9gia Mar\u00edtima Nacional, enfatizando os aspectos da Conjuntura Internacional e Nacional, do Poder Mar\u00edtimo e da Estrat\u00e9gia Nacional de Defesa. Este curso faz parte do Projeto de Gratuidade de Cursos (PGC), integrante do Programa de Responsabilidade da FEMAR (PRS).<\/p>\n","protected":false},"author":9,"featured_media":0,"comment_status":"closed","ping_status":"closed","sticky":false,"template":"","format":"standard","meta":{"footnotes":""},"categories":[29,2],"tags":[],"class_list":["post-66737","post","type-post","status-publish","format-standard","hentry","category-ensino","category-news"],"rise-blocks_total_comments":0,"rise-blocks_categories":[{"term_id":29,"name":"Ensino","slug":"ensino","term_group":0,"term_taxonomy_id":29,"taxonomy":"category","description":"","parent":2,"count":143,"filter":"raw","cat_ID":29,"category_count":143,"category_description":"","cat_name":"Ensino","category_nicename":"ensino","category_parent":2},{"term_id":2,"name":"News","slug":"news","term_group":0,"term_taxonomy_id":2,"taxonomy":"category","description":"","parent":0,"count":365,"filter":"raw","cat_ID":2,"category_count":365,"category_description":"","cat_name":"News","category_nicename":"news","category_parent":0}],"rise-blocks_excerpt":"O Curso de Estrat\u00e9gia Mar\u00edtima \u2013 ESMAR promovido pela Funda\u00e7\u00e3o de Estudos do Mar, em parceria com a Escola de Guerra Naval, visa proporcionar aos participantes conhecimentos b\u00e1sicos da Estrat\u00e9gia Mar\u00edtima Nacional, enfatizando os aspectos da Conjuntura Internacional e Nacional, do Poder Mar\u00edtimo e da Estrat\u00e9gia Nacional de Defesa. Este curso faz parte do Projeto de Gratuidade de Cursos (PGC), integrante do Programa de Responsabilidade da FEMAR (PRS).","_links":{"self":[{"href":"https:\/\/fundacaofemar.org.br\/portalwordpress\/wp-json\/wp\/v2\/posts\/66737","targetHints":{"allow":["GET"]}}],"collection":[{"href":"https:\/\/fundacaofemar.org.br\/portalwordpress\/wp-json\/wp\/v2\/posts"}],"about":[{"href":"https:\/\/fundacaofemar.org.br\/portalwordpress\/wp-json\/wp\/v2\/types\/post"}],"author":[{"embeddable":true,"href":"https:\/\/fundacaofemar.org.br\/portalwordpress\/wp-json\/wp\/v2\/users\/9"}],"replies":[{"embeddable":true,"href":"https:\/\/fundacaofemar.org.br\/portalwordpress\/wp-json\/wp\/v2\/comments?post=66737"}],"version-history":[{"count":0,"href":"https:\/\/fundacaofemar.org.br\/portalwordpress\/wp-json\/wp\/v2\/posts\/66737\/revisions"}],"wp:attachment":[{"href":"https:\/\/fundacaofemar.org.br\/portalwordpress\/wp-json\/wp\/v2\/media?parent=66737"}],"wp:term":[{"taxonomy":"category","embeddable":true,"href":"https:\/\/fundacaofemar.org.br\/portalwordpress\/wp-json\/wp\/v2\/categories?post=66737"},{"taxonomy":"post_tag","embeddable":true,"href":"https:\/\/fundacaofemar.org.br\/portalwordpress\/wp-json\/wp\/v2\/tags?post=66737"}],"curies":[{"name":"wp","href":"https:\/\/api.w.org\/{rel}","templated":true}]}}