{"id":66748,"date":"2025-03-24T15:09:31","date_gmt":"2025-03-24T18:09:31","guid":{"rendered":"https:\/\/fundacaofemar.org.br\/portalwordpress\/?p=66748"},"modified":"2025-11-26T08:02:15","modified_gmt":"2025-11-26T11:02:15","slug":"femar-retoma-as-atividades-do-mar-de-escolhas-2025","status":"publish","type":"post","link":"https:\/\/fundacaofemar.org.br\/portalwordpress\/2025\/03\/24\/femar-retoma-as-atividades-do-mar-de-escolhas-2025\/","title":{"rendered":"FEMAR RETOMA AS ATIVIDADES DO \u201cMAR DE ESCOLHAS\u201d 2025"},"content":{"rendered":"<div class=\"post-content\">\n<p><strong>Publicado em 24 de Mar\u00e7o de 2025<\/strong><\/p>\n\n\n\n<p>Com o intuito de incentivar o interesse e o potencial de jovens talentos na \u00e1rea mar\u00edtima, a Funda\u00e7\u00e3o de Estudos do Mar (FEMAR) retomou em 2025, no dia 21 de mar\u00e7o, as atividades do Projeto &#8220;Mar de Escolhas&#8221;. A primeira palestra aconteceu na Escola Municipal Joaquim Ab\u00edlio Borges, localizada no Humait\u00e1, Zona Sul do Rio de Janeiro, contemplando 32 alunos do 9\u00ba ano do Ensino Fundamental.<\/p>\n\n\n<div class=\"wp-block-image is-style-rounded\">\n<figure class=\"aligncenter size-full is-resized\"><img fetchpriority=\"high\" decoding=\"async\" width=\"541\" height=\"250\" src=\"https:\/\/fundacaofemar.org.br\/portalwordpress\/wp-content\/uploads\/2025\/03\/thumbnail_1.jpg\" alt=\"\" class=\"wp-image-66749\" style=\"width:790px;height:auto\" srcset=\"https:\/\/fundacaofemar.org.br\/portalwordpress\/wp-content\/uploads\/2025\/03\/thumbnail_1.jpg 541w, https:\/\/fundacaofemar.org.br\/portalwordpress\/wp-content\/uploads\/2025\/03\/thumbnail_1-300x139.jpg 300w\" sizes=\"(max-width: 541px) 100vw, 541px\" \/><\/figure><\/div>\n\n\n<p>A abertura das atividades contou com a apresenta\u00e7\u00e3o da 1\u00ba T (RM2-T) Juliana Castro, do Centro de Comunica\u00e7\u00e3o Social da Marinha (CCSM), que abordou as profiss\u00f5es relacionadas ao mar e sua import\u00e2ncia para a Sociedade e a economia do nosso Pa\u00eds.<\/p>\n\n\n<div class=\"wp-block-image is-style-rounded\">\n<figure class=\"aligncenter size-full is-resized\"><img decoding=\"async\" width=\"541\" height=\"250\" src=\"https:\/\/fundacaofemar.org.br\/portalwordpress\/wp-content\/uploads\/2025\/03\/thumbnail_2.jpg\" alt=\"\" class=\"wp-image-66750\" style=\"width:798px;height:auto\" srcset=\"https:\/\/fundacaofemar.org.br\/portalwordpress\/wp-content\/uploads\/2025\/03\/thumbnail_2.jpg 541w, https:\/\/fundacaofemar.org.br\/portalwordpress\/wp-content\/uploads\/2025\/03\/thumbnail_2-300x139.jpg 300w\" sizes=\"(max-width: 541px) 100vw, 541px\" \/><\/figure><\/div>\n\n\n<p>Em seguida, a Assistente de Ensino, Camila\u202fNogueira, apresentou os cursos que a FEMAR oferece, al\u00e9m de ressaltar as carreiras oferecidas pela Marinha Mercante.<\/p>\n\n\n\n<p>Os oceanos e mares t\u00eam um papel crucial na manuten\u00e7\u00e3o do equil\u00edbrio e bem-estar do Planeta. Tornar essa realidade diferente \u00e9 uma necessidade urgente! \u00c9 nosso dever divulgar o conhecimento sobre as diversas oportunidades para os jovens brasileiros e incentivar a constru\u00e7\u00e3o da mentalidade mar\u00edtima para um futuro repleto de possibilidades.<\/p>\n\n\n\n<h2 class=\"wp-block-heading has-text-align-center\"><strong><strong><strong>O QUE \u00c9 O \u201cMAR DE ESCOLHAS\u201d<\/strong><\/strong><\/strong><\/h2>\n\n\n\n<p>Desde 2021, a FEMAR tem se dedicado a ressaltar a import\u00e2ncia das profiss\u00f5es relacionadas aos mares e oceanos tanto para a Sociedade quanto para a economia do nosso Pa\u00eds, por interm\u00e9dio do Projeto \u201cAtividades de Conscientiza\u00e7\u00e3o\u201d, que desenvolve diversas pr\u00e1ticas pedag\u00f3gicas voltadas aos alunos do Munic\u00edpio e do Estado do Rio de Janeiro.<\/p>\n\n\n\n<p>Os estudantes que participam do \u201cMar de Escolhas\u201d levam n\u00e3o apenas conhecimento, mas a esperan\u00e7a de um futuro repleto de possibilidades nas carreiras mar\u00edtimas e portu\u00e1rias! Educa\u00e7\u00e3o transforma vidas!\u202f<\/p>\n\n\n<div class=\"wp-block-image is-style-rounded\">\n<figure class=\"aligncenter size-full is-resized\"><img decoding=\"async\" width=\"1280\" height=\"591\" src=\"https:\/\/fundacaofemar.org.br\/portalwordpress\/wp-content\/uploads\/2025\/03\/thumbnail_3.jpg\" alt=\"\" class=\"wp-image-66751\" style=\"width:822px;height:auto\" srcset=\"https:\/\/fundacaofemar.org.br\/portalwordpress\/wp-content\/uploads\/2025\/03\/thumbnail_3.jpg 1280w, https:\/\/fundacaofemar.org.br\/portalwordpress\/wp-content\/uploads\/2025\/03\/thumbnail_3-300x139.jpg 300w, https:\/\/fundacaofemar.org.br\/portalwordpress\/wp-content\/uploads\/2025\/03\/thumbnail_3-1024x473.jpg 1024w, https:\/\/fundacaofemar.org.br\/portalwordpress\/wp-content\/uploads\/2025\/03\/thumbnail_3-768x355.jpg 768w\" sizes=\"(max-width: 1280px) 100vw, 1280px\" \/><\/figure><\/div>\n\n\n<h2 class=\"wp-block-heading has-text-align-center\"><strong><mark style=\"background-color:rgba(0, 0, 0, 0)\" class=\"has-inline-color has-vivid-cyan-blue-color\"><strong>Funda\u00e7\u00e3o Pioneira da Maritimidade no Brasil<\/strong><\/mark><\/strong><\/h2>\n\n\n\n<h2 class=\"wp-block-heading has-text-align-center\"><strong><mark style=\"background-color:rgba(0, 0, 0, 0)\" class=\"has-inline-color has-vivid-cyan-blue-color\"><strong>Funda\u00e7\u00e3o de Estudos do Mar<\/strong><\/mark><\/strong><\/h2>\n\n\n\n<p><\/p>\n\n\n\n<figure class=\"wp-block-pullquote\"><blockquote><p><strong><em><mark style=\"background-color:rgba(0, 0, 0, 0)\" class=\"has-inline-color has-black-color\">N\u00e3o deixe de acompanhar novidades nos links abaixo:<\/mark><\/em><\/strong><br><a href=\"https:\/\/linktr.ee\/fundacaofemar\"><strong><mark style=\"background-color:rgba(0, 0, 0, 0)\" class=\"has-inline-color has-vivid-cyan-blue-color\">https:\/\/linktr.ee\/fundacaofemar<\/mark><\/strong><\/a><\/p><\/blockquote><\/figure>\n\n\n\n<p><\/p>\n<\/div>","protected":false},"excerpt":{"rendered":"<p>Com o intuito de incentivar o interesse e o potencial de jovens talentos na \u00e1rea mar\u00edtima, a Funda\u00e7\u00e3o de Estudos do Mar (FEMAR) retomou em 2025, no dia 21 de mar\u00e7o, as atividades do Projeto &#8220;Mar de Escolhas&#8221;. A primeira palestra aconteceu na Escola Municipal Joaquim Ab\u00edlio Borges, localizada no Humait\u00e1, Zona Sul do Rio de Janeiro, contemplando 32 alunos do 9\u00ba ano do Ensino Fundamental.<\/p>\n","protected":false},"author":9,"featured_media":0,"comment_status":"closed","ping_status":"closed","sticky":false,"template":"","format":"standard","meta":{"footnotes":""},"categories":[29,2],"tags":[],"class_list":["post-66748","post","type-post","status-publish","format-standard","hentry","category-ensino","category-news"],"rise-blocks_total_comments":0,"rise-blocks_categories":[{"term_id":29,"name":"Ensino","slug":"ensino","term_group":0,"term_taxonomy_id":29,"taxonomy":"category","description":"","parent":2,"count":143,"filter":"raw","cat_ID":29,"category_count":143,"category_description":"","cat_name":"Ensino","category_nicename":"ensino","category_parent":2},{"term_id":2,"name":"News","slug":"news","term_group":0,"term_taxonomy_id":2,"taxonomy":"category","description":"","parent":0,"count":365,"filter":"raw","cat_ID":2,"category_count":365,"category_description":"","cat_name":"News","category_nicename":"news","category_parent":0}],"rise-blocks_excerpt":"Com o intuito de incentivar o interesse e o potencial de jovens talentos na \u00e1rea mar\u00edtima, a Funda\u00e7\u00e3o de Estudos do Mar (FEMAR) retomou em 2025, no dia 21 de mar\u00e7o, as atividades do Projeto \"Mar de Escolhas\". A primeira palestra aconteceu na Escola Municipal Joaquim Ab\u00edlio Borges, localizada no Humait\u00e1, Zona Sul do Rio de Janeiro, contemplando 32 alunos do 9\u00ba ano do Ensino Fundamental.","_links":{"self":[{"href":"https:\/\/fundacaofemar.org.br\/portalwordpress\/wp-json\/wp\/v2\/posts\/66748","targetHints":{"allow":["GET"]}}],"collection":[{"href":"https:\/\/fundacaofemar.org.br\/portalwordpress\/wp-json\/wp\/v2\/posts"}],"about":[{"href":"https:\/\/fundacaofemar.org.br\/portalwordpress\/wp-json\/wp\/v2\/types\/post"}],"author":[{"embeddable":true,"href":"https:\/\/fundacaofemar.org.br\/portalwordpress\/wp-json\/wp\/v2\/users\/9"}],"replies":[{"embeddable":true,"href":"https:\/\/fundacaofemar.org.br\/portalwordpress\/wp-json\/wp\/v2\/comments?post=66748"}],"version-history":[{"count":0,"href":"https:\/\/fundacaofemar.org.br\/portalwordpress\/wp-json\/wp\/v2\/posts\/66748\/revisions"}],"wp:attachment":[{"href":"https:\/\/fundacaofemar.org.br\/portalwordpress\/wp-json\/wp\/v2\/media?parent=66748"}],"wp:term":[{"taxonomy":"category","embeddable":true,"href":"https:\/\/fundacaofemar.org.br\/portalwordpress\/wp-json\/wp\/v2\/categories?post=66748"},{"taxonomy":"post_tag","embeddable":true,"href":"https:\/\/fundacaofemar.org.br\/portalwordpress\/wp-json\/wp\/v2\/tags?post=66748"}],"curies":[{"name":"wp","href":"https:\/\/api.w.org\/{rel}","templated":true}]}}