{"id":66836,"date":"2025-03-28T14:40:21","date_gmt":"2025-03-28T17:40:21","guid":{"rendered":"https:\/\/fundacaofemar.org.br\/portalwordpress\/?p=66836"},"modified":"2025-11-26T08:02:52","modified_gmt":"2025-11-26T11:02:52","slug":"femar-presta-homenagem-aos-alunos-escoteiros","status":"publish","type":"post","link":"https:\/\/fundacaofemar.org.br\/portalwordpress\/2025\/03\/28\/femar-presta-homenagem-aos-alunos-escoteiros\/","title":{"rendered":"FEMAR PRESTA HOMENAGEM AOS ALUNOS ESCOTEIROS"},"content":{"rendered":"<div class=\"post-content\">\n<p><strong>Publicado em 28 de Mar\u00e7o de 2025<\/strong><\/p>\n\n\n\n<p>No dia 26 de mar\u00e7o, o AE (RM1) Marcelo Francisco Campos, presidiu a Assembleia Ordin\u00e1ria do Centro Cultural do Movimento Escoteiro (CCME), que ocorreu no audit\u00f3rio da Diretoria de Portos e Costas (DPC).<\/p>\n\n\n<div class=\"wp-block-image is-style-default\">\n<figure class=\"aligncenter size-full is-resized\"><img fetchpriority=\"high\" decoding=\"async\" width=\"1921\" height=\"2560\" src=\"https:\/\/fundacaofemar.org.br\/portalwordpress\/wp-content\/uploads\/2025\/03\/01-9-scaled.jpg\" alt=\"\" class=\"wp-image-66837\" style=\"width:403px;height:auto\" srcset=\"https:\/\/fundacaofemar.org.br\/portalwordpress\/wp-content\/uploads\/2025\/03\/01-9-scaled.jpg 1921w, https:\/\/fundacaofemar.org.br\/portalwordpress\/wp-content\/uploads\/2025\/03\/01-9-225x300.jpg 225w, https:\/\/fundacaofemar.org.br\/portalwordpress\/wp-content\/uploads\/2025\/03\/01-9-768x1023.jpg 768w, https:\/\/fundacaofemar.org.br\/portalwordpress\/wp-content\/uploads\/2025\/03\/01-9-1153x1536.jpg 1153w, https:\/\/fundacaofemar.org.br\/portalwordpress\/wp-content\/uploads\/2025\/03\/01-9-1537x2048.jpg 1537w\" sizes=\"(max-width: 1921px) 100vw, 1921px\" \/><\/figure><\/div>\n\n\n<p>Tamb\u00e9m esteve presente na cerim\u00f4nia de entrega dos diplomas aos alunos presentes, o Presidente da Uni\u00e3o dos Escoteiros do Brasil (UEB), Ivan Alves do Nascimento.<\/p>\n\n\n\n<p>O Escotismo \u00e9 uma organiza\u00e7\u00e3o que apoia a juventude na sua jornada de aprender, crescer, fazer, liderar, inspirar outros jovens e a sociedade, al\u00e9m de promover a cultura do respeito \u00e0s pessoas e reconhecer que somos diferentes e que essas diferen\u00e7as colaboram para o crescimento individual e coletivo.<\/p>\n\n\n<div class=\"wp-block-image is-style-default\">\n<figure class=\"aligncenter size-full is-resized\"><img decoding=\"async\" width=\"350\" height=\"250\" src=\"https:\/\/fundacaofemar.org.br\/portalwordpress\/wp-content\/uploads\/2025\/03\/thumbnail_02.jpg\" alt=\"\" class=\"wp-image-66838\" style=\"width:650px;height:auto\" srcset=\"https:\/\/fundacaofemar.org.br\/portalwordpress\/wp-content\/uploads\/2025\/03\/thumbnail_02.jpg 350w, https:\/\/fundacaofemar.org.br\/portalwordpress\/wp-content\/uploads\/2025\/03\/thumbnail_02-300x214.jpg 300w\" sizes=\"(max-width: 350px) 100vw, 350px\" \/><\/figure><\/div>\n\n\n<p>O CCME tem como miss\u00e3o resgatar, preservar e difundir a mem\u00f3ria e a cultura do escotismo brasileiro atrav\u00e9s de pesquisas, obras liter\u00e1rias, guarda de acervo hist\u00f3rico e eventos propagando os ideais escoteiros criados por Lorde Baden \u2013 Powell. A Funda\u00e7\u00e3o de Estudos do Mar (FEMAR) apoia o trabalho de elevada nobreza!<\/p>\n\n\n\n<h2 class=\"wp-block-heading has-text-align-center\"><strong><mark style=\"background-color:rgba(0, 0, 0, 0)\" class=\"has-inline-color has-vivid-cyan-blue-color\"><strong>Funda\u00e7\u00e3o Pioneira da Maritimidade no Brasil<\/strong><\/mark><\/strong><\/h2>\n\n\n\n<h2 class=\"wp-block-heading has-text-align-center\"><strong><mark style=\"background-color:rgba(0, 0, 0, 0)\" class=\"has-inline-color has-vivid-cyan-blue-color\"><strong>Funda\u00e7\u00e3o de Estudos do Mar<\/strong><\/mark><\/strong><\/h2>\n\n\n\n<p><\/p>\n\n\n\n<figure class=\"wp-block-pullquote\"><blockquote><p><strong><em><mark style=\"background-color:rgba(0, 0, 0, 0)\" class=\"has-inline-color has-black-color\">N\u00e3o deixe de acompanhar novidades nos links abaixo:<\/mark><\/em><\/strong><br><a href=\"https:\/\/linktr.ee\/fundacaofemar\"><strong><mark style=\"background-color:rgba(0, 0, 0, 0)\" class=\"has-inline-color has-vivid-cyan-blue-color\">https:\/\/linktr.ee\/fundacaofemar<\/mark><\/strong><\/a><\/p><\/blockquote><\/figure>\n\n\n\n<p><\/p>\n<\/div>","protected":false},"excerpt":{"rendered":"<p>No dia 26 de mar\u00e7o, o AE (RM1) Marcelo Francisco Campos, presidiu a Assembleia Ordin\u00e1ria do Centro Cultural do Movimento Escoteiro (CCME), que ocorreu no audit\u00f3rio da Diretoria de Portos e Costas (DPC).<\/p>\n","protected":false},"author":9,"featured_media":0,"comment_status":"closed","ping_status":"closed","sticky":false,"template":"","format":"standard","meta":{"footnotes":""},"categories":[29,2],"tags":[],"class_list":["post-66836","post","type-post","status-publish","format-standard","hentry","category-ensino","category-news"],"rise-blocks_total_comments":0,"rise-blocks_categories":[{"term_id":29,"name":"Ensino","slug":"ensino","term_group":0,"term_taxonomy_id":29,"taxonomy":"category","description":"","parent":2,"count":143,"filter":"raw","cat_ID":29,"category_count":143,"category_description":"","cat_name":"Ensino","category_nicename":"ensino","category_parent":2},{"term_id":2,"name":"News","slug":"news","term_group":0,"term_taxonomy_id":2,"taxonomy":"category","description":"","parent":0,"count":365,"filter":"raw","cat_ID":2,"category_count":365,"category_description":"","cat_name":"News","category_nicename":"news","category_parent":0}],"rise-blocks_excerpt":"No dia 26 de mar\u00e7o, o AE (RM1) Marcelo Francisco Campos, presidiu a Assembleia Ordin\u00e1ria do Centro Cultural do Movimento Escoteiro (CCME), que ocorreu no audit\u00f3rio da Diretoria de Portos e Costas (DPC).","_links":{"self":[{"href":"https:\/\/fundacaofemar.org.br\/portalwordpress\/wp-json\/wp\/v2\/posts\/66836","targetHints":{"allow":["GET"]}}],"collection":[{"href":"https:\/\/fundacaofemar.org.br\/portalwordpress\/wp-json\/wp\/v2\/posts"}],"about":[{"href":"https:\/\/fundacaofemar.org.br\/portalwordpress\/wp-json\/wp\/v2\/types\/post"}],"author":[{"embeddable":true,"href":"https:\/\/fundacaofemar.org.br\/portalwordpress\/wp-json\/wp\/v2\/users\/9"}],"replies":[{"embeddable":true,"href":"https:\/\/fundacaofemar.org.br\/portalwordpress\/wp-json\/wp\/v2\/comments?post=66836"}],"version-history":[{"count":0,"href":"https:\/\/fundacaofemar.org.br\/portalwordpress\/wp-json\/wp\/v2\/posts\/66836\/revisions"}],"wp:attachment":[{"href":"https:\/\/fundacaofemar.org.br\/portalwordpress\/wp-json\/wp\/v2\/media?parent=66836"}],"wp:term":[{"taxonomy":"category","embeddable":true,"href":"https:\/\/fundacaofemar.org.br\/portalwordpress\/wp-json\/wp\/v2\/categories?post=66836"},{"taxonomy":"post_tag","embeddable":true,"href":"https:\/\/fundacaofemar.org.br\/portalwordpress\/wp-json\/wp\/v2\/tags?post=66836"}],"curies":[{"name":"wp","href":"https:\/\/api.w.org\/{rel}","templated":true}]}}