{"id":66905,"date":"2025-03-31T21:18:26","date_gmt":"2025-04-01T00:18:26","guid":{"rendered":"https:\/\/fundacaofemar.org.br\/portalwordpress\/?p=66905"},"modified":"2025-11-26T08:03:22","modified_gmt":"2025-11-26T11:03:22","slug":"mar-de-escolhas-divulga-as-profissoes-maritimas-para-alunos-da-zona-norte-do-rio","status":"publish","type":"post","link":"https:\/\/fundacaofemar.org.br\/portalwordpress\/2025\/03\/31\/mar-de-escolhas-divulga-as-profissoes-maritimas-para-alunos-da-zona-norte-do-rio\/","title":{"rendered":"\u201cMAR DE ESCOLHAS\u201d DIVULGA AS PROFISS\u00d5ES MAR\u00cdTIMAS PARA ALUNOS DA ZONA NORTE DO RIO"},"content":{"rendered":"<div class=\"post-content\">\n<p><strong>Publicado em 31 de Mar\u00e7o de 2025<\/strong><\/p>\n\n\n\n<p>A Funda\u00e7\u00e3o de Estudos do Mar (FEMAR) realizou, no dia 28 de mar\u00e7o, mais uma atividade do &#8220;Mar de Escolhas&#8221;. O Projeto aconteceu na Escola Municipal C\u00edvico Militar Carioca, localizada no bairro Rocha &#8211; Zona Norte do Rio de Janeiro.<\/p>\n\n\n<div class=\"wp-block-image is-style-default\">\n<figure class=\"aligncenter size-large is-resized\"><img fetchpriority=\"high\" decoding=\"async\" width=\"1024\" height=\"473\" src=\"https:\/\/fundacaofemar.org.br\/portalwordpress\/wp-content\/uploads\/2025\/03\/01-1024x473.jpg\" alt=\"\" class=\"wp-image-66906\" style=\"width:618px;height:auto\" srcset=\"https:\/\/fundacaofemar.org.br\/portalwordpress\/wp-content\/uploads\/2025\/03\/01-1024x473.jpg 1024w, https:\/\/fundacaofemar.org.br\/portalwordpress\/wp-content\/uploads\/2025\/03\/01-300x139.jpg 300w, https:\/\/fundacaofemar.org.br\/portalwordpress\/wp-content\/uploads\/2025\/03\/01-768x355.jpg 768w, https:\/\/fundacaofemar.org.br\/portalwordpress\/wp-content\/uploads\/2025\/03\/01-1536x710.jpg 1536w, https:\/\/fundacaofemar.org.br\/portalwordpress\/wp-content\/uploads\/2025\/03\/01-2048x946.jpg 2048w\" sizes=\"(max-width: 1024px) 100vw, 1024px\" \/><\/figure><\/div>\n\n\n<p>Mais de 134 alunos matriculados nos 8\u00ba e 9\u00ba anos do Ensino Fundamental II foram beneficiados com a atividade, que visa divulgar as diversas profiss\u00f5es ligadas ao mar e suas respectivas import\u00e2ncias, j\u00e1 que ainda s\u00e3o pouco exploradas e conhecidas pela nossa Sociedade.\u00a0\u00a0<\/p>\n\n\n<div class=\"wp-block-image is-style-default\">\n<figure class=\"aligncenter size-large is-resized\"><img decoding=\"async\" width=\"861\" height=\"1024\" src=\"https:\/\/fundacaofemar.org.br\/portalwordpress\/wp-content\/uploads\/2025\/03\/02-861x1024.jpg\" alt=\"\" class=\"wp-image-66907\" style=\"width:445px;height:auto\" srcset=\"https:\/\/fundacaofemar.org.br\/portalwordpress\/wp-content\/uploads\/2025\/03\/02-861x1024.jpg 861w, https:\/\/fundacaofemar.org.br\/portalwordpress\/wp-content\/uploads\/2025\/03\/02-252x300.jpg 252w, https:\/\/fundacaofemar.org.br\/portalwordpress\/wp-content\/uploads\/2025\/03\/02-768x913.jpg 768w, https:\/\/fundacaofemar.org.br\/portalwordpress\/wp-content\/uploads\/2025\/03\/02-1291x1536.jpg 1291w, https:\/\/fundacaofemar.org.br\/portalwordpress\/wp-content\/uploads\/2025\/03\/02-1722x2048.jpg 1722w, https:\/\/fundacaofemar.org.br\/portalwordpress\/wp-content\/uploads\/2025\/03\/02.jpg 1848w\" sizes=\"(max-width: 861px) 100vw, 861px\" \/><\/figure><\/div>\n\n\n<p>Para divulgar o conhecimento sobre essas oportunidades, a FEMAR contou com as contribui\u00e7\u00f5es da\u202fCapit\u00e3o de Longo Curso (CLC) Hildelene Lobato Bahia, primeira mulher a Comandar um navio da Marinha Mercante Brasileira; dois representantes da Marinha do Brasil (MB), 2T (RM2-T) Moreno e 3SG (GR) Mayra Santos; e da Auxiliar de Ensino da FEMAR Ana Carolina Pessanha<\/p>\n\n\n<div class=\"wp-block-image is-style-default\">\n<figure class=\"aligncenter size-large is-resized\"><img decoding=\"async\" width=\"1024\" height=\"473\" src=\"https:\/\/fundacaofemar.org.br\/portalwordpress\/wp-content\/uploads\/2025\/03\/03-1024x473.jpg\" alt=\"\" class=\"wp-image-66908\" style=\"width:674px;height:auto\" srcset=\"https:\/\/fundacaofemar.org.br\/portalwordpress\/wp-content\/uploads\/2025\/03\/03-1024x473.jpg 1024w, https:\/\/fundacaofemar.org.br\/portalwordpress\/wp-content\/uploads\/2025\/03\/03-300x139.jpg 300w, https:\/\/fundacaofemar.org.br\/portalwordpress\/wp-content\/uploads\/2025\/03\/03-768x355.jpg 768w, https:\/\/fundacaofemar.org.br\/portalwordpress\/wp-content\/uploads\/2025\/03\/03-1536x709.jpg 1536w, https:\/\/fundacaofemar.org.br\/portalwordpress\/wp-content\/uploads\/2025\/03\/03.jpg 1600w\" sizes=\"(max-width: 1024px) 100vw, 1024px\" \/><\/figure><\/div>\n\n\n<p>A busca, a forma\u00e7\u00e3o e a qualifica\u00e7\u00e3o de profissionais nessa \u00e1rea s\u00e3o de suma import\u00e2ncia para o progresso do Pa\u00eds.<\/p>\n\n\n<div class=\"wp-block-image is-style-default\">\n<figure class=\"aligncenter size-large is-resized\"><img loading=\"lazy\" decoding=\"async\" width=\"1024\" height=\"507\" src=\"https:\/\/fundacaofemar.org.br\/portalwordpress\/wp-content\/uploads\/2025\/03\/04-1024x507.jpg\" alt=\"\" class=\"wp-image-66909\" style=\"width:695px;height:auto\" srcset=\"https:\/\/fundacaofemar.org.br\/portalwordpress\/wp-content\/uploads\/2025\/03\/04-1024x507.jpg 1024w, https:\/\/fundacaofemar.org.br\/portalwordpress\/wp-content\/uploads\/2025\/03\/04-300x149.jpg 300w, https:\/\/fundacaofemar.org.br\/portalwordpress\/wp-content\/uploads\/2025\/03\/04-768x380.jpg 768w, https:\/\/fundacaofemar.org.br\/portalwordpress\/wp-content\/uploads\/2025\/03\/04-1536x760.jpg 1536w, https:\/\/fundacaofemar.org.br\/portalwordpress\/wp-content\/uploads\/2025\/03\/04-2048x1014.jpg 2048w\" sizes=\"(max-width: 1024px) 100vw, 1024px\" \/><\/figure><\/div>\n\n\n<p>O Projeto &#8220;Mar de Escolhas&#8221; \u00e9 motivo de orgulho por impulsionar a nova gera\u00e7\u00e3o no sentido de salvarmos os oceanos, maior reservat\u00f3rio de biodiversidade do Planeta.<\/p>\n\n\n<div class=\"wp-block-image is-style-default\">\n<figure class=\"aligncenter size-large is-resized\"><img loading=\"lazy\" decoding=\"async\" width=\"1024\" height=\"473\" src=\"https:\/\/fundacaofemar.org.br\/portalwordpress\/wp-content\/uploads\/2025\/03\/05-1024x473.jpg\" alt=\"\" class=\"wp-image-66910\" style=\"width:750px;height:auto\" srcset=\"https:\/\/fundacaofemar.org.br\/portalwordpress\/wp-content\/uploads\/2025\/03\/05-1024x473.jpg 1024w, https:\/\/fundacaofemar.org.br\/portalwordpress\/wp-content\/uploads\/2025\/03\/05-300x139.jpg 300w, https:\/\/fundacaofemar.org.br\/portalwordpress\/wp-content\/uploads\/2025\/03\/05-768x355.jpg 768w, https:\/\/fundacaofemar.org.br\/portalwordpress\/wp-content\/uploads\/2025\/03\/05-1536x710.jpg 1536w, https:\/\/fundacaofemar.org.br\/portalwordpress\/wp-content\/uploads\/2025\/03\/05-2048x946.jpg 2048w\" sizes=\"(max-width: 1024px) 100vw, 1024px\" \/><\/figure><\/div>\n\n\n<h2 class=\"wp-block-heading has-text-align-center\"><strong><mark style=\"background-color:rgba(0, 0, 0, 0)\" class=\"has-inline-color has-vivid-cyan-blue-color\"><strong>Funda\u00e7\u00e3o Pioneira da Maritimidade no Brasil<\/strong><\/mark><\/strong><\/h2>\n\n\n\n<h2 class=\"wp-block-heading has-text-align-center\"><strong><mark style=\"background-color:rgba(0, 0, 0, 0)\" class=\"has-inline-color has-vivid-cyan-blue-color\"><strong>Funda\u00e7\u00e3o de Estudos do Mar<\/strong><\/mark><\/strong><\/h2>\n\n\n\n<p><\/p>\n\n\n\n<figure class=\"wp-block-pullquote\"><blockquote><p><strong><em><mark style=\"background-color:rgba(0, 0, 0, 0)\" class=\"has-inline-color has-black-color\">N\u00e3o deixe de acompanhar novidades nos links abaixo:<\/mark><\/em><\/strong><br><a href=\"https:\/\/linktr.ee\/fundacaofemar\"><strong><mark style=\"background-color:rgba(0, 0, 0, 0)\" class=\"has-inline-color has-vivid-cyan-blue-color\">https:\/\/linktr.ee\/fundacaofemar<\/mark><\/strong><\/a><\/p><\/blockquote><\/figure>\n\n\n\n<p><\/p>\n<\/div>","protected":false},"excerpt":{"rendered":"<p>A Funda\u00e7\u00e3o de Estudos do Mar (FEMAR) realizou, no dia 28 de mar\u00e7o, mais uma atividade do &#8220;Mar de Escolhas&#8221;. O Projeto aconteceu na Escola Municipal C\u00edvico Militar Carioca, localizada no bairro Rocha &#8211; Zona Norte do Rio de Janeiro.<\/p>\n","protected":false},"author":9,"featured_media":0,"comment_status":"closed","ping_status":"closed","sticky":false,"template":"","format":"standard","meta":{"footnotes":""},"categories":[29,2],"tags":[],"class_list":["post-66905","post","type-post","status-publish","format-standard","hentry","category-ensino","category-news"],"rise-blocks_total_comments":0,"rise-blocks_categories":[{"term_id":29,"name":"Ensino","slug":"ensino","term_group":0,"term_taxonomy_id":29,"taxonomy":"category","description":"","parent":2,"count":143,"filter":"raw","cat_ID":29,"category_count":143,"category_description":"","cat_name":"Ensino","category_nicename":"ensino","category_parent":2},{"term_id":2,"name":"News","slug":"news","term_group":0,"term_taxonomy_id":2,"taxonomy":"category","description":"","parent":0,"count":365,"filter":"raw","cat_ID":2,"category_count":365,"category_description":"","cat_name":"News","category_nicename":"news","category_parent":0}],"rise-blocks_excerpt":"A Funda\u00e7\u00e3o de Estudos do Mar (FEMAR) realizou, no dia 28 de mar\u00e7o, mais uma atividade do \"Mar de Escolhas\". O Projeto aconteceu na Escola Municipal C\u00edvico Militar Carioca, localizada no bairro Rocha - Zona Norte do Rio de Janeiro.","_links":{"self":[{"href":"https:\/\/fundacaofemar.org.br\/portalwordpress\/wp-json\/wp\/v2\/posts\/66905","targetHints":{"allow":["GET"]}}],"collection":[{"href":"https:\/\/fundacaofemar.org.br\/portalwordpress\/wp-json\/wp\/v2\/posts"}],"about":[{"href":"https:\/\/fundacaofemar.org.br\/portalwordpress\/wp-json\/wp\/v2\/types\/post"}],"author":[{"embeddable":true,"href":"https:\/\/fundacaofemar.org.br\/portalwordpress\/wp-json\/wp\/v2\/users\/9"}],"replies":[{"embeddable":true,"href":"https:\/\/fundacaofemar.org.br\/portalwordpress\/wp-json\/wp\/v2\/comments?post=66905"}],"version-history":[{"count":0,"href":"https:\/\/fundacaofemar.org.br\/portalwordpress\/wp-json\/wp\/v2\/posts\/66905\/revisions"}],"wp:attachment":[{"href":"https:\/\/fundacaofemar.org.br\/portalwordpress\/wp-json\/wp\/v2\/media?parent=66905"}],"wp:term":[{"taxonomy":"category","embeddable":true,"href":"https:\/\/fundacaofemar.org.br\/portalwordpress\/wp-json\/wp\/v2\/categories?post=66905"},{"taxonomy":"post_tag","embeddable":true,"href":"https:\/\/fundacaofemar.org.br\/portalwordpress\/wp-json\/wp\/v2\/tags?post=66905"}],"curies":[{"name":"wp","href":"https:\/\/api.w.org\/{rel}","templated":true}]}}