{"id":67353,"date":"2025-04-29T13:10:18","date_gmt":"2025-04-29T16:10:18","guid":{"rendered":"https:\/\/fundacaofemar.org.br\/portalwordpress\/?p=67353"},"modified":"2025-11-26T07:48:30","modified_gmt":"2025-11-26T10:48:30","slug":"veleiro-escola-ilhabela-i-como-ferramenta-psicopedagogica","status":"publish","type":"post","link":"https:\/\/fundacaofemar.org.br\/portalwordpress\/2025\/04\/29\/veleiro-escola-ilhabela-i-como-ferramenta-psicopedagogica\/","title":{"rendered":"VELEIRO ESCOLA ILHABELA I COMO FERRAMENTA PSICOPEDAG\u00d3GICA"},"content":{"rendered":"<div class=\"post-content\">\n<p><strong>Publicado em 28 de Abril de 2025<\/strong><\/p>\n\n\n\n<p>A Associa\u00e7\u00e3o Barreiros somou-se \u00e0 vis\u00e3o do Instituto RUMAR, que \u00e9 a de resgatar e fomentar a conscientiza\u00e7\u00e3o da \u201cMentalidade Mar\u00edtima\u201d atrav\u00e9s de ferramentas educacionais empregadas ao longo da Costa Brasileira.<\/p>\n\n\n\n<p>O Barreiros entendeu a import\u00e2ncia desse aspecto socioeducacional e incorporou junto ao seu curr\u00edculo, aulas embarcadas no Veleiro Escola Ilhabela I. A embarca\u00e7\u00e3o tipo escaler, teve seu projeto fornecido pelo RUMAR e viabilizado pelo Barreiros.<\/p>\n\n\n\n<div class=\"wp-block-columns is-layout-flex wp-container-core-columns-is-layout-9d6595d7 wp-block-columns-is-layout-flex\">\n<div class=\"wp-block-column is-layout-flow wp-block-column-is-layout-flow\" style=\"flex-basis:100%\">\n<div class=\"wp-block-columns is-layout-flex wp-container-core-columns-is-layout-9d6595d7 wp-block-columns-is-layout-flex\">\n<div class=\"wp-block-column is-layout-flow wp-block-column-is-layout-flow\"><div class=\"wp-block-image\">\n<figure class=\"aligncenter size-full is-resized\"><img fetchpriority=\"high\" decoding=\"async\" width=\"276\" height=\"366\" src=\"https:\/\/fundacaofemar.org.br\/portalwordpress\/wp-content\/uploads\/2025\/04\/thumbnail_01.png\" alt=\"\" class=\"wp-image-67354\" style=\"width:457px;height:auto\" srcset=\"https:\/\/fundacaofemar.org.br\/portalwordpress\/wp-content\/uploads\/2025\/04\/thumbnail_01.png 276w, https:\/\/fundacaofemar.org.br\/portalwordpress\/wp-content\/uploads\/2025\/04\/thumbnail_01-226x300.png 226w\" sizes=\"(max-width: 276px) 100vw, 276px\" \/><\/figure><\/div><\/div>\n\n\n\n<div class=\"wp-block-column is-layout-flow wp-block-column-is-layout-flow\"><div class=\"wp-block-image\">\n<figure class=\"aligncenter size-full is-resized\"><img decoding=\"async\" width=\"267\" height=\"466\" src=\"https:\/\/fundacaofemar.org.br\/portalwordpress\/wp-content\/uploads\/2025\/04\/thumbnail_02.png\" alt=\"\" class=\"wp-image-67355\" style=\"width:343px;height:auto\" srcset=\"https:\/\/fundacaofemar.org.br\/portalwordpress\/wp-content\/uploads\/2025\/04\/thumbnail_02.png 267w, https:\/\/fundacaofemar.org.br\/portalwordpress\/wp-content\/uploads\/2025\/04\/thumbnail_02-172x300.png 172w\" sizes=\"(max-width: 267px) 100vw, 267px\" \/><\/figure><\/div><\/div>\n<\/div>\n<\/div>\n<\/div>\n\n\n\n<p>Durante o ano de 2024, o Barreiros iniciou as atividades com o veleiro. Nossa ideia foi permear o trabalho em grupo, autoconfian\u00e7a e encorajar os jovens aprendizes a vencerem seus desafios. S\u00e3o ferramentas essenciais para os jovens se prepararem para a vida, inclusive profissionalmente. Durante este per\u00edodo tivemos 120 adolescentes do ensino fundamental II aprendendo a velejar e conhecendo as din\u00e2micas em torno do veleiro-escola. Foram cinco escolas atendidas neste per\u00edodo. Mas nosso mar \u00e9 grande, poderoso. Pede mais! Por isso a Associa\u00e7\u00e3o Barreiros aumentou o n\u00famero de participantes no projeto, dobrando o n\u00famero de aulas.<\/p>\n\n\n\n<p> <\/p>\n\n\n<div class=\"wp-block-image\">\n<figure class=\"aligncenter size-full is-resized\"><img decoding=\"async\" width=\"481\" height=\"324\" src=\"https:\/\/fundacaofemar.org.br\/portalwordpress\/wp-content\/uploads\/2025\/04\/thumbnail_03.png\" alt=\"\" class=\"wp-image-67356\" style=\"width:575px;height:auto\" srcset=\"https:\/\/fundacaofemar.org.br\/portalwordpress\/wp-content\/uploads\/2025\/04\/thumbnail_03.png 481w, https:\/\/fundacaofemar.org.br\/portalwordpress\/wp-content\/uploads\/2025\/04\/thumbnail_03-300x202.png 300w\" sizes=\"(max-width: 481px) 100vw, 481px\" \/><\/figure><\/div>\n\n\n<p>No ano de 2025 implementamos a navega\u00e7\u00e3o do veleiro-escola para dois per\u00edodos:<\/p>\n\n\n\n<p>&#8211; Manh\u00e3s de ter\u00e7as e quintas-feiras: O veleiro est\u00e1 \u00e0 disposi\u00e7\u00e3o para que os professores das oito turmas possam agendar e utiliz\u00e1-lo para viv\u00eancias n\u00e1uticas que possam ajudar nos assuntos de sala de aula. Neste hor\u00e1rio a utiliza\u00e7\u00e3o \u00e9 pontual com o objetivo de oferecer novas experi\u00eancias para mais de 130 alunos neste per\u00edodo.<\/p>\n\n\n\n<p>&#8211; Tardes de ter\u00e7as e quintas-feiras: Utilizamos o veleiro de forma frequente e sistem\u00e1tica, ensinando-se a velejar. Quatro grupos fazem parte do \u201cprojeto mar\u201d (modalidade veleiro). Para este hor\u00e1rio, a utiliza\u00e7\u00e3o do veleiro \u00e9 mais longa e com maior aprofundamento. Aproximadamente 80 alunos participam das aulas embarcadas neste per\u00edodo.<\/p>\n\n\n<div class=\"wp-block-image\">\n<figure class=\"aligncenter size-full is-resized\"><img loading=\"lazy\" decoding=\"async\" width=\"465\" height=\"317\" src=\"https:\/\/fundacaofemar.org.br\/portalwordpress\/wp-content\/uploads\/2025\/04\/thumbnail_04.png\" alt=\"\" class=\"wp-image-67357\" style=\"width:571px;height:auto\" srcset=\"https:\/\/fundacaofemar.org.br\/portalwordpress\/wp-content\/uploads\/2025\/04\/thumbnail_04.png 465w, https:\/\/fundacaofemar.org.br\/portalwordpress\/wp-content\/uploads\/2025\/04\/thumbnail_04-300x205.png 300w\" sizes=\"(max-width: 465px) 100vw, 465px\" \/><\/figure><\/div>\n\n\n<p> N\u00e3o podemos virar as costas para nossa Costa Brasileira! Vamos municiar nossos estudantes para esta batalha, com a mais poderosa das armas: a educa\u00e7\u00e3o.<\/p>\n\n\n\n<figure class=\"wp-block-image size-full\"><img loading=\"lazy\" decoding=\"async\" width=\"402\" height=\"187\" src=\"https:\/\/fundacaofemar.org.br\/portalwordpress\/wp-content\/uploads\/2025\/04\/thumbnail_05.png\" alt=\"\" class=\"wp-image-67358\" srcset=\"https:\/\/fundacaofemar.org.br\/portalwordpress\/wp-content\/uploads\/2025\/04\/thumbnail_05.png 402w, https:\/\/fundacaofemar.org.br\/portalwordpress\/wp-content\/uploads\/2025\/04\/thumbnail_05-300x140.png 300w\" sizes=\"(max-width: 402px) 100vw, 402px\" \/><\/figure>\n\n\n\n<p> Sauda\u00e7\u00f5es,<\/p>\n\n\n\n<p>Carlos Augusto Amaral Paes de Barros<\/p>\n\n\n\n<p>Diretor da Associa\u00e7\u00e3o Barreiros<\/p>\n\n\n\n<p>Fontes: <\/p>\n\n\n\n<p><a href=\"https:\/\/www.abarreiros.org.br\/\">https:\/\/www.abarreiros.org.br\/<\/a><\/p>\n\n\n\n<p><a href=\"https:\/\/www.youtube.com\/@AssociacaoBarreiros\" target=\"_blank\" rel=\"noreferrer noopener\">https:\/\/www.youtube.com\/@AssociacaoBarreiros<\/a><\/p>\n\n\n\n<p><a href=\"https:\/\/www.instagram.com\/associacaobarreiros\/\">https:\/\/www.instagram.com\/associacaobarreiros\/<\/a> <\/p>\n\n\n\n<h2 class=\"wp-block-heading\">A Funda\u00e7\u00e3o de Estudos do Mar (FEMAR) deseja prosperidade, progresso cont\u00ednuo e excel\u00eancia nos pr\u00f3ximos cap\u00edtulos desta hist\u00f3ria de sucesso!<\/h2>\n\n\n\n<h2 class=\"wp-block-heading has-text-align-center\"><strong><mark style=\"background-color:rgba(0, 0, 0, 0)\" class=\"has-inline-color has-vivid-cyan-blue-color\"><strong>Funda\u00e7\u00e3o Pioneira da Maritimidade no Brasil<\/strong><\/mark><\/strong><\/h2>\n\n\n\n<h2 class=\"wp-block-heading has-text-align-center\"><strong><mark style=\"background-color:rgba(0, 0, 0, 0)\" class=\"has-inline-color has-vivid-cyan-blue-color\"><strong>Funda\u00e7\u00e3o de Estudos do Mar<\/strong><\/mark><\/strong><\/h2>\n\n\n\n<p><\/p>\n\n\n\n<figure class=\"wp-block-pullquote\"><blockquote><p><strong><em><mark style=\"background-color:rgba(0, 0, 0, 0)\" class=\"has-inline-color has-black-color\">N\u00e3o deixe de acompanhar novidades nos links abaixo:<\/mark><\/em><\/strong><br><a href=\"https:\/\/linktr.ee\/fundacaofemar\"><strong><mark style=\"background-color:rgba(0, 0, 0, 0)\" class=\"has-inline-color has-vivid-cyan-blue-color\">https:\/\/linktr.ee\/fundacaofemar<\/mark><\/strong><\/a><\/p><\/blockquote><\/figure>\n\n\n\n<p><\/p>\n<\/div>","protected":false},"excerpt":{"rendered":"<p>A Associa\u00e7\u00e3o Barreiros somou-se \u00e0 vis\u00e3o do Instituto RUMAR, que \u00e9 a de resgatar e fomentar a conscientiza\u00e7\u00e3o da \u201cMentalidade Mar\u00edtima\u201d atrav\u00e9s de ferramentas educacionais empregadas ao longo da Costa Brasileira.<\/p>\n","protected":false},"author":9,"featured_media":0,"comment_status":"closed","ping_status":"closed","sticky":false,"template":"","format":"standard","meta":{"footnotes":""},"categories":[29,20,2],"tags":[],"class_list":["post-67353","post","type-post","status-publish","format-standard","hentry","category-ensino","category-institucional","category-news"],"rise-blocks_total_comments":0,"rise-blocks_categories":[{"term_id":29,"name":"Ensino","slug":"ensino","term_group":0,"term_taxonomy_id":29,"taxonomy":"category","description":"","parent":2,"count":143,"filter":"raw","cat_ID":29,"category_count":143,"category_description":"","cat_name":"Ensino","category_nicename":"ensino","category_parent":2},{"term_id":20,"name":"Institucional","slug":"institucional","term_group":0,"term_taxonomy_id":20,"taxonomy":"category","description":"","parent":2,"count":51,"filter":"raw","cat_ID":20,"category_count":51,"category_description":"","cat_name":"Institucional","category_nicename":"institucional","category_parent":2},{"term_id":2,"name":"News","slug":"news","term_group":0,"term_taxonomy_id":2,"taxonomy":"category","description":"","parent":0,"count":365,"filter":"raw","cat_ID":2,"category_count":365,"category_description":"","cat_name":"News","category_nicename":"news","category_parent":0}],"rise-blocks_excerpt":"A Associa\u00e7\u00e3o Barreiros somou-se \u00e0 vis\u00e3o do Instituto RUMAR, que \u00e9 a de resgatar e fomentar a conscientiza\u00e7\u00e3o da \u201cMentalidade Mar\u00edtima\u201d atrav\u00e9s de ferramentas educacionais empregadas ao longo da Costa Brasileira.","_links":{"self":[{"href":"https:\/\/fundacaofemar.org.br\/portalwordpress\/wp-json\/wp\/v2\/posts\/67353","targetHints":{"allow":["GET"]}}],"collection":[{"href":"https:\/\/fundacaofemar.org.br\/portalwordpress\/wp-json\/wp\/v2\/posts"}],"about":[{"href":"https:\/\/fundacaofemar.org.br\/portalwordpress\/wp-json\/wp\/v2\/types\/post"}],"author":[{"embeddable":true,"href":"https:\/\/fundacaofemar.org.br\/portalwordpress\/wp-json\/wp\/v2\/users\/9"}],"replies":[{"embeddable":true,"href":"https:\/\/fundacaofemar.org.br\/portalwordpress\/wp-json\/wp\/v2\/comments?post=67353"}],"version-history":[{"count":0,"href":"https:\/\/fundacaofemar.org.br\/portalwordpress\/wp-json\/wp\/v2\/posts\/67353\/revisions"}],"wp:attachment":[{"href":"https:\/\/fundacaofemar.org.br\/portalwordpress\/wp-json\/wp\/v2\/media?parent=67353"}],"wp:term":[{"taxonomy":"category","embeddable":true,"href":"https:\/\/fundacaofemar.org.br\/portalwordpress\/wp-json\/wp\/v2\/categories?post=67353"},{"taxonomy":"post_tag","embeddable":true,"href":"https:\/\/fundacaofemar.org.br\/portalwordpress\/wp-json\/wp\/v2\/tags?post=67353"}],"curies":[{"name":"wp","href":"https:\/\/api.w.org\/{rel}","templated":true}]}}