{"id":67794,"date":"2025-06-05T16:42:22","date_gmt":"2025-06-05T19:42:22","guid":{"rendered":"https:\/\/fundacaofemar.org.br\/portalwordpress\/?p=67794"},"modified":"2025-12-01T11:04:17","modified_gmt":"2025-12-01T14:04:17","slug":"processo-seletivo-publico-no09-2025-aquisicao-de-modulo-rele","status":"publish","type":"post","link":"https:\/\/fundacaofemar.org.br\/portalwordpress\/2025\/06\/05\/processo-seletivo-publico-no09-2025-aquisicao-de-modulo-rele\/","title":{"rendered":"Processo Seletivo P\u00fablico n\u00ba09\/2025 &#8211; Aquisi\u00e7\u00e3o de m\u00f3dulo rel\u00e9"},"content":{"rendered":"<div class=\"post-content\">\t\t<div data-elementor-type=\"wp-post\" data-elementor-id=\"67794\" class=\"elementor elementor-67794\">\n\t\t\t\t\t\t<section class=\"elementor-section elementor-top-section elementor-element elementor-element-cd639ea elementor-section-boxed elementor-section-height-default elementor-section-height-default\" data-id=\"cd639ea\" data-element_type=\"section\">\n\t\t\t\t\t\t<div class=\"elementor-container elementor-column-gap-default\">\n\t\t\t\t\t<div class=\"elementor-column elementor-col-100 elementor-top-column elementor-element elementor-element-6f464ee5\" data-id=\"6f464ee5\" data-element_type=\"column\">\n\t\t\t<div class=\"elementor-widget-wrap elementor-element-populated\">\n\t\t\t\t\t\t<div class=\"elementor-element elementor-element-31dcab32 elementor-widget__width-initial elementor-widget elementor-widget-text-editor\" data-id=\"31dcab32\" data-element_type=\"widget\" data-widget_type=\"text-editor.default\">\n\t\t\t\t<div class=\"elementor-widget-container\">\n\t\t\t\t\t\t\t\t\t<p style=\"text-align: right;\"><strong>\u00a0<\/strong><\/p>\n<div>\n<div>\n<div data-olk-copy-source=\"MessageBody\">\n<div class=\"x_elementToProof\"><b data-olk-copy-source=\"MessageBody\">A FUNDA\u00c7\u00c3O DE ESTUDOS DO MAR<\/b>\u00a0\u2013 <b>FEMAR, <\/b>entidade privada, sem finalidade lucrativa, regida por seu Estatuto Social, torna p\u00fablico para conhecimento dos interessados a realiza\u00e7\u00e3o de<b> PROCESSO SELETIVO P\u00daBLICO NO FORMATO ELETR\u00d4NICO<\/b>, no modo de <b>DISPUTA ABERTO<\/b>, pelo crit\u00e9rio de <b>MENOR PRE\u00c7O <\/b>na plataforma COTABOX, com a finalidade de selecionar proposta de pre\u00e7o mais vantajosa, segundo as condi\u00e7\u00f5es e especifica\u00e7\u00f5es fixadas neste instrumento convocat\u00f3rio e em seus anexos. Cabe ressaltar, os seguintes itens:<\/div>\n<div class=\"x_elementToProof\">\u00a0<\/div>\n<div class=\"x_elementToProof\"><b>Objeto:<\/b>\u00a0Aquisi\u00e7\u00e3o de m\u00f3dulo rel\u00e9, conforme exig\u00eancias e especifica\u00e7\u00f5es estabelecidas no Termo de Refer\u00eancia.<\/div>\n<div class=\"x_elementToProof\">\u00a0<\/div>\n<div class=\"x_elementToProof\"><b>Finalidade: <\/b>Atender ao Conv\u00eanio n\u00ba <b>20301\/2024-010\/00, celebrado entre o Instituto de Pesquisas da Marinha \u2013 IPqM, na qualidade de ICT da Uni\u00e3o, e a sua Funda\u00e7\u00e3o de Apoio <\/b>Funda\u00e7\u00e3o de Estudos do Mar &#8211; \u00a0<b>FEMAR<\/b>, para Execu\u00e7\u00e3o do Projeto Denominado Desenvolvimento, Testes e Implanta\u00e7\u00e3o do Sistema de Controle e Monitora\u00e7\u00e3o para o Navio-Patrulha Mangaratiba (SCM-Mangaratiba).<\/div>\n<div class=\"x_elementToProof\" aria-hidden=\"true\">\u00a0<\/div>\n<ol start=\"1\" data-editing-info=\"{&quot;orderedStyleType&quot;:6}\">\n<li style=\"list-style-type: none;\">\n<ol start=\"1\" data-editing-info=\"{&quot;orderedStyleType&quot;:6}\">\n<li>\n<div class=\"x_elementToProof\">Data-limite para solicita\u00e7\u00e3o de esclarecimento: <b><u>06\/06\/2025<\/u><\/b>, at\u00e9 \u00e0s 12:30;<\/div>\n<\/li>\n<li>\n<div class=\"x_elementToProof\">Data-limite para impugna\u00e7\u00e3o do edital: <b><u>09\/06\/2025 <\/u><\/b>at\u00e9 \u00e0s 15h;<\/div>\n<\/li>\n<li>\n<div class=\"x_elementToProof\">Data-limite para entrega das propostas de pre\u00e7os: <b><u>12\/06\/2025<\/u><\/b>\u00a0at\u00e9 \u00e0s 10h;<\/div>\n<\/li>\n<\/ol>\n<\/li>\n<\/ol>\n<div class=\"x_elementToProof\">\u00a0Data-limite para entrega da documenta\u00e7\u00e3o de Habilita\u00e7\u00e3o: <b><u>13\/06\/2025<\/u><\/b>, at\u00e9 \u00e0s 10h; e<\/div>\n<div class=\"x_elementToProof\" aria-hidden=\"true\">\u00a0<\/div>\n<div class=\"x_elementToProof\">Data limite para divulga\u00e7\u00e3o do resultado final at\u00e9: <b><u>16\/06\/2025<\/u><\/b>.<\/div>\n<div class=\"x_elementToProof\">\u00a0\u00a0<\/div>\n<div class=\"x_elementToProof\">O\u00a0Processo\u00a0Seletivo P\u00fablico fica \u00e0 disposi\u00e7\u00e3o dos interessados\u00a0no\u00a0Portal\u00a0de Compras da FEMAR\u00a0no endere\u00e7o <a id=\"LPlnkOWA637918dc-b255-030b-486c-764f4f7474c3\" class=\"x_x_x_x_x_OWAAutoLink\" title=\"http:\/\/www.fundacaofemar.org.br\/\" href=\"http:\/\/www.fundacaofemar.org.br\/\" target=\"_blank\" rel=\"noopener noreferrer\" data-linkindex=\"0\" data-auth=\"NotApplicable\">www.fundacaofemar.org.br<\/a><\/div>\n<div>\u00a0<\/div>\n<div><a style=\"background-color: #ffffff;\" href=\"https:\/\/fundacaofemar.org.br\/portalwordpress\/wp-content\/uploads\/2025\/06\/PSP-09.2025-Modulo-Rele-1.pdf\" target=\"_blank\" rel=\"noreferrer noopener\">\u00a0BAIXAR EDITAL<\/a><\/div>\n<\/div>\n<\/div>\n<\/div>\n<div>\n<div>\u00a0<a style=\"background-color: #ffffff;\" href=\"https:\/\/fundacaofemar.org.br\/portalwordpress\/portal-de-compras\/\" rel=\"\">VOLTAR<\/a><span style=\"border: 0px; font-variant-numeric: inherit; font-variant-east-asian: inherit; font-variant-alternates: inherit; font-variant-position: inherit; font-stretch: inherit; font-size: 16px; line-height: inherit; font-family: Arial, sans-serif; font-optical-sizing: inherit; font-kerning: inherit; font-feature-settings: inherit; font-variation-settings: inherit; margin: 0px; padding: 0px; vertical-align: baseline; color: #000000;\">\u00a0<\/span><b style=\"color: #000000; font-family: Aptos, Aptos_EmbeddedFont, Aptos_MSFontService, Calibri, Helvetica, sans-serif; font-size: 16px;\"><i data-olk-copy-source=\"MessageBody\">\u00a0<\/i><\/b><\/div>\n<\/div>\n<div>\n<p><!-- \/wp:button --><\/p>\n<\/div>\n<p><!-- \/wp:buttons --><!-- wp:paragraph --><\/p>\n<p><!-- \/wp:paragraph --><\/p>\t\t\t\t\t\t\t\t<\/div>\n\t\t\t\t<\/div>\n\t\t\t\t\t<\/div>\n\t\t<\/div>\n\t\t\t\t\t<\/div>\n\t\t<\/section>\n\t\t\t\t<\/div>\n\t\t<\/div>","protected":false},"excerpt":{"rendered":"<p>Processo Seletivo P\u00fablico n\u00ba09\/2025 &#8211; Aquisi\u00e7\u00e3o de m\u00f3dulo rel\u00e9<\/p>\n","protected":false},"author":9,"featured_media":7333,"comment_status":"closed","ping_status":"closed","sticky":false,"template":"","format":"standard","meta":{"footnotes":""},"categories":[35,30],"tags":[46,36],"class_list":["post-67794","post","type-post","status-publish","format-standard","has-post-thumbnail","hentry","category-licitacoes","category-comunicados-compras","tag-processo-publico","tag-status-encerrado"],"rise-blocks_total_comments":0,"rise-blocks_categories":[{"term_id":35,"name":"Licita\u00e7\u00f5es","slug":"licitacoes","term_group":0,"term_taxonomy_id":35,"taxonomy":"category","description":"","parent":0,"count":118,"filter":"raw","cat_ID":35,"category_count":118,"category_description":"","cat_name":"Licita\u00e7\u00f5es","category_nicename":"licitacoes","category_parent":0},{"term_id":30,"name":"Portal de Compras","slug":"comunicados-compras","term_group":0,"term_taxonomy_id":30,"taxonomy":"category","description":"","parent":0,"count":150,"filter":"raw","cat_ID":30,"category_count":150,"category_description":"","cat_name":"Portal de Compras","category_nicename":"comunicados-compras","category_parent":0}],"rise-blocks_excerpt":"Processo Seletivo P\u00fablico n\u00ba09\/2025 - Aquisi\u00e7\u00e3o de m\u00f3dulo rel\u00e9","_links":{"self":[{"href":"https:\/\/fundacaofemar.org.br\/portalwordpress\/wp-json\/wp\/v2\/posts\/67794","targetHints":{"allow":["GET"]}}],"collection":[{"href":"https:\/\/fundacaofemar.org.br\/portalwordpress\/wp-json\/wp\/v2\/posts"}],"about":[{"href":"https:\/\/fundacaofemar.org.br\/portalwordpress\/wp-json\/wp\/v2\/types\/post"}],"author":[{"embeddable":true,"href":"https:\/\/fundacaofemar.org.br\/portalwordpress\/wp-json\/wp\/v2\/users\/9"}],"replies":[{"embeddable":true,"href":"https:\/\/fundacaofemar.org.br\/portalwordpress\/wp-json\/wp\/v2\/comments?post=67794"}],"version-history":[{"count":0,"href":"https:\/\/fundacaofemar.org.br\/portalwordpress\/wp-json\/wp\/v2\/posts\/67794\/revisions"}],"wp:featuredmedia":[{"embeddable":true,"href":"https:\/\/fundacaofemar.org.br\/portalwordpress\/wp-json\/wp\/v2\/media\/7333"}],"wp:attachment":[{"href":"https:\/\/fundacaofemar.org.br\/portalwordpress\/wp-json\/wp\/v2\/media?parent=67794"}],"wp:term":[{"taxonomy":"category","embeddable":true,"href":"https:\/\/fundacaofemar.org.br\/portalwordpress\/wp-json\/wp\/v2\/categories?post=67794"},{"taxonomy":"post_tag","embeddable":true,"href":"https:\/\/fundacaofemar.org.br\/portalwordpress\/wp-json\/wp\/v2\/tags?post=67794"}],"curies":[{"name":"wp","href":"https:\/\/api.w.org\/{rel}","templated":true}]}}