{"id":68027,"date":"2025-06-27T12:09:19","date_gmt":"2025-06-27T15:09:19","guid":{"rendered":"https:\/\/fundacaofemar.org.br\/portalwordpress\/?p=68027"},"modified":"2025-11-26T07:39:57","modified_gmt":"2025-11-26T10:39:57","slug":"femar-participa-de-seminario-sobre-ciencia-e-inovacao-maritima","status":"publish","type":"post","link":"https:\/\/fundacaofemar.org.br\/portalwordpress\/2025\/06\/27\/femar-participa-de-seminario-sobre-ciencia-e-inovacao-maritima\/","title":{"rendered":"FEMAR PARTICIPA DE SEMIN\u00c1RIO SOBRE CI\u00caNCIA E INOVA\u00c7\u00c3O MAR\u00cdTIMA"},"content":{"rendered":"<div class=\"post-content\">\n<p><strong>Publicado em 27 de Junho de 2025<\/strong><\/p>\n\n\n\n<p>Em busca de impulsionar o debate nacional sobre a explora\u00e7\u00e3o sustent\u00e1vel dos recursos oce\u00e2nicos e o papel estrat\u00e9gico do Pa\u00eds como pot\u00eancia mar\u00edtima no Atl\u00e2ntico Sul, a Funda\u00e7\u00e3o de Estudos do Mar (FEMAR), participou, no dia 24 de junho, do Semin\u00e1rio da Ci\u00eancia, Tecnologia e Inova\u00e7\u00e3o do Mar, realizado na sede do Clube de Engenharia do Brasil (CEB).<\/p>\n\n\n\n<p>O evento, promovido pelo CEB, em parceria com o Centro de Excel\u00eancia para o Mar Brasileiro (CEMBRA) e a FEMAR, reuniu representantes da academia, de institui\u00e7\u00f5es p\u00fablicas e p\u00fablico do setor produtivo.<\/p>\n\n\n\n<p>Durante o Semin\u00e1rio foi ressaltada a import\u00e2ncia de investimentos em ci\u00eancia e tecnologia voltados para a Economia do Mar, com o prop\u00f3sito de explorar, de forma sustent\u00e1vel, o potencial de recursos vivos e n\u00e3o vivos da Amaz\u00f4nia Azul, equilibrando as quest\u00f5es associadas \u00e0 pesquisa cient\u00edfica, \u00e0 inova\u00e7\u00e3o e \u00e0 preserva\u00e7\u00e3o de oceanos e mares.<\/p>\n\n\n\n<p>Foram apresentadas palestras sobre temas essenciais para o futuro da explora\u00e7\u00e3o sustent\u00e1vel dos oceanos:<\/p>\n\n\n\n<p>* Concilia\u00e7\u00e3o entre a Explora\u00e7\u00e3o Petrol\u00edfera e a Sustentabilidade \u2013 Presidente do CEB, Dr. Francis Bogossian<\/p>\n\n\n\n<p>* O Caderno de Ci\u00eancia, Tecnologia e Inova\u00e7\u00e3o no Mar \u2013 Presidente da FEMAR, Almirante de Esquadra Marcelo Francisco Campos<\/p>\n\n\n<div class=\"wp-block-image is-style-default\">\n<figure class=\"aligncenter size-full is-resized\"><img fetchpriority=\"high\" decoding=\"async\" width=\"2560\" height=\"1707\" src=\"https:\/\/fundacaofemar.org.br\/portalwordpress\/wp-content\/uploads\/2025\/06\/01-2-scaled.jpg\" alt=\"\" class=\"wp-image-68028\" style=\"width:582px;height:auto\" srcset=\"https:\/\/fundacaofemar.org.br\/portalwordpress\/wp-content\/uploads\/2025\/06\/01-2-scaled.jpg 2560w, https:\/\/fundacaofemar.org.br\/portalwordpress\/wp-content\/uploads\/2025\/06\/01-2-300x200.jpg 300w, https:\/\/fundacaofemar.org.br\/portalwordpress\/wp-content\/uploads\/2025\/06\/01-2-1024x683.jpg 1024w, https:\/\/fundacaofemar.org.br\/portalwordpress\/wp-content\/uploads\/2025\/06\/01-2-768x512.jpg 768w, https:\/\/fundacaofemar.org.br\/portalwordpress\/wp-content\/uploads\/2025\/06\/01-2-1536x1024.jpg 1536w, https:\/\/fundacaofemar.org.br\/portalwordpress\/wp-content\/uploads\/2025\/06\/01-2-2048x1365.jpg 2048w\" sizes=\"(max-width: 2560px) 100vw, 2560px\" \/><\/figure><\/div>\n\n\n<p>* O estabelecimento da Plataforma Continental Brasileira \u2013 Representante da Comiss\u00e3o Interministerial para os Recursos do Mar (CIRM\/LEPLAC\/DHN), Vice-Almirante Ant\u00f4nio Fernando Garcez Faria<\/p>\n\n\n\n<p>* Nova Fronteira de Explora\u00e7\u00e3o: Margem Equatorial \u2013 Representante da Universidade Estadual do Rio de Janeiro (UERJ), Prof. Dr. Webster Mohriak<\/p>\n\n\n\n<p>* Novas Fronteiras de Explora\u00e7\u00e3o de Petr\u00f3leo: Bacia de Pelotas \u2013 Representante da Universidade Federal Fluminense (UFF), Prof. Dr. Luiz Gamboa<\/p>\n\n\n\n<p>* Estudo Multidisciplinar da Eleva\u00e7\u00e3o do Rio Grande: Explora\u00e7\u00e3o Sustent\u00e1vel de Recursos Minerais \u2013 Representante do Instituto Oceanogr\u00e1fico da Universidade de S\u00e3o Paulo (IO-USP), Prof. Dr. Luigi Jovane<\/p>\n\n\n\n<p>* Perfura\u00e7\u00e3o Cient\u00edfica nos Oceanos: Registros do Passado Geol\u00f3gico e Import\u00e2ncia para o Brasil \u2013 Representante da Universidade do Vale do Rio dos Sinos (UNISINOS), Prof. Dr. Farid Chemale<\/p>\n\n\n\n<p>* O Programa Fundo Oce\u00e2nico da Amaz\u00f4nia Azul (PROFOCAZ) \u2013 Representante da UFF e do CEMBRA, Prof. Dr. Sidney Mello<\/p>\n\n\n\n<p>* O Projeto Estruturante na \u00c1rea de Submers\u00edveis para o Brasil \u2013 Presidente do CEMBRA, Almirante de Esquadra Julio Soares de Moura Neto<\/p>\n\n\n<div class=\"wp-block-image is-style-default\">\n<figure class=\"aligncenter size-full is-resized\"><img decoding=\"async\" width=\"2560\" height=\"1514\" src=\"https:\/\/fundacaofemar.org.br\/portalwordpress\/wp-content\/uploads\/2025\/06\/02-1-scaled.jpg\" alt=\"\" class=\"wp-image-68031\" style=\"width:626px;height:auto\" srcset=\"https:\/\/fundacaofemar.org.br\/portalwordpress\/wp-content\/uploads\/2025\/06\/02-1-scaled.jpg 2560w, https:\/\/fundacaofemar.org.br\/portalwordpress\/wp-content\/uploads\/2025\/06\/02-1-300x177.jpg 300w, https:\/\/fundacaofemar.org.br\/portalwordpress\/wp-content\/uploads\/2025\/06\/02-1-1024x606.jpg 1024w, https:\/\/fundacaofemar.org.br\/portalwordpress\/wp-content\/uploads\/2025\/06\/02-1-768x454.jpg 768w, https:\/\/fundacaofemar.org.br\/portalwordpress\/wp-content\/uploads\/2025\/06\/02-1-1536x909.jpg 1536w, https:\/\/fundacaofemar.org.br\/portalwordpress\/wp-content\/uploads\/2025\/06\/02-1-2048x1211.jpg 2048w\" sizes=\"(max-width: 2560px) 100vw, 2560px\" \/><\/figure><\/div>\n\n\n<p>Ao t\u00e9rmino do Semin\u00e1rio da Ci\u00eancia, Tecnologia e Inova\u00e7\u00e3o no Mar comprovou-se a import\u00e2ncia dos investimentos nos diversos segmentos da Economia do Mar \u2013 sempre buscando o equil\u00edbrio entre a explora\u00e7\u00e3o de recursos marinhos e a prote\u00e7\u00e3o do meio ambiente \u2013 como forma de promover o desenvolvimento nacional, bem como afirmar que o conhecimento cient\u00edfico contribui, significativamente, para o incremento da soberania brasileira sobre a Amaz\u00f4nia Azul.<\/p>\n\n\n\n<h2 class=\"wp-block-heading has-text-align-center\"><strong><mark style=\"background-color:rgba(0, 0, 0, 0)\" class=\"has-inline-color has-vivid-cyan-blue-color\"><strong>Funda\u00e7\u00e3o Pioneira da Maritimidade no Brasil<\/strong><\/mark><\/strong><\/h2>\n\n\n\n<h2 class=\"wp-block-heading has-text-align-center\"><strong><mark style=\"background-color:rgba(0, 0, 0, 0)\" class=\"has-inline-color has-vivid-cyan-blue-color\"><strong>Funda\u00e7\u00e3o de Estudos do Mar<\/strong><\/mark><\/strong><\/h2>\n\n\n\n<p><\/p>\n\n\n\n<figure class=\"wp-block-pullquote\"><blockquote><p><strong><em><mark style=\"background-color:rgba(0, 0, 0, 0)\" class=\"has-inline-color has-black-color\">N\u00e3o deixe de acompanhar nossas novidades no link:<\/mark><\/em><\/strong><br><a href=\"https:\/\/linktr.ee\/fundacaofemar\"><strong><mark style=\"background-color:rgba(0, 0, 0, 0)\" class=\"has-inline-color has-vivid-cyan-blue-color\">https:\/\/linktr.ee\/fundacaofemar<\/mark><\/strong><\/a><\/p><\/blockquote><\/figure>\n\n\n\n<p><\/p>\n<\/div>","protected":false},"excerpt":{"rendered":"<p>Em busca de impulsionar o debate nacional sobre a explora\u00e7\u00e3o sustent\u00e1vel dos recursos oce\u00e2nicos e o papel estrat\u00e9gico do Pa\u00eds como pot\u00eancia mar\u00edtima no Atl\u00e2ntico Sul, a Funda\u00e7\u00e3o de Estudos do Mar (FEMAR), participou, no dia 24 de junho, do Semin\u00e1rio da Ci\u00eancia, Tecnologia e Inova\u00e7\u00e3o do Mar, realizado na sede do Clube de Engenharia do Brasil (CEB).<\/p>\n","protected":false},"author":9,"featured_media":0,"comment_status":"closed","ping_status":"closed","sticky":false,"template":"","format":"standard","meta":{"footnotes":""},"categories":[29,18,17,2],"tags":[],"class_list":["post-68027","post","type-post","status-publish","format-standard","hentry","category-ensino","category-eventos","category-meio-ambiente","category-news"],"rise-blocks_total_comments":0,"rise-blocks_categories":[{"term_id":29,"name":"Ensino","slug":"ensino","term_group":0,"term_taxonomy_id":29,"taxonomy":"category","description":"","parent":2,"count":142,"filter":"raw","cat_ID":29,"category_count":142,"category_description":"","cat_name":"Ensino","category_nicename":"ensino","category_parent":2},{"term_id":18,"name":"Eventos","slug":"eventos","term_group":0,"term_taxonomy_id":18,"taxonomy":"category","description":"","parent":2,"count":239,"filter":"raw","cat_ID":18,"category_count":239,"category_description":"","cat_name":"Eventos","category_nicename":"eventos","category_parent":2},{"term_id":17,"name":"Meio Ambiente","slug":"meio-ambiente","term_group":0,"term_taxonomy_id":17,"taxonomy":"category","description":"","parent":2,"count":35,"filter":"raw","cat_ID":17,"category_count":35,"category_description":"","cat_name":"Meio Ambiente","category_nicename":"meio-ambiente","category_parent":2},{"term_id":2,"name":"News","slug":"news","term_group":0,"term_taxonomy_id":2,"taxonomy":"category","description":"","parent":0,"count":363,"filter":"raw","cat_ID":2,"category_count":363,"category_description":"","cat_name":"News","category_nicename":"news","category_parent":0}],"rise-blocks_excerpt":"Em busca de impulsionar o debate nacional sobre a explora\u00e7\u00e3o sustent\u00e1vel dos recursos oce\u00e2nicos e o papel estrat\u00e9gico do Pa\u00eds como pot\u00eancia mar\u00edtima no Atl\u00e2ntico Sul, a Funda\u00e7\u00e3o de Estudos do Mar (FEMAR), participou, no dia 24 de junho, do Semin\u00e1rio da Ci\u00eancia, Tecnologia e Inova\u00e7\u00e3o do Mar, realizado na sede do Clube de Engenharia do Brasil (CEB).","_links":{"self":[{"href":"https:\/\/fundacaofemar.org.br\/portalwordpress\/wp-json\/wp\/v2\/posts\/68027","targetHints":{"allow":["GET"]}}],"collection":[{"href":"https:\/\/fundacaofemar.org.br\/portalwordpress\/wp-json\/wp\/v2\/posts"}],"about":[{"href":"https:\/\/fundacaofemar.org.br\/portalwordpress\/wp-json\/wp\/v2\/types\/post"}],"author":[{"embeddable":true,"href":"https:\/\/fundacaofemar.org.br\/portalwordpress\/wp-json\/wp\/v2\/users\/9"}],"replies":[{"embeddable":true,"href":"https:\/\/fundacaofemar.org.br\/portalwordpress\/wp-json\/wp\/v2\/comments?post=68027"}],"version-history":[{"count":0,"href":"https:\/\/fundacaofemar.org.br\/portalwordpress\/wp-json\/wp\/v2\/posts\/68027\/revisions"}],"wp:attachment":[{"href":"https:\/\/fundacaofemar.org.br\/portalwordpress\/wp-json\/wp\/v2\/media?parent=68027"}],"wp:term":[{"taxonomy":"category","embeddable":true,"href":"https:\/\/fundacaofemar.org.br\/portalwordpress\/wp-json\/wp\/v2\/categories?post=68027"},{"taxonomy":"post_tag","embeddable":true,"href":"https:\/\/fundacaofemar.org.br\/portalwordpress\/wp-json\/wp\/v2\/tags?post=68027"}],"curies":[{"name":"wp","href":"https:\/\/api.w.org\/{rel}","templated":true}]}}