{"id":68374,"date":"2025-07-11T15:43:50","date_gmt":"2025-07-11T18:43:50","guid":{"rendered":"https:\/\/fundacaofemar.org.br\/portalwordpress\/?p=68374"},"modified":"2025-11-26T07:39:42","modified_gmt":"2025-11-26T10:39:42","slug":"alunos-participam-de-atividades-do-mangue-legal","status":"publish","type":"post","link":"https:\/\/fundacaofemar.org.br\/portalwordpress\/2025\/07\/11\/alunos-participam-de-atividades-do-mangue-legal\/","title":{"rendered":"ALUNOS PARTICIPAM DE ATIVIDADES DO \u201cMANGUE LEGAL\u201d"},"content":{"rendered":"<div class=\"post-content\">\n<p><strong>Publicado em11 de Julho de 2025<\/strong><\/p>\n\n\n\n<p>O Dia Internacional para a Conserva\u00e7\u00e3o do Ecossistema de Manguezais \u00e9 celebrado em 27 de julho. A Funda\u00e7\u00e3o de Estudos do Mar (FEMAR), comprometida com a conscientiza\u00e7\u00e3o da cultura oce\u00e2nica e da import\u00e2ncia desse ecossistema, contribui para a preserva\u00e7\u00e3o ambiental e busca incutir nos jovens e crian\u00e7as a mentalidade mar\u00edtima pautada na preserva\u00e7\u00e3o atrav\u00e9s do Projeto \u201cMangue Legal\u201d.<\/p>\n\n\n<div class=\"wp-block-image is-style-rounded\">\n<figure class=\"aligncenter size-full is-resized\"><img fetchpriority=\"high\" decoding=\"async\" width=\"1920\" height=\"2560\" src=\"https:\/\/fundacaofemar.org.br\/portalwordpress\/wp-content\/uploads\/2025\/07\/01-scaled.jpg\" alt=\"\" class=\"wp-image-68375\" style=\"width:419px;height:auto\" srcset=\"https:\/\/fundacaofemar.org.br\/portalwordpress\/wp-content\/uploads\/2025\/07\/01-scaled.jpg 1920w, https:\/\/fundacaofemar.org.br\/portalwordpress\/wp-content\/uploads\/2025\/07\/01-225x300.jpg 225w, https:\/\/fundacaofemar.org.br\/portalwordpress\/wp-content\/uploads\/2025\/07\/01-768x1024.jpg 768w, https:\/\/fundacaofemar.org.br\/portalwordpress\/wp-content\/uploads\/2025\/07\/01-1152x1536.jpg 1152w, https:\/\/fundacaofemar.org.br\/portalwordpress\/wp-content\/uploads\/2025\/07\/01-1536x2048.jpg 1536w\" sizes=\"(max-width: 1920px) 100vw, 1920px\" \/><\/figure><\/div>\n\n\n<p><br>Em 9 de julho, cerca de 30 estudantes do Ensino Fundamental I da Escola Municipal Almirante Paulo Castro Moreira da Silva, localizada na Barra da Tijuca &#8211; bairro da Zona Oeste do munic\u00edpio do Rio de Janeiro, participaram de diversas atividades para demonstrar a import\u00e2ncia desse ecossistema, conhecido como \u201cber\u00e7\u00e1rio do mar\u201d.<\/p>\n\n\n<div class=\"wp-block-image is-style-rounded\">\n<figure class=\"aligncenter size-full is-resized\"><img decoding=\"async\" width=\"1200\" height=\"1600\" src=\"https:\/\/fundacaofemar.org.br\/portalwordpress\/wp-content\/uploads\/2025\/07\/02-1.jpg\" alt=\"\" class=\"wp-image-68381\" style=\"width:431px;height:auto\" srcset=\"https:\/\/fundacaofemar.org.br\/portalwordpress\/wp-content\/uploads\/2025\/07\/02-1.jpg 1200w, https:\/\/fundacaofemar.org.br\/portalwordpress\/wp-content\/uploads\/2025\/07\/02-1-225x300.jpg 225w, https:\/\/fundacaofemar.org.br\/portalwordpress\/wp-content\/uploads\/2025\/07\/02-1-768x1024.jpg 768w, https:\/\/fundacaofemar.org.br\/portalwordpress\/wp-content\/uploads\/2025\/07\/02-1-1152x1536.jpg 1152w\" sizes=\"(max-width: 1200px) 100vw, 1200px\" \/><\/figure><\/div>\n\n\n<p>Os alunos iniciaram as atividades embarcando numa \u201cbalsa pedag\u00f3gica\u201d para um passeio ecol\u00f3gico pelo Pantanal Carioca. A fauna, a flora e as belezas dos manguezais cariocas foram apresentados \u00e0s crian\u00e7as.<\/p>\n\n\n<div class=\"wp-block-image is-style-rounded\">\n<figure class=\"aligncenter size-full is-resized\"><img decoding=\"async\" width=\"1920\" height=\"2560\" src=\"https:\/\/fundacaofemar.org.br\/portalwordpress\/wp-content\/uploads\/2025\/07\/03-scaled.jpg\" alt=\"\" class=\"wp-image-68377\" style=\"width:416px;height:auto\" srcset=\"https:\/\/fundacaofemar.org.br\/portalwordpress\/wp-content\/uploads\/2025\/07\/03-scaled.jpg 1920w, https:\/\/fundacaofemar.org.br\/portalwordpress\/wp-content\/uploads\/2025\/07\/03-225x300.jpg 225w, https:\/\/fundacaofemar.org.br\/portalwordpress\/wp-content\/uploads\/2025\/07\/03-768x1024.jpg 768w, https:\/\/fundacaofemar.org.br\/portalwordpress\/wp-content\/uploads\/2025\/07\/03-1152x1536.jpg 1152w, https:\/\/fundacaofemar.org.br\/portalwordpress\/wp-content\/uploads\/2025\/07\/03-1536x2048.jpg 1536w\" sizes=\"(max-width: 1920px) 100vw, 1920px\" \/><\/figure><\/div>\n\n\n<p>Em seguida, realizaram uma visita guiada pelo Parque Natural Municipal de Marapendi, que resguarda os ecossistemas nativos de restinga e manguezal, al\u00e9m de paisagens naturais e abriga caracter\u00edsticas do bioma costeiro.<\/p>\n\n\n<div class=\"wp-block-image is-style-rounded\">\n<figure class=\"aligncenter size-full is-resized\"><img loading=\"lazy\" decoding=\"async\" width=\"2560\" height=\"1920\" src=\"https:\/\/fundacaofemar.org.br\/portalwordpress\/wp-content\/uploads\/2025\/07\/04-scaled.jpg\" alt=\"\" class=\"wp-image-68378\" style=\"width:612px;height:auto\" srcset=\"https:\/\/fundacaofemar.org.br\/portalwordpress\/wp-content\/uploads\/2025\/07\/04-scaled.jpg 2560w, https:\/\/fundacaofemar.org.br\/portalwordpress\/wp-content\/uploads\/2025\/07\/04-300x225.jpg 300w, https:\/\/fundacaofemar.org.br\/portalwordpress\/wp-content\/uploads\/2025\/07\/04-1024x768.jpg 1024w, https:\/\/fundacaofemar.org.br\/portalwordpress\/wp-content\/uploads\/2025\/07\/04-768x576.jpg 768w, https:\/\/fundacaofemar.org.br\/portalwordpress\/wp-content\/uploads\/2025\/07\/04-1536x1152.jpg 1536w, https:\/\/fundacaofemar.org.br\/portalwordpress\/wp-content\/uploads\/2025\/07\/04-2048x1536.jpg 2048w\" sizes=\"(max-width: 2560px) 100vw, 2560px\" \/><\/figure><\/div>\n\n\n<h2 class=\"wp-block-heading has-text-align-center\"><strong>PROJETO \u201cMANGUE LEGAL\u201d<\/strong><\/h2>\n\n\n\n<p>O \u201cMangue Legal\u201d, que tem a finalidade de difundir o conhecimento sobre a import\u00e2ncia que os oceanos e mares t\u00eam para a humanidade, faz parte do Projeto Atividades de Conscientiza\u00e7\u00e3o (PROATICONS), dentro do Programa de Responsabilidade Social (PRS) da FEMAR.<\/p>\n\n\n\n<p>O Projeto visa, ainda, disseminar aos alunos, oriundos de escolas municipais do Rio de Janeiro, a import\u00e2ncia da prote\u00e7\u00e3o dos mangues, a garantia da reprodu\u00e7\u00e3o de diversas esp\u00e9cies e a contribui\u00e7\u00e3o com o aumento da biodiversidade nos mares, al\u00e9m de colaborar com a economia local de pesca artesanal.<\/p>\n\n\n<div class=\"wp-block-image is-style-rounded\">\n<figure class=\"aligncenter size-full is-resized\"><img loading=\"lazy\" decoding=\"async\" width=\"1600\" height=\"721\" src=\"https:\/\/fundacaofemar.org.br\/portalwordpress\/wp-content\/uploads\/2025\/07\/05.jpg\" alt=\"\" class=\"wp-image-68379\" style=\"width:724px;height:auto\" srcset=\"https:\/\/fundacaofemar.org.br\/portalwordpress\/wp-content\/uploads\/2025\/07\/05.jpg 1600w, https:\/\/fundacaofemar.org.br\/portalwordpress\/wp-content\/uploads\/2025\/07\/05-300x135.jpg 300w, https:\/\/fundacaofemar.org.br\/portalwordpress\/wp-content\/uploads\/2025\/07\/05-1024x461.jpg 1024w, https:\/\/fundacaofemar.org.br\/portalwordpress\/wp-content\/uploads\/2025\/07\/05-768x346.jpg 768w, https:\/\/fundacaofemar.org.br\/portalwordpress\/wp-content\/uploads\/2025\/07\/05-1536x692.jpg 1536w\" sizes=\"(max-width: 1600px) 100vw, 1600px\" \/><\/figure><\/div>\n\n\n<p>A FEMAR apoia esta causa: qualidade de vida e ref\u00fagio verde em meio \u00e0 paisagem urbana do Rio de Janeiro! Uma Sociedade consciente de seu papel na preserva\u00e7\u00e3o da cultura oce\u00e2nica tende a mudar seus h\u00e1bitos contribuindo assim para a sustentabilidade do Planeta.<\/p>\n\n\n<div class=\"wp-block-image is-style-rounded\">\n<figure class=\"aligncenter size-full is-resized\"><img loading=\"lazy\" decoding=\"async\" width=\"2560\" height=\"1183\" src=\"https:\/\/fundacaofemar.org.br\/portalwordpress\/wp-content\/uploads\/2025\/07\/06-scaled.jpg\" alt=\"\" class=\"wp-image-68380\" style=\"width:682px;height:auto\" srcset=\"https:\/\/fundacaofemar.org.br\/portalwordpress\/wp-content\/uploads\/2025\/07\/06-scaled.jpg 2560w, https:\/\/fundacaofemar.org.br\/portalwordpress\/wp-content\/uploads\/2025\/07\/06-300x139.jpg 300w, https:\/\/fundacaofemar.org.br\/portalwordpress\/wp-content\/uploads\/2025\/07\/06-1024x473.jpg 1024w, https:\/\/fundacaofemar.org.br\/portalwordpress\/wp-content\/uploads\/2025\/07\/06-768x355.jpg 768w, https:\/\/fundacaofemar.org.br\/portalwordpress\/wp-content\/uploads\/2025\/07\/06-1536x710.jpg 1536w, https:\/\/fundacaofemar.org.br\/portalwordpress\/wp-content\/uploads\/2025\/07\/06-2048x946.jpg 2048w\" sizes=\"(max-width: 2560px) 100vw, 2560px\" \/><\/figure><\/div>\n\n\n<h2 class=\"wp-block-heading has-text-align-center\"><strong><mark style=\"background-color:rgba(0, 0, 0, 0)\" class=\"has-inline-color has-vivid-cyan-blue-color\"><strong>Funda\u00e7\u00e3o Pioneira da Maritimidade no Brasil<\/strong><\/mark><\/strong><\/h2>\n\n\n\n<h2 class=\"wp-block-heading has-text-align-center\"><strong><mark style=\"background-color:rgba(0, 0, 0, 0)\" class=\"has-inline-color has-vivid-cyan-blue-color\"><strong>Funda\u00e7\u00e3o de Estudos do Mar<\/strong><\/mark><\/strong><\/h2>\n\n\n\n<p><\/p>\n\n\n\n<figure class=\"wp-block-pullquote\"><blockquote><p><strong><em><mark style=\"background-color:rgba(0, 0, 0, 0)\" class=\"has-inline-color has-black-color\">N\u00e3o perca! Acompanhe mais atividades em nossas redes sociais:<\/mark><\/em><\/strong><br><a href=\"https:\/\/linktr.ee\/fundacaofemar\"><strong><mark style=\"background-color:rgba(0, 0, 0, 0)\" class=\"has-inline-color has-vivid-cyan-blue-color\">https:\/\/linktr.ee\/fundacaofemar<\/mark><\/strong><\/a><\/p><\/blockquote><\/figure>\n\n\n\n<p><\/p>\n<\/div>","protected":false},"excerpt":{"rendered":"<p>O Dia Internacional para a Conserva\u00e7\u00e3o do Ecossistema de Manguezais \u00e9 celebrado em 27 de julho. A Funda\u00e7\u00e3o de Estudos do Mar (FEMAR), comprometida com a conscientiza\u00e7\u00e3o da cultura oce\u00e2nica e da import\u00e2ncia desse ecossistema, contribui para a preserva\u00e7\u00e3o ambiental e busca incutir nos jovens e crian\u00e7as a mentalidade mar\u00edtima pautada na preserva\u00e7\u00e3o atrav\u00e9s do Projeto \u201cMangue Legal\u201d.<\/p>\n","protected":false},"author":9,"featured_media":0,"comment_status":"closed","ping_status":"closed","sticky":false,"template":"","format":"standard","meta":{"footnotes":""},"categories":[29,18,17,2],"tags":[],"class_list":["post-68374","post","type-post","status-publish","format-standard","hentry","category-ensino","category-eventos","category-meio-ambiente","category-news"],"rise-blocks_total_comments":0,"rise-blocks_categories":[{"term_id":29,"name":"Ensino","slug":"ensino","term_group":0,"term_taxonomy_id":29,"taxonomy":"category","description":"","parent":2,"count":143,"filter":"raw","cat_ID":29,"category_count":143,"category_description":"","cat_name":"Ensino","category_nicename":"ensino","category_parent":2},{"term_id":18,"name":"Eventos","slug":"eventos","term_group":0,"term_taxonomy_id":18,"taxonomy":"category","description":"","parent":2,"count":239,"filter":"raw","cat_ID":18,"category_count":239,"category_description":"","cat_name":"Eventos","category_nicename":"eventos","category_parent":2},{"term_id":17,"name":"Meio Ambiente","slug":"meio-ambiente","term_group":0,"term_taxonomy_id":17,"taxonomy":"category","description":"","parent":2,"count":35,"filter":"raw","cat_ID":17,"category_count":35,"category_description":"","cat_name":"Meio Ambiente","category_nicename":"meio-ambiente","category_parent":2},{"term_id":2,"name":"News","slug":"news","term_group":0,"term_taxonomy_id":2,"taxonomy":"category","description":"","parent":0,"count":365,"filter":"raw","cat_ID":2,"category_count":365,"category_description":"","cat_name":"News","category_nicename":"news","category_parent":0}],"rise-blocks_excerpt":"O Dia Internacional para a Conserva\u00e7\u00e3o do Ecossistema de Manguezais \u00e9 celebrado em 27 de julho. A Funda\u00e7\u00e3o de Estudos do Mar (FEMAR), comprometida com a conscientiza\u00e7\u00e3o da cultura oce\u00e2nica e da import\u00e2ncia desse ecossistema, contribui para a preserva\u00e7\u00e3o ambiental e busca incutir nos jovens e crian\u00e7as a mentalidade mar\u00edtima pautada na preserva\u00e7\u00e3o atrav\u00e9s do Projeto \u201cMangue Legal\u201d.","_links":{"self":[{"href":"https:\/\/fundacaofemar.org.br\/portalwordpress\/wp-json\/wp\/v2\/posts\/68374","targetHints":{"allow":["GET"]}}],"collection":[{"href":"https:\/\/fundacaofemar.org.br\/portalwordpress\/wp-json\/wp\/v2\/posts"}],"about":[{"href":"https:\/\/fundacaofemar.org.br\/portalwordpress\/wp-json\/wp\/v2\/types\/post"}],"author":[{"embeddable":true,"href":"https:\/\/fundacaofemar.org.br\/portalwordpress\/wp-json\/wp\/v2\/users\/9"}],"replies":[{"embeddable":true,"href":"https:\/\/fundacaofemar.org.br\/portalwordpress\/wp-json\/wp\/v2\/comments?post=68374"}],"version-history":[{"count":0,"href":"https:\/\/fundacaofemar.org.br\/portalwordpress\/wp-json\/wp\/v2\/posts\/68374\/revisions"}],"wp:attachment":[{"href":"https:\/\/fundacaofemar.org.br\/portalwordpress\/wp-json\/wp\/v2\/media?parent=68374"}],"wp:term":[{"taxonomy":"category","embeddable":true,"href":"https:\/\/fundacaofemar.org.br\/portalwordpress\/wp-json\/wp\/v2\/categories?post=68374"},{"taxonomy":"post_tag","embeddable":true,"href":"https:\/\/fundacaofemar.org.br\/portalwordpress\/wp-json\/wp\/v2\/tags?post=68374"}],"curies":[{"name":"wp","href":"https:\/\/api.w.org\/{rel}","templated":true}]}}