{"id":68759,"date":"2025-08-11T10:08:44","date_gmt":"2025-08-11T13:08:44","guid":{"rendered":"https:\/\/fundacaofemar.org.br\/portalwordpress\/?p=68759"},"modified":"2025-11-26T07:38:43","modified_gmt":"2025-11-26T10:38:43","slug":"11-08-dia-do-estudante","status":"publish","type":"post","link":"https:\/\/fundacaofemar.org.br\/portalwordpress\/2025\/08\/11\/11-08-dia-do-estudante\/","title":{"rendered":"11\/08 \u2013 DIA DO ESTUDANTE"},"content":{"rendered":"<div class=\"post-content\">\n<p><strong>Publicado em 11 de Agosto de 2025<\/strong><\/p>\n\n\n<div class=\"wp-block-image is-style-default\">\n<figure class=\"aligncenter size-full is-resized\"><img fetchpriority=\"high\" decoding=\"async\" width=\"1080\" height=\"1350\" src=\"https:\/\/fundacaofemar.org.br\/portalwordpress\/wp-content\/uploads\/2025\/08\/escolhida.png\" alt=\"\" class=\"wp-image-68760\" style=\"width:509px;height:auto\" srcset=\"https:\/\/fundacaofemar.org.br\/portalwordpress\/wp-content\/uploads\/2025\/08\/escolhida.png 1080w, https:\/\/fundacaofemar.org.br\/portalwordpress\/wp-content\/uploads\/2025\/08\/escolhida-240x300.png 240w, https:\/\/fundacaofemar.org.br\/portalwordpress\/wp-content\/uploads\/2025\/08\/escolhida-819x1024.png 819w, https:\/\/fundacaofemar.org.br\/portalwordpress\/wp-content\/uploads\/2025\/08\/escolhida-768x960.png 768w\" sizes=\"(max-width: 1080px) 100vw, 1080px\" \/><\/figure><\/div>\n\n\n<p>No dia 11 de agosto celebramos o Dia do Estudante no Brasil, uma data que destaca a import\u00e2ncia e a necessidade dos estudos na vida dos cidad\u00e3os.<\/p>\n\n\n\n<p>A Funda\u00e7\u00e3o de Estudos do Mar (<strong>FEMAR<\/strong>) parabeniza todos os estudantes pelo esfor\u00e7o e dedica\u00e7\u00e3o di\u00e1rios. Que nunca desacreditem do poder da Educa\u00e7\u00e3o!<\/p>\n\n\n\n<h2 class=\"wp-block-heading has-text-align-center\">Educa\u00e7\u00e3o, ferramenta poderosa para transformar sonhos em realidade!<\/h2>\n\n\n\n<h2 class=\"wp-block-heading has-text-align-center\"><strong>Estudar \u00e9 investir no futuro!<\/strong><\/h2>\n\n\n\n<h2 class=\"wp-block-heading has-text-align-center\"><strong><mark style=\"background-color:rgba(0, 0, 0, 0)\" class=\"has-inline-color has-vivid-cyan-blue-color\"><strong>Funda\u00e7\u00e3o Pioneira da Maritimidade no Brasil<\/strong><\/mark><\/strong><\/h2>\n\n\n\n<h2 class=\"wp-block-heading has-text-align-center\"><strong><mark style=\"background-color:rgba(0, 0, 0, 0)\" class=\"has-inline-color has-vivid-cyan-blue-color\"><strong>Funda\u00e7\u00e3o de Estudos do Mar<\/strong><\/mark><\/strong><\/h2>\n\n\n\n<p><\/p>\n\n\n\n<figure class=\"wp-block-pullquote\"><blockquote><p><strong><em><mark style=\"background-color:rgba(0, 0, 0, 0)\" class=\"has-inline-color has-black-color\">N\u00e3o deixe de acompanhar nossas novidades no link:<\/mark><\/em><\/strong><br><a href=\"https:\/\/linktr.ee\/fundacaofemar\"><strong><mark style=\"background-color:rgba(0, 0, 0, 0)\" class=\"has-inline-color has-vivid-cyan-blue-color\">https:\/\/linktr.ee\/fundacaofemar<\/mark><\/strong><\/a><\/p><\/blockquote><\/figure>\n\n\n\n<p><\/p>\n<\/div>","protected":false},"excerpt":{"rendered":"<p>No dia 11 de agosto celebramos o Dia do Estudante no Brasil, uma data que destaca a import\u00e2ncia e a necessidade dos estudos na vida dos cidad\u00e3os.<\/p>\n","protected":false},"author":9,"featured_media":0,"comment_status":"closed","ping_status":"closed","sticky":false,"template":"","format":"standard","meta":{"footnotes":""},"categories":[29,18,20,2],"tags":[],"class_list":["post-68759","post","type-post","status-publish","format-standard","hentry","category-ensino","category-eventos","category-institucional","category-news"],"rise-blocks_total_comments":0,"rise-blocks_categories":[{"term_id":29,"name":"Ensino","slug":"ensino","term_group":0,"term_taxonomy_id":29,"taxonomy":"category","description":"","parent":2,"count":143,"filter":"raw","cat_ID":29,"category_count":143,"category_description":"","cat_name":"Ensino","category_nicename":"ensino","category_parent":2},{"term_id":18,"name":"Eventos","slug":"eventos","term_group":0,"term_taxonomy_id":18,"taxonomy":"category","description":"","parent":2,"count":239,"filter":"raw","cat_ID":18,"category_count":239,"category_description":"","cat_name":"Eventos","category_nicename":"eventos","category_parent":2},{"term_id":20,"name":"Institucional","slug":"institucional","term_group":0,"term_taxonomy_id":20,"taxonomy":"category","description":"","parent":2,"count":51,"filter":"raw","cat_ID":20,"category_count":51,"category_description":"","cat_name":"Institucional","category_nicename":"institucional","category_parent":2},{"term_id":2,"name":"News","slug":"news","term_group":0,"term_taxonomy_id":2,"taxonomy":"category","description":"","parent":0,"count":365,"filter":"raw","cat_ID":2,"category_count":365,"category_description":"","cat_name":"News","category_nicename":"news","category_parent":0}],"rise-blocks_excerpt":"No dia 11 de agosto celebramos o Dia do Estudante no Brasil, uma data que destaca a import\u00e2ncia e a necessidade dos estudos na vida dos cidad\u00e3os.","_links":{"self":[{"href":"https:\/\/fundacaofemar.org.br\/portalwordpress\/wp-json\/wp\/v2\/posts\/68759","targetHints":{"allow":["GET"]}}],"collection":[{"href":"https:\/\/fundacaofemar.org.br\/portalwordpress\/wp-json\/wp\/v2\/posts"}],"about":[{"href":"https:\/\/fundacaofemar.org.br\/portalwordpress\/wp-json\/wp\/v2\/types\/post"}],"author":[{"embeddable":true,"href":"https:\/\/fundacaofemar.org.br\/portalwordpress\/wp-json\/wp\/v2\/users\/9"}],"replies":[{"embeddable":true,"href":"https:\/\/fundacaofemar.org.br\/portalwordpress\/wp-json\/wp\/v2\/comments?post=68759"}],"version-history":[{"count":0,"href":"https:\/\/fundacaofemar.org.br\/portalwordpress\/wp-json\/wp\/v2\/posts\/68759\/revisions"}],"wp:attachment":[{"href":"https:\/\/fundacaofemar.org.br\/portalwordpress\/wp-json\/wp\/v2\/media?parent=68759"}],"wp:term":[{"taxonomy":"category","embeddable":true,"href":"https:\/\/fundacaofemar.org.br\/portalwordpress\/wp-json\/wp\/v2\/categories?post=68759"},{"taxonomy":"post_tag","embeddable":true,"href":"https:\/\/fundacaofemar.org.br\/portalwordpress\/wp-json\/wp\/v2\/tags?post=68759"}],"curies":[{"name":"wp","href":"https:\/\/api.w.org\/{rel}","templated":true}]}}