{"id":69371,"date":"2025-09-29T14:23:33","date_gmt":"2025-09-29T17:23:33","guid":{"rendered":"https:\/\/fundacaofemar.org.br\/portalwordpress\/?p=69371"},"modified":"2025-11-26T07:32:08","modified_gmt":"2025-11-26T10:32:08","slug":"curso-embcarper","status":"publish","type":"post","link":"https:\/\/fundacaofemar.org.br\/portalwordpress\/2025\/09\/29\/curso-embcarper\/","title":{"rendered":"CURSO EMBCARPER"},"content":{"rendered":"<div class=\"post-content\">\n<figure class=\"wp-block-image size-large is-resized\"><img fetchpriority=\"high\" decoding=\"async\" width=\"1024\" height=\"389\" src=\"https:\/\/fundacaofemar.org.br\/portalwordpress\/wp-content\/uploads\/2025\/09\/Arte-Aprovada-1024x389.png\" alt=\"\" class=\"wp-image-69375\" style=\"width:1150px;height:auto\" srcset=\"https:\/\/fundacaofemar.org.br\/portalwordpress\/wp-content\/uploads\/2025\/09\/Arte-Aprovada-1024x389.png 1024w, https:\/\/fundacaofemar.org.br\/portalwordpress\/wp-content\/uploads\/2025\/09\/Arte-Aprovada-300x114.png 300w, https:\/\/fundacaofemar.org.br\/portalwordpress\/wp-content\/uploads\/2025\/09\/Arte-Aprovada-768x292.png 768w, https:\/\/fundacaofemar.org.br\/portalwordpress\/wp-content\/uploads\/2025\/09\/Arte-Aprovada-1536x583.png 1536w, https:\/\/fundacaofemar.org.br\/portalwordpress\/wp-content\/uploads\/2025\/09\/Arte-Aprovada.png 1920w\" sizes=\"(max-width: 1024px) 100vw, 1024px\" \/><\/figure>\n\n\n\n<!DOCTYPE html>\n<html lang=\"pt-BR\">\n<head>\n    <meta charset=\"UTF-8\">\n    <meta name=\"viewport\" content=\"width=device-width, initial-scale=1.0\">\n    <title>Curso EMBCARPER &#8211; Embarque de Carga Perigosa<\/title>\n    <link href=\"https:\/\/fonts.googleapis.com\/css2?family=Montserrat:wght@400;700&#038;family=Lora:wght@400;700&#038;display=swap\" rel=\"stylesheet\">\n    <style>\n        body {\n            font-family: 'Montserrat', sans-serif;\n            margin: 0;\n            padding: 0;\n            background: #ffffff;\n            color: #333;\n            text-align: center;\n            overflow-x: hidden;\n            line-height: 1.6;\n        }\n        .container {\n            max-width: 1200px;\n            margin: 0 auto;\n            padding: 20px;\n        }\n        .header {\n            background: url('https:\/\/example.com\/ship-image.jpg') no-repeat center center\/cover;\n            height: 500px;\n            position: relative;\n            display: flex;\n            align-items: center;\n            justify-content: center;\n            text-shadow: 2px 2px 6px rgba(0, 0, 0, 0.8);\n            animation: fadeIn 2s ease-in-out;\n        }\n        .header::before {\n            content: '';\n            position: absolute;\n            top: 0;\n            left: 0;\n            width: 100%;\n            height: 100%;\n            background: linear-gradient(to top, rgba(44, 62, 80, 0.8), rgba(52, 73, 94, 0.4));\n            z-index: 1;\n        }\n        .header > div {\n            position: relative;\n            z-index: 2;\n            padding: 20px;\n            background: rgba(255, 255, 255, 0.1);\n            border-radius: 15px;\n            backdrop-filter: blur(5px);\n        }\n        .header h1 {\n            font-family: 'Lora', serif;\n            font-size: 4em;\n            margin: 0;\n            color: #ffffff;\n            animation: slideUp 1.5s ease-out;\n        }\n        .header p {\n            font-family: 'Lora', serif;\n            font-size: 1.8em;\n            color: #ffffff;\n            animation: slideUp 2s ease-out;\n        }\n        .content {\n            padding: 50px 20px;\n            background: #eaf6fb; \/* azul FEMAR suave *\/\n            border-radius: 15px;\n            margin-top: -80px;\n            position: relative;\n            z-index: 1;\n            box-shadow: 0 8px 16px rgba(0, 0, 0, 0.15);\n            color: #333;\n        }\n        .content h2 {\n            color: #2c3e50;\n            font-size: 2.5em;\n            border-bottom: 2px solid #3498db;\n            display: inline-block;\n            padding-bottom: 5px;\n            animation: fadeInUp 1.5s ease-out;\n        }\n        .content h3 {\n            color: #34495e;\n            font-size: 1.8em;\n            margin-top: 30px;\n            animation: fadeInUp 2s ease-out;\n        }\n        .content p, .content ul {\n            font-size: 1.3em;\n            max-width: 900px;\n            margin: 0 auto 25px;\n            text-align: left;\n            color: #333;\n            animation: fadeIn 2.5s ease-out;\n        }\n        .content ul {\n            list-style: none;\n            padding-left: 0;\n        }\n        .content ul li {\n            position: relative;\n            padding-left: 20px;\n        }\n        .content ul li::before {\n            content: '\u2022';\n            color: #3498db;\n            position: absolute;\n            left: 0;\n        }\n        .button {\n            display: inline-block;\n            padding: 18px 40px;\n            background: linear-gradient(45deg, #3498db, #2980b9);\n            color: #ffffff;\n            text-decoration: none;\n            font-size: 1.4em;\n            border-radius: 25px;\n            box-shadow: 0 5px 15px rgba(52, 152, 219, 0.4);\n            transition: transform 0.3s, box-shadow 0.3s;\n            animation: pulse 2s infinite;\n        }\n        .button:hover {\n            transform: scale(1.05);\n            box-shadow: 0 8px 20px rgba(52, 152, 219, 0.6);\n        }\n        @keyframes fadeIn {\n            from { opacity: 0; }\n            to { opacity: 1; }\n        }\n        @keyframes fadeInUp {\n            from { opacity: 0; transform: translateY(20px); }\n            to { opacity: 1; transform: translateY(0); }\n        }\n        @keyframes slideUp {\n            from { opacity: 0; transform: translateY(50px); }\n            to { opacity: 1; transform: translateY(0); }\n        }\n        @keyframes pulse {\n            0% { transform: scale(1); }\n            50% { transform: scale(1.02); }\n            100% { transform: scale(1); }\n        }\n        @media (max-width: 768px) {\n            .header h1 {\n                font-size: 2.5em;\n            }\n            .header p {\n                font-size: 1.3em;\n            }\n            .content h2 {\n                font-size: 2em;\n            }\n            .content h3 {\n                font-size: 1.5em;\n            }\n            .content p, .content ul {\n                font-size: 1.1em;\n            }\n            .button {\n                padding: 15px 30px;\n                font-size: 1.2em;\n            }\n        }\n    <\/style>\n<\/head>\n<body>\n    <div class=\"header\">\n        <div>\n            <h1>Embarque de Carga Perigosa<\/h1>\n            <p>Capacite-se para lidar com cargas perigosas de forma segura e eficiente!<\/p>\n        <\/div>\n    <\/div>\n    <div class=\"container\">\n        <div class=\"content\">\n            <h2>Curso EMBCARPER<\/h2>\n            <p>O Curso <span style=\"color: #3498db;\">Embarque de Carga Perigosa<\/span> (EMBCARPER) visa proporcionar ao aluno conhecimento indispens\u00e1vel sobre o carregamento, descarga, estocagem e manuseio de cargas perigosas no Porto ou Terminal de acordo com as normas para o transporte de mercadorias perigosas.<\/p>\n\n            <h3>Diretrizes<\/h3>\n            <ul>\n                <li><strong>Carga hor\u00e1ria:<\/strong> 15 horas<\/li>\n                <li><strong>Modalidade:<\/strong> On-line, com aulas s\u00edncronas (ao vivo), via plataforma TEAMS<\/li>\n                <li><strong>Per\u00edodo de realiza\u00e7\u00e3o:<\/strong> de 10\/11 a 24\/11\/2025<\/li>\n                <li><strong>Dias das Aulas:<\/strong> 10, 12, 17, 19 e 24\/11\/2025<\/li>\n                <li><strong>Hor\u00e1rio:<\/strong> 18h \u00e0s 21h<\/li>\n            <\/ul>\n\n            <h3>Conte\u00fados Abordados<\/h3>\n            <ul>\n                <li>Sinistros mar\u00edtimos provocados por cargas perigosas embarcadas<\/li>\n                <li>Intera\u00e7\u00e3o das legisla\u00e7\u00f5es sobre cargas perigosas<\/li>\n                <li>Fiscaliza\u00e7\u00e3o do transporte das cargas perigosas<\/li>\n                <li>Impedimentos para transporte<\/li>\n                <li>Fatores que interferem na classifica\u00e7\u00e3o de locais para PP<\/li>\n                <li>Manifestos e formul\u00e1rios que acompanham o transporte<\/li>\n                <li>Tipos, requisitos principais e gerais, e aplicabilidade das embalagens<\/li>\n                <li>Categorias de estivagem e os cuidados no manuseio da carga perigosa<\/li>\n                <li>Segrega\u00e7\u00e3o do c\u00f3digo IMDG<\/li>\n                <li>Procedimentos de emerg\u00eancia preconizados<\/li>\n            <\/ul>\n\n            <h3>Certificado<\/h3>\n            <p>Ser\u00e1 concedido o Certificado de Conclus\u00e3o \u00e0queles que cumprirem as diretrizes do curso.<\/p>\n\n            <h3>Investimento<\/h3>\n            <p>O valor do investimento \u00e9 de R$ 450,00, podendo ser pago por meio de:<\/p>\n            <ul>\n                <li>PIX<\/li>\n                <li>TED<\/li>\n                <li>Cart\u00e3o de Cr\u00e9dito<\/li>\n            <\/ul>\n            <p>O pagamento somente ser\u00e1 realizado ap\u00f3s confirma\u00e7\u00e3o de inscri\u00e7\u00e3o, que ser\u00e1 recebida por e-mail.<\/p>\n\n            <h3>Inscri\u00e7\u00e3o<\/h3>\n            <p><strong>Per\u00edodo de inscri\u00e7\u00e3o:<\/strong> de 30 de Setembro a 30 de Outubro de 2025<\/p>\n            <p>Para mais informa\u00e7\u00f5es:<\/p>\n            <p>\u260e 21 3237-9511 \/ 3237-9518<br>\ud83d\udcbb <a href=\"mailto:se***************@***************rg.br\" data-original-string=\"ZpZvBhwDaIjah1OkdqzARQ==9dcIxFmJ8ngwcmi7PGLleNZxY6V7SVOt2kqziqrJuxNhl6hidv\/rg+7iKtJdGH2MN3W\" title=\"This contact has been encoded by Anti-Spam by CleanTalk. Click to decode. To finish the decoding make sure that JavaScript is enabled in your browser.\" style=\"color: #3498db; text-decoration: underline;\"><span \n                data-original-string='tJa5ss0nyth9lugP9HoysQ==9dcv2\/RHUE6PJVK5exRD8LBNnW\/SzP8xb5FIpPtjU6LJpAQxMDpzN7VzFNBk35i6VY9'\n                class='apbct-email-encoder'\n                title='This contact has been encoded by Anti-Spam by CleanTalk. Click to decode. To finish the decoding make sure that JavaScript is enabled in your browser.'>se<span class=\"apbct-blur\">***************<\/span>@<span class=\"apbct-blur\">***************<\/span>rg.br<\/span><\/a><\/p>\n            <a href=\"https:\/\/sige.srv.br\/secretaria\/inscricao_publica.php?sis=LD&#038;vp=44\" class=\"button\" target=\"_blank\">Clique Aqui e fa\u00e7a sua inscri\u00e7\u00e3o<\/a>\n        <\/div>\n    <\/div>\n<\/body>\n<\/html>\n\n\n\n<h1 class=\"wp-block-heading has-text-align-center\"><strong><mark style=\"background-color:rgba(0, 0, 0, 0)\" class=\"has-inline-color has-vivid-cyan-blue-color\"><strong><strong>Funda\u00e7\u00e3o Pioneira da Maritimidade no Brasil<\/strong><\/strong><\/mark><\/strong><\/h1>\n\n\n\n<figure class=\"wp-block-pullquote\"><blockquote><p><strong><em><mark style=\"background-color:rgba(0, 0, 0, 0)\" class=\"has-inline-color has-black-color\">N\u00e3o deixe de acompanhar nossas novidades nos links abaixo:<\/mark><\/em><\/strong><br><a href=\"http:\/\/linktr.ee\/fundacaofemar\" target=\"_blank\" rel=\"noreferrer noopener\"><strong>http:\/\/linktr.ee\/fundacaofemar<\/strong><\/a><\/p><\/blockquote><\/figure>\n\n\n\n<p><\/p>\n<\/div>","protected":false},"excerpt":{"rendered":"<p>O Curso Embarque de Carga Perigosa (EMBCARPER) visa proporcionar ao aluno conhecimento indispens\u00e1vel sobre o carregamento, descarga, estocagem e manuseio de cargas perigosas no Porto ou Terminal de acordo com as normas para o transporte de mercadorias perigosas.<\/p>\n","protected":false},"author":9,"featured_media":0,"comment_status":"closed","ping_status":"closed","sticky":false,"template":"","format":"standard","meta":{"footnotes":""},"categories":[29,20,2],"tags":[],"class_list":["post-69371","post","type-post","status-publish","format-standard","hentry","category-ensino","category-institucional","category-news"],"rise-blocks_total_comments":0,"rise-blocks_categories":[{"term_id":29,"name":"Ensino","slug":"ensino","term_group":0,"term_taxonomy_id":29,"taxonomy":"category","description":"","parent":2,"count":143,"filter":"raw","cat_ID":29,"category_count":143,"category_description":"","cat_name":"Ensino","category_nicename":"ensino","category_parent":2},{"term_id":20,"name":"Institucional","slug":"institucional","term_group":0,"term_taxonomy_id":20,"taxonomy":"category","description":"","parent":2,"count":51,"filter":"raw","cat_ID":20,"category_count":51,"category_description":"","cat_name":"Institucional","category_nicename":"institucional","category_parent":2},{"term_id":2,"name":"News","slug":"news","term_group":0,"term_taxonomy_id":2,"taxonomy":"category","description":"","parent":0,"count":365,"filter":"raw","cat_ID":2,"category_count":365,"category_description":"","cat_name":"News","category_nicename":"news","category_parent":0}],"rise-blocks_excerpt":"O Curso Embarque de Carga Perigosa (EMBCARPER) visa proporcionar ao aluno conhecimento indispens\u00e1vel sobre o carregamento, descarga, estocagem e manuseio de cargas perigosas no Porto ou Terminal de acordo com as normas para o transporte de mercadorias perigosas.","_links":{"self":[{"href":"https:\/\/fundacaofemar.org.br\/portalwordpress\/wp-json\/wp\/v2\/posts\/69371","targetHints":{"allow":["GET"]}}],"collection":[{"href":"https:\/\/fundacaofemar.org.br\/portalwordpress\/wp-json\/wp\/v2\/posts"}],"about":[{"href":"https:\/\/fundacaofemar.org.br\/portalwordpress\/wp-json\/wp\/v2\/types\/post"}],"author":[{"embeddable":true,"href":"https:\/\/fundacaofemar.org.br\/portalwordpress\/wp-json\/wp\/v2\/users\/9"}],"replies":[{"embeddable":true,"href":"https:\/\/fundacaofemar.org.br\/portalwordpress\/wp-json\/wp\/v2\/comments?post=69371"}],"version-history":[{"count":0,"href":"https:\/\/fundacaofemar.org.br\/portalwordpress\/wp-json\/wp\/v2\/posts\/69371\/revisions"}],"wp:attachment":[{"href":"https:\/\/fundacaofemar.org.br\/portalwordpress\/wp-json\/wp\/v2\/media?parent=69371"}],"wp:term":[{"taxonomy":"category","embeddable":true,"href":"https:\/\/fundacaofemar.org.br\/portalwordpress\/wp-json\/wp\/v2\/categories?post=69371"},{"taxonomy":"post_tag","embeddable":true,"href":"https:\/\/fundacaofemar.org.br\/portalwordpress\/wp-json\/wp\/v2\/tags?post=69371"}],"curies":[{"name":"wp","href":"https:\/\/api.w.org\/{rel}","templated":true}]}}