{"id":69499,"date":"2025-10-05T17:39:47","date_gmt":"2025-10-05T20:39:47","guid":{"rendered":"https:\/\/fundacaofemar.org.br\/portalwordpress\/?p=69499"},"modified":"2025-11-26T07:31:37","modified_gmt":"2025-11-26T10:31:37","slug":"a-batalha-da-natureza-teatro-e-inclusao","status":"publish","type":"post","link":"https:\/\/fundacaofemar.org.br\/portalwordpress\/2025\/10\/05\/a-batalha-da-natureza-teatro-e-inclusao\/","title":{"rendered":"\u201cA BATALHA DA NATUREZA\u201d: TEATRO E INCLUS\u00c3O"},"content":{"rendered":"<div class=\"post-content\">\n<p><strong>Publicado em 05 de Outubro de 2025<\/strong><\/p>\n\n\n\n<p class=\"has-text-align-left\">O teatro se apresenta como uma poderosa ferramenta de comunica\u00e7\u00e3o, entretenimento e educa\u00e7\u00e3o. Mais do que emocionar, tamb\u00e9m pode ensinar e despertar reflex\u00f5es importantes. Foi exatamente essa a proposta do espet\u00e1culo \u201cA Batalha da Natureza\u201d, que reuniu estudantes em uma experi\u00eancia interativa voltada \u00e0 conscientiza\u00e7\u00e3o sobre a redu\u00e7\u00e3o dos impactos da produ\u00e7\u00e3o de lixo no meio ambiente marinho.<\/p>\n\n\n<div class=\"wp-block-image is-style-default\">\n<figure class=\"aligncenter size-full is-resized\"><img fetchpriority=\"high\" decoding=\"async\" width=\"508\" height=\"650\" src=\"https:\/\/fundacaofemar.org.br\/portalwordpress\/wp-content\/uploads\/2025\/10\/Materia-2-01.jpg\" alt=\"\" class=\"wp-image-69500\" style=\"width:382px;height:auto\" srcset=\"https:\/\/fundacaofemar.org.br\/portalwordpress\/wp-content\/uploads\/2025\/10\/Materia-2-01.jpg 508w, https:\/\/fundacaofemar.org.br\/portalwordpress\/wp-content\/uploads\/2025\/10\/Materia-2-01-234x300.jpg 234w\" sizes=\"(max-width: 508px) 100vw, 508px\" \/><\/figure><\/div>\n\n\n<p class=\"has-text-align-left\">A atividade, que aconteceu no dia 1\u00ba de outubro no Teatro Municipal Gon\u00e7alense, durante a 2\u00aa Mostra de Educa\u00e7\u00e3o Ambiental de S\u00e3o Gon\u00e7alo, contemplou estudantes de forma inclusiva, reafirmando o compromisso de que a educa\u00e7\u00e3o ambiental deve ser acess\u00edvel a todos. Essa abordagem garante que cada crian\u00e7a, com suas particularidades e formas de aprendizado, tenha a oportunidade de participar, compreender e se engajar nas pr\u00e1ticas de preserva\u00e7\u00e3o.<\/p>\n\n\n<div class=\"wp-block-image is-style-default\">\n<figure class=\"aligncenter size-full is-resized\"><img decoding=\"async\" width=\"442\" height=\"554\" src=\"https:\/\/fundacaofemar.org.br\/portalwordpress\/wp-content\/uploads\/2025\/10\/Materia-2-02.jpg\" alt=\"\" class=\"wp-image-69501\" style=\"width:407px;height:auto\" srcset=\"https:\/\/fundacaofemar.org.br\/portalwordpress\/wp-content\/uploads\/2025\/10\/Materia-2-02.jpg 442w, https:\/\/fundacaofemar.org.br\/portalwordpress\/wp-content\/uploads\/2025\/10\/Materia-2-02-239x300.jpg 239w\" sizes=\"(max-width: 442px) 100vw, 442px\" \/><\/figure><\/div>\n\n\n<p class=\"has-text-align-left\">O Projeto n\u00e3o apenas promove a conscientiza\u00e7\u00e3o ambiental no mar e nas praias, mas tamb\u00e9m refor\u00e7a valores de respeito, empatia e igualdade, essenciais para a constru\u00e7\u00e3o de uma Sociedade mais justa e sustent\u00e1vel.<\/p>\n\n\n<div class=\"wp-block-image is-style-default\">\n<figure class=\"aligncenter size-full is-resized\"><img decoding=\"async\" width=\"2560\" height=\"1837\" src=\"https:\/\/fundacaofemar.org.br\/portalwordpress\/wp-content\/uploads\/2025\/10\/Materia-2-03-scaled.jpg\" alt=\"\" class=\"wp-image-69502\" style=\"width:605px;height:auto\" srcset=\"https:\/\/fundacaofemar.org.br\/portalwordpress\/wp-content\/uploads\/2025\/10\/Materia-2-03-scaled.jpg 2560w, https:\/\/fundacaofemar.org.br\/portalwordpress\/wp-content\/uploads\/2025\/10\/Materia-2-03-300x215.jpg 300w, https:\/\/fundacaofemar.org.br\/portalwordpress\/wp-content\/uploads\/2025\/10\/Materia-2-03-1024x735.jpg 1024w, https:\/\/fundacaofemar.org.br\/portalwordpress\/wp-content\/uploads\/2025\/10\/Materia-2-03-768x551.jpg 768w, https:\/\/fundacaofemar.org.br\/portalwordpress\/wp-content\/uploads\/2025\/10\/Materia-2-03-1536x1102.jpg 1536w, https:\/\/fundacaofemar.org.br\/portalwordpress\/wp-content\/uploads\/2025\/10\/Materia-2-03-2048x1470.jpg 2048w\" sizes=\"(max-width: 2560px) 100vw, 2560px\" \/><\/figure><\/div>\n\n\n<p class=\"has-text-align-left\">A iniciativa estimula a cultura de respeito ao meio ambiente marinho, refor\u00e7ando a mensagem de preserva\u00e7\u00e3o e a consci\u00eancia ambiental. As crian\u00e7as assumem o papel de protagonistas na constru\u00e7\u00e3o de um futuro mais sustent\u00e1vel e conectado \u00e0 import\u00e2ncia da cultura oce\u00e2nica!<\/p>\n\n\n\n<h2 class=\"wp-block-heading has-text-align-center\">Confira nosso reels sobre o evento clique abaixo<\/h2>\n\n\n<div class=\"wp-block-image\">\n<figure class=\"aligncenter size-full is-resized\"><a href=\"https:\/\/www.instagram.com\/reel\/DPbqd89kSAI\/?igsh=MWIzNjZjeXBxNGtjMg%3D%3D\"><img loading=\"lazy\" decoding=\"async\" width=\"378\" height=\"133\" src=\"https:\/\/fundacaofemar.org.br\/portalwordpress\/wp-content\/uploads\/2025\/09\/INSTAGRAM.png\" alt=\"\" class=\"wp-image-69334\" style=\"width:396px;height:auto\" srcset=\"https:\/\/fundacaofemar.org.br\/portalwordpress\/wp-content\/uploads\/2025\/09\/INSTAGRAM.png 378w, https:\/\/fundacaofemar.org.br\/portalwordpress\/wp-content\/uploads\/2025\/09\/INSTAGRAM-300x106.png 300w\" sizes=\"(max-width: 378px) 100vw, 378px\" \/><\/a><\/figure><\/div>\n\n\n<h2 class=\"wp-block-heading has-text-align-center\"><strong><mark style=\"background-color:rgba(0, 0, 0, 0)\" class=\"has-inline-color has-vivid-cyan-blue-color\"><strong>Funda\u00e7\u00e3o Pioneira da Maritimidade no Brasil<\/strong><\/mark><\/strong><\/h2>\n\n\n\n<h2 class=\"wp-block-heading has-text-align-center\"><strong><mark style=\"background-color:rgba(0, 0, 0, 0)\" class=\"has-inline-color has-vivid-cyan-blue-color\"><strong>Funda\u00e7\u00e3o de Estudos do Mar<\/strong><\/mark><\/strong><\/h2>\n\n\n\n<p><\/p>\n\n\n\n<figure class=\"wp-block-pullquote\"><blockquote><p><strong><em><mark style=\"background-color:rgba(0, 0, 0, 0)\" class=\"has-inline-color has-black-color\">N\u00e3o perca! Acompanhe mais atividades em nossas redes sociais:<\/mark><\/em><\/strong><br><a href=\"https:\/\/linktr.ee\/fundacaofemar\"><strong><mark style=\"background-color:rgba(0, 0, 0, 0)\" class=\"has-inline-color has-vivid-cyan-blue-color\">https:\/\/linktr.ee\/fundacaofemar<\/mark><\/strong><\/a><\/p><\/blockquote><\/figure>\n\n\n\n<p><\/p>\n<\/div>","protected":false},"excerpt":{"rendered":"<p>O teatro se apresenta como uma poderosa ferramenta de comunica\u00e7\u00e3o, entretenimento e educa\u00e7\u00e3o. Mais do que emocionar, tamb\u00e9m pode ensinar e despertar reflex\u00f5es importantes. Foi exatamente essa a proposta do espet\u00e1culo \u201cA Batalha da Natureza\u201d, que reuniu estudantes em uma experi\u00eancia interativa voltada \u00e0 conscientiza\u00e7\u00e3o sobre a redu\u00e7\u00e3o dos impactos da produ\u00e7\u00e3o de lixo no meio ambiente marinho.<\/p>\n","protected":false},"author":9,"featured_media":0,"comment_status":"closed","ping_status":"closed","sticky":false,"template":"","format":"standard","meta":{"footnotes":""},"categories":[29,18,2],"tags":[],"class_list":["post-69499","post","type-post","status-publish","format-standard","hentry","category-ensino","category-eventos","category-news"],"rise-blocks_total_comments":0,"rise-blocks_categories":[{"term_id":29,"name":"Ensino","slug":"ensino","term_group":0,"term_taxonomy_id":29,"taxonomy":"category","description":"","parent":2,"count":143,"filter":"raw","cat_ID":29,"category_count":143,"category_description":"","cat_name":"Ensino","category_nicename":"ensino","category_parent":2},{"term_id":18,"name":"Eventos","slug":"eventos","term_group":0,"term_taxonomy_id":18,"taxonomy":"category","description":"","parent":2,"count":239,"filter":"raw","cat_ID":18,"category_count":239,"category_description":"","cat_name":"Eventos","category_nicename":"eventos","category_parent":2},{"term_id":2,"name":"News","slug":"news","term_group":0,"term_taxonomy_id":2,"taxonomy":"category","description":"","parent":0,"count":365,"filter":"raw","cat_ID":2,"category_count":365,"category_description":"","cat_name":"News","category_nicename":"news","category_parent":0}],"rise-blocks_excerpt":"O teatro se apresenta como uma poderosa ferramenta de comunica\u00e7\u00e3o, entretenimento e educa\u00e7\u00e3o. Mais do que emocionar, tamb\u00e9m pode ensinar e despertar reflex\u00f5es importantes. Foi exatamente essa a proposta do espet\u00e1culo \u201cA Batalha da Natureza\u201d, que reuniu estudantes em uma experi\u00eancia interativa voltada \u00e0 conscientiza\u00e7\u00e3o sobre a redu\u00e7\u00e3o dos impactos da produ\u00e7\u00e3o de lixo no meio ambiente marinho.","_links":{"self":[{"href":"https:\/\/fundacaofemar.org.br\/portalwordpress\/wp-json\/wp\/v2\/posts\/69499","targetHints":{"allow":["GET"]}}],"collection":[{"href":"https:\/\/fundacaofemar.org.br\/portalwordpress\/wp-json\/wp\/v2\/posts"}],"about":[{"href":"https:\/\/fundacaofemar.org.br\/portalwordpress\/wp-json\/wp\/v2\/types\/post"}],"author":[{"embeddable":true,"href":"https:\/\/fundacaofemar.org.br\/portalwordpress\/wp-json\/wp\/v2\/users\/9"}],"replies":[{"embeddable":true,"href":"https:\/\/fundacaofemar.org.br\/portalwordpress\/wp-json\/wp\/v2\/comments?post=69499"}],"version-history":[{"count":0,"href":"https:\/\/fundacaofemar.org.br\/portalwordpress\/wp-json\/wp\/v2\/posts\/69499\/revisions"}],"wp:attachment":[{"href":"https:\/\/fundacaofemar.org.br\/portalwordpress\/wp-json\/wp\/v2\/media?parent=69499"}],"wp:term":[{"taxonomy":"category","embeddable":true,"href":"https:\/\/fundacaofemar.org.br\/portalwordpress\/wp-json\/wp\/v2\/categories?post=69499"},{"taxonomy":"post_tag","embeddable":true,"href":"https:\/\/fundacaofemar.org.br\/portalwordpress\/wp-json\/wp\/v2\/tags?post=69499"}],"curies":[{"name":"wp","href":"https:\/\/api.w.org\/{rel}","templated":true}]}}