{"id":69574,"date":"2025-10-13T09:11:13","date_gmt":"2025-10-13T12:11:13","guid":{"rendered":"https:\/\/fundacaofemar.org.br\/portalwordpress\/?p=69574"},"modified":"2025-11-26T07:31:11","modified_gmt":"2025-11-26T10:31:11","slug":"palestra-a-evolucao-da-navegacao-no-tempo-para-os-alunos-do-ctta","status":"publish","type":"post","link":"https:\/\/fundacaofemar.org.br\/portalwordpress\/2025\/10\/13\/palestra-a-evolucao-da-navegacao-no-tempo-para-os-alunos-do-ctta\/","title":{"rendered":"PALESTRA \u201cA EVOLU\u00c7\u00c3O DA NAVEGA\u00c7\u00c3O NO TEMPO\u201d PARA OS ALUNOS DO CTTA"},"content":{"rendered":"<div class=\"post-content\">\n<p><strong>Publicado em 13 de Outubro de 2025<\/strong><\/p>\n\n\n\n<p class=\"has-text-align-left\">No \u00faltimo dia 09 de outubro, o Comandante Hideo Miyoshi apresentou a palestra &#8220;A Evolu\u00e7\u00e3o da Navega\u00e7\u00e3o no Tempo&#8221; para os alunos do 1\u00ba ano do Curso T\u00e9cnico em Transporte Aquavi\u00e1rio (CTTA), articulado com o Ensino M\u00e9dio, fruto da parceria entre a Funda\u00e7\u00e3o de Estudos do Mar (FEMAR) e a Secretaria de Estado de Educa\u00e7\u00e3o do Rio de Janeiro (SEEDUC RJ).<\/p>\n\n\n<div class=\"wp-block-image is-style-default\">\n<figure class=\"aligncenter size-full is-resized\"><img fetchpriority=\"high\" decoding=\"async\" width=\"1280\" height=\"960\" src=\"https:\/\/fundacaofemar.org.br\/portalwordpress\/wp-content\/uploads\/2025\/10\/01-1.jpg\" alt=\"\" class=\"wp-image-69575\" style=\"width:530px;height:auto\" srcset=\"https:\/\/fundacaofemar.org.br\/portalwordpress\/wp-content\/uploads\/2025\/10\/01-1.jpg 1280w, https:\/\/fundacaofemar.org.br\/portalwordpress\/wp-content\/uploads\/2025\/10\/01-1-300x225.jpg 300w, https:\/\/fundacaofemar.org.br\/portalwordpress\/wp-content\/uploads\/2025\/10\/01-1-1024x768.jpg 1024w, https:\/\/fundacaofemar.org.br\/portalwordpress\/wp-content\/uploads\/2025\/10\/01-1-768x576.jpg 768w\" sizes=\"(max-width: 1280px) 100vw, 1280px\" \/><\/figure><\/div>\n\n\n<p class=\"has-text-align-left\">A aula foi iniciada com a gruta denominada Lascaux, nos Alpes Franceses, datada de 17.000 anos atr\u00e1s, quando foram encontrados desenhos das constela\u00e7\u00f5es do Zod\u00edaco. Em seguida, foi apresentado o monumento Stonehenge, no condado Wiltshire, reconhecido como ponto astron\u00f4mico do solst\u00edcio de ver\u00e3o no hemisf\u00e9rio norte.<\/p>\n\n\n<div class=\"wp-block-image is-style-default\">\n<figure class=\"aligncenter size-full is-resized\"><img decoding=\"async\" width=\"960\" height=\"1133\" src=\"https:\/\/fundacaofemar.org.br\/portalwordpress\/wp-content\/uploads\/2025\/10\/02-1.jpg\" alt=\"\" class=\"wp-image-69576\" style=\"width:407px;height:auto\" srcset=\"https:\/\/fundacaofemar.org.br\/portalwordpress\/wp-content\/uploads\/2025\/10\/02-1.jpg 960w, https:\/\/fundacaofemar.org.br\/portalwordpress\/wp-content\/uploads\/2025\/10\/02-1-254x300.jpg 254w, https:\/\/fundacaofemar.org.br\/portalwordpress\/wp-content\/uploads\/2025\/10\/02-1-868x1024.jpg 868w, https:\/\/fundacaofemar.org.br\/portalwordpress\/wp-content\/uploads\/2025\/10\/02-1-768x906.jpg 768w\" sizes=\"(max-width: 960px) 100vw, 960px\" \/><\/figure><\/div>\n\n\n<p class=\"has-text-align-left\">No decorrer da palestra tamb\u00e9m foram citados: o polon\u00eas Nicolau Cop\u00e9rnico, os alem\u00e3es Johannes Kepler e Albert Einstein, al\u00e9m do americano Ralph Alpher.<\/p>\n\n\n\n<p class=\"has-text-align-left\">A palestra teve como prop\u00f3sito motivar os alunos a estudarem e pesquisarem as formas de se controlar a for\u00e7a gravitacional.<\/p>\n\n\n\n<h2 class=\"wp-block-heading has-text-align-center\"><strong><mark style=\"background-color:rgba(0, 0, 0, 0)\" class=\"has-inline-color has-vivid-cyan-blue-color\"><strong>Funda\u00e7\u00e3o Pioneira da Maritimidade no Brasil<\/strong><\/mark><\/strong><\/h2>\n\n\n\n<h2 class=\"wp-block-heading has-text-align-center\"><strong><mark style=\"background-color:rgba(0, 0, 0, 0)\" class=\"has-inline-color has-vivid-cyan-blue-color\"><strong>Funda\u00e7\u00e3o de Estudos do Mar<\/strong><\/mark><\/strong><\/h2>\n\n\n\n<p><\/p>\n\n\n\n<figure class=\"wp-block-pullquote\"><blockquote><p><strong><em><mark style=\"background-color:rgba(0, 0, 0, 0)\" class=\"has-inline-color has-black-color\">N\u00e3o perca! Acompanhe mais atividades em nossas redes sociais:<\/mark><\/em><\/strong><br><a href=\"https:\/\/linktr.ee\/fundacaofemar\"><strong><mark style=\"background-color:rgba(0, 0, 0, 0)\" class=\"has-inline-color has-vivid-cyan-blue-color\">https:\/\/linktr.ee\/fundacaofemar<\/mark><\/strong><\/a><\/p><\/blockquote><\/figure>\n\n\n\n<p><\/p>\n<\/div>","protected":false},"excerpt":{"rendered":"<p>No \u00faltimo dia 09 de outubro, o Comandante Hideo Miyoshi apresentou a palestra &#8220;A Evolu\u00e7\u00e3o da Navega\u00e7\u00e3o no Tempo&#8221; para os alunos do 1\u00ba ano do Curso T\u00e9cnico em Transporte Aquavi\u00e1rio (CTTA), articulado com o Ensino M\u00e9dio, fruto da parceria entre a Funda\u00e7\u00e3o de Estudos do Mar (FEMAR) e a Secretaria de Estado de Educa\u00e7\u00e3o do Rio de Janeiro (SEEDUC RJ).<\/p>\n","protected":false},"author":9,"featured_media":0,"comment_status":"closed","ping_status":"closed","sticky":false,"template":"","format":"standard","meta":{"footnotes":""},"categories":[29,2],"tags":[],"class_list":["post-69574","post","type-post","status-publish","format-standard","hentry","category-ensino","category-news"],"rise-blocks_total_comments":0,"rise-blocks_categories":[{"term_id":29,"name":"Ensino","slug":"ensino","term_group":0,"term_taxonomy_id":29,"taxonomy":"category","description":"","parent":2,"count":143,"filter":"raw","cat_ID":29,"category_count":143,"category_description":"","cat_name":"Ensino","category_nicename":"ensino","category_parent":2},{"term_id":2,"name":"News","slug":"news","term_group":0,"term_taxonomy_id":2,"taxonomy":"category","description":"","parent":0,"count":365,"filter":"raw","cat_ID":2,"category_count":365,"category_description":"","cat_name":"News","category_nicename":"news","category_parent":0}],"rise-blocks_excerpt":"No \u00faltimo dia 09 de outubro, o Comandante Hideo Miyoshi apresentou a palestra \"A Evolu\u00e7\u00e3o da Navega\u00e7\u00e3o no Tempo\" para os alunos do 1\u00ba ano do Curso T\u00e9cnico em Transporte Aquavi\u00e1rio (CTTA), articulado com o Ensino M\u00e9dio, fruto da parceria entre a Funda\u00e7\u00e3o de Estudos do Mar (FEMAR) e a Secretaria de Estado de Educa\u00e7\u00e3o do Rio de Janeiro (SEEDUC RJ).","_links":{"self":[{"href":"https:\/\/fundacaofemar.org.br\/portalwordpress\/wp-json\/wp\/v2\/posts\/69574","targetHints":{"allow":["GET"]}}],"collection":[{"href":"https:\/\/fundacaofemar.org.br\/portalwordpress\/wp-json\/wp\/v2\/posts"}],"about":[{"href":"https:\/\/fundacaofemar.org.br\/portalwordpress\/wp-json\/wp\/v2\/types\/post"}],"author":[{"embeddable":true,"href":"https:\/\/fundacaofemar.org.br\/portalwordpress\/wp-json\/wp\/v2\/users\/9"}],"replies":[{"embeddable":true,"href":"https:\/\/fundacaofemar.org.br\/portalwordpress\/wp-json\/wp\/v2\/comments?post=69574"}],"version-history":[{"count":0,"href":"https:\/\/fundacaofemar.org.br\/portalwordpress\/wp-json\/wp\/v2\/posts\/69574\/revisions"}],"wp:attachment":[{"href":"https:\/\/fundacaofemar.org.br\/portalwordpress\/wp-json\/wp\/v2\/media?parent=69574"}],"wp:term":[{"taxonomy":"category","embeddable":true,"href":"https:\/\/fundacaofemar.org.br\/portalwordpress\/wp-json\/wp\/v2\/categories?post=69574"},{"taxonomy":"post_tag","embeddable":true,"href":"https:\/\/fundacaofemar.org.br\/portalwordpress\/wp-json\/wp\/v2\/tags?post=69574"}],"curies":[{"name":"wp","href":"https:\/\/api.w.org\/{rel}","templated":true}]}}