{"id":69600,"date":"2025-10-14T14:20:10","date_gmt":"2025-10-14T17:20:10","guid":{"rendered":"https:\/\/fundacaofemar.org.br\/portalwordpress\/?p=69600"},"modified":"2025-11-26T07:30:55","modified_gmt":"2025-11-26T10:30:55","slug":"cine-debate-na-femar-conhecimento-e-consciencia-sobre-a-cultura-oceanica","status":"publish","type":"post","link":"https:\/\/fundacaofemar.org.br\/portalwordpress\/2025\/10\/14\/cine-debate-na-femar-conhecimento-e-consciencia-sobre-a-cultura-oceanica\/","title":{"rendered":"CINE DEBATE NA FEMAR: CONHECIMENTO E CONSCI\u00caNCIA SOBRE A CULTURA OCE\u00c2NICA"},"content":{"rendered":"<div class=\"post-content\">\n<p><strong>Publicado em 14 de Outubro de 2025<\/strong><\/p>\n\n\n\n<p class=\"has-text-align-left\">Na manh\u00e3 do dia 10 de outubro, a Funda\u00e7\u00e3o de Estudos do Mar (FEMAR) recebeu 50 alunos do Col\u00e9gio Estadual Brasil-Chile (CIEP 260) para uma edi\u00e7\u00e3o do Cine Debate, projeto realizado pela Escola T\u00e9cnica de Estudos do Mar (ETEMAR) em parceria com a Secretaria de Estado de Educa\u00e7\u00e3o do Rio de Janeiro (SEEDUC\/RJ).<\/p>\n\n\n\n<p class=\"has-text-align-left\">O CIEP 260 \u2013 Jos\u00e9 Barbosa Porto, localizado em Mag\u00e9, faz parte do projeto intercultural Brasil-Chile, que valoriza e aprofunda o ensino da cultura chilena e do idioma espanhol. A escola prepara os alunos para o Sistema de Avalia\u00e7\u00e3o da Educa\u00e7\u00e3o B\u00e1sica (SAEB) e para o teste Diploma de Espanhol como L\u00edngua Estrangeira (DELE), para avaliar e certificar a profici\u00eancia no espanhol.<\/p>\n\n\n<div class=\"wp-block-image is-style-default\">\n<figure class=\"aligncenter size-full is-resized\"><img fetchpriority=\"high\" decoding=\"async\" width=\"2560\" height=\"1182\" src=\"https:\/\/fundacaofemar.org.br\/portalwordpress\/wp-content\/uploads\/2025\/10\/01-scaled.jpg\" alt=\"\" class=\"wp-image-69601\" style=\"width:590px;height:auto\" srcset=\"https:\/\/fundacaofemar.org.br\/portalwordpress\/wp-content\/uploads\/2025\/10\/01-scaled.jpg 2560w, https:\/\/fundacaofemar.org.br\/portalwordpress\/wp-content\/uploads\/2025\/10\/01-300x139.jpg 300w, https:\/\/fundacaofemar.org.br\/portalwordpress\/wp-content\/uploads\/2025\/10\/01-1024x473.jpg 1024w, https:\/\/fundacaofemar.org.br\/portalwordpress\/wp-content\/uploads\/2025\/10\/01-768x355.jpg 768w, https:\/\/fundacaofemar.org.br\/portalwordpress\/wp-content\/uploads\/2025\/10\/01-1536x709.jpg 1536w, https:\/\/fundacaofemar.org.br\/portalwordpress\/wp-content\/uploads\/2025\/10\/01-2048x946.jpg 2048w\" sizes=\"(max-width: 2560px) 100vw, 2560px\" \/><\/figure><\/div>\n\n\n<p class=\"has-text-align-left\">O encontro come\u00e7ou com a palestra \u201cA Import\u00e2ncia do Mar\u201d, ministrada pelo Superintendente de Ensino da FEMAR, Comandante Marco Antonio, que destacou as infinitas oportunidades da Amaz\u00f4nia Azul \u2014 desde a ci\u00eancia e a tecnologia at\u00e9 as novas fontes de energia limpa. \u201cO mar \u00e9 o caminho da riqueza. \u00c9 pesquisa, inova\u00e7\u00e3o, energia e futuro\u201d, ressaltou. O Superintendente tamb\u00e9m abordou a conex\u00e3o do Brasil ao Chile, falou das suas experi\u00eancias quando estudou em Valparaiso e apresentou os Projetos da Funda\u00e7\u00e3o.<\/p>\n\n\n<div class=\"wp-block-image is-style-default\">\n<figure class=\"aligncenter size-full is-resized\"><img decoding=\"async\" width=\"2560\" height=\"1410\" src=\"https:\/\/fundacaofemar.org.br\/portalwordpress\/wp-content\/uploads\/2025\/10\/02-scaled.jpg\" alt=\"\" class=\"wp-image-69602\" style=\"width:533px;height:auto\" srcset=\"https:\/\/fundacaofemar.org.br\/portalwordpress\/wp-content\/uploads\/2025\/10\/02-scaled.jpg 2560w, https:\/\/fundacaofemar.org.br\/portalwordpress\/wp-content\/uploads\/2025\/10\/02-300x165.jpg 300w, https:\/\/fundacaofemar.org.br\/portalwordpress\/wp-content\/uploads\/2025\/10\/02-1024x564.jpg 1024w, https:\/\/fundacaofemar.org.br\/portalwordpress\/wp-content\/uploads\/2025\/10\/02-768x423.jpg 768w, https:\/\/fundacaofemar.org.br\/portalwordpress\/wp-content\/uploads\/2025\/10\/02-1536x846.jpg 1536w, https:\/\/fundacaofemar.org.br\/portalwordpress\/wp-content\/uploads\/2025\/10\/02-2048x1128.jpg 2048w\" sizes=\"(max-width: 2560px) 100vw, 2560px\" \/><\/figure><\/div>\n\n\n<p class=\"has-text-align-left\">Em seguida, a equipe do PEA Redes da Ba\u00eda exibiu o epis\u00f3dio 2 da s\u00e9rie \u201cEspelhos da Ba\u00eda\u201d e promoveu um di\u00e1logo com os alunos sobre os m\u00faltiplos usos e a import\u00e2ncia da Ba\u00eda de Guanabara, estimulando a reflex\u00e3o sobre a governan\u00e7a e o cuidado com esse ecossistema.<\/p>\n\n\n<div class=\"wp-block-image is-style-default\">\n<figure class=\"aligncenter size-full is-resized\"><img decoding=\"async\" width=\"2560\" height=\"1182\" src=\"https:\/\/fundacaofemar.org.br\/portalwordpress\/wp-content\/uploads\/2025\/10\/03-scaled.jpg\" alt=\"\" class=\"wp-image-69603\" style=\"width:533px;height:auto\" srcset=\"https:\/\/fundacaofemar.org.br\/portalwordpress\/wp-content\/uploads\/2025\/10\/03-scaled.jpg 2560w, https:\/\/fundacaofemar.org.br\/portalwordpress\/wp-content\/uploads\/2025\/10\/03-300x139.jpg 300w, https:\/\/fundacaofemar.org.br\/portalwordpress\/wp-content\/uploads\/2025\/10\/03-1024x473.jpg 1024w, https:\/\/fundacaofemar.org.br\/portalwordpress\/wp-content\/uploads\/2025\/10\/03-768x355.jpg 768w, https:\/\/fundacaofemar.org.br\/portalwordpress\/wp-content\/uploads\/2025\/10\/03-1536x709.jpg 1536w, https:\/\/fundacaofemar.org.br\/portalwordpress\/wp-content\/uploads\/2025\/10\/03-2048x946.jpg 2048w\" sizes=\"(max-width: 2560px) 100vw, 2560px\" \/><\/figure><\/div>\n\n\n<p>O projeto Redes da Ba\u00eda de Guanabara tem como objetivo apoiar a discuss\u00e3o sobre o uso comum do espelho d\u00b4\u00e1gua da Ba\u00eda de Guanabara, ao refletir sobre a gest\u00e3o e a governan\u00e7a desta zona mar\u00edtima.<\/p>\n\n\n<div class=\"wp-block-image is-style-default\">\n<figure class=\"aligncenter size-full is-resized\"><img loading=\"lazy\" decoding=\"async\" width=\"1920\" height=\"1080\" src=\"https:\/\/fundacaofemar.org.br\/portalwordpress\/wp-content\/uploads\/2025\/10\/04.jpg\" alt=\"\" class=\"wp-image-69604\" style=\"width:533px;height:auto\" srcset=\"https:\/\/fundacaofemar.org.br\/portalwordpress\/wp-content\/uploads\/2025\/10\/04.jpg 1920w, https:\/\/fundacaofemar.org.br\/portalwordpress\/wp-content\/uploads\/2025\/10\/04-300x169.jpg 300w, https:\/\/fundacaofemar.org.br\/portalwordpress\/wp-content\/uploads\/2025\/10\/04-1024x576.jpg 1024w, https:\/\/fundacaofemar.org.br\/portalwordpress\/wp-content\/uploads\/2025\/10\/04-768x432.jpg 768w, https:\/\/fundacaofemar.org.br\/portalwordpress\/wp-content\/uploads\/2025\/10\/04-1536x864.jpg 1536w\" sizes=\"(max-width: 1920px) 100vw, 1920px\" \/><\/figure><\/div>\n\n\n<p class=\"has-text-align-left\">A diretora do CIEP 260 Brasil-Chile, Prof\u00aa Elane, agradeceu a recep\u00e7\u00e3o e destacou o impacto positivo da atividade: \u201cQuero agradecer a acolhida t\u00e3o delicada. Foi um dia muito especial para nossa unidade. As palestras foram inspiradoras e nossos alunos voltaram radiantes! Estamos formando pessoas conscientes sobre a import\u00e2ncia de cuidar do nosso Planeta Azul em suas diferentes profiss\u00f5es. Tenho certeza de que essa parceria trar\u00e1 grandes frutos.<\/p>\n\n\n<div class=\"wp-block-image is-style-default\">\n<figure class=\"aligncenter size-full is-resized\"><img loading=\"lazy\" decoding=\"async\" width=\"2560\" height=\"1401\" src=\"https:\/\/fundacaofemar.org.br\/portalwordpress\/wp-content\/uploads\/2025\/10\/05-scaled.jpg\" alt=\"\" class=\"wp-image-69605\" style=\"width:533px;height:auto\" srcset=\"https:\/\/fundacaofemar.org.br\/portalwordpress\/wp-content\/uploads\/2025\/10\/05-scaled.jpg 2560w, https:\/\/fundacaofemar.org.br\/portalwordpress\/wp-content\/uploads\/2025\/10\/05-300x164.jpg 300w, https:\/\/fundacaofemar.org.br\/portalwordpress\/wp-content\/uploads\/2025\/10\/05-1024x560.jpg 1024w, https:\/\/fundacaofemar.org.br\/portalwordpress\/wp-content\/uploads\/2025\/10\/05-768x420.jpg 768w, https:\/\/fundacaofemar.org.br\/portalwordpress\/wp-content\/uploads\/2025\/10\/05-1536x841.jpg 1536w, https:\/\/fundacaofemar.org.br\/portalwordpress\/wp-content\/uploads\/2025\/10\/05-2048x1121.jpg 2048w\" sizes=\"(max-width: 2560px) 100vw, 2560px\" \/><\/figure><\/div>\n\n\n<p class=\"has-text-align-left\">A Funda\u00e7\u00e3o de Estudos do Mar acredita que educar \u00e9 transformar e momentos como este refor\u00e7am o compromisso com a forma\u00e7\u00e3o de jovens conscientes da cultura oce\u00e2nica, preparados para cuidar e inovar nossa Amaz\u00f4nia Azul.<\/p>\n\n\n\n<h2 class=\"wp-block-heading has-text-align-center\"><strong><mark style=\"background-color:rgba(0, 0, 0, 0)\" class=\"has-inline-color has-vivid-cyan-blue-color\"><strong>Funda\u00e7\u00e3o Pioneira da Maritimidade no Brasil<\/strong><\/mark><\/strong><\/h2>\n\n\n\n<h2 class=\"wp-block-heading has-text-align-center\"><strong><mark style=\"background-color:rgba(0, 0, 0, 0)\" class=\"has-inline-color has-vivid-cyan-blue-color\"><strong>Funda\u00e7\u00e3o de Estudos do Mar<\/strong><\/mark><\/strong><\/h2>\n\n\n\n<p><\/p>\n\n\n\n<figure class=\"wp-block-pullquote\"><blockquote><p><strong><em><mark style=\"background-color:rgba(0, 0, 0, 0)\" class=\"has-inline-color has-black-color\">N\u00e3o perca! Acompanhe mais atividades em nossas redes sociais:<\/mark><\/em><\/strong><br><a href=\"https:\/\/linktr.ee\/fundacaofemar\"><strong><mark style=\"background-color:rgba(0, 0, 0, 0)\" class=\"has-inline-color has-vivid-cyan-blue-color\">https:\/\/linktr.ee\/fundacaofemar<\/mark><\/strong><\/a><\/p><\/blockquote><\/figure>\n\n\n\n<p><\/p>\n<\/div>","protected":false},"excerpt":{"rendered":"<p>Na manh\u00e3 do dia 10 de outubro, a Funda\u00e7\u00e3o de Estudos do Mar (FEMAR) recebeu 50 alunos do Col\u00e9gio Estadual Brasil-Chile (CIEP 260) para uma edi\u00e7\u00e3o do Cine Debate, projeto realizado pela Escola T\u00e9cnica de Estudos do Mar (ETEMAR) em parceria com a Secretaria de Estado de Educa\u00e7\u00e3o do Rio de Janeiro (SEEDUC\/RJ).<\/p>\n","protected":false},"author":9,"featured_media":0,"comment_status":"closed","ping_status":"closed","sticky":false,"template":"","format":"standard","meta":{"footnotes":""},"categories":[29,18,2],"tags":[],"class_list":["post-69600","post","type-post","status-publish","format-standard","hentry","category-ensino","category-eventos","category-news"],"rise-blocks_total_comments":0,"rise-blocks_categories":[{"term_id":29,"name":"Ensino","slug":"ensino","term_group":0,"term_taxonomy_id":29,"taxonomy":"category","description":"","parent":2,"count":143,"filter":"raw","cat_ID":29,"category_count":143,"category_description":"","cat_name":"Ensino","category_nicename":"ensino","category_parent":2},{"term_id":18,"name":"Eventos","slug":"eventos","term_group":0,"term_taxonomy_id":18,"taxonomy":"category","description":"","parent":2,"count":239,"filter":"raw","cat_ID":18,"category_count":239,"category_description":"","cat_name":"Eventos","category_nicename":"eventos","category_parent":2},{"term_id":2,"name":"News","slug":"news","term_group":0,"term_taxonomy_id":2,"taxonomy":"category","description":"","parent":0,"count":365,"filter":"raw","cat_ID":2,"category_count":365,"category_description":"","cat_name":"News","category_nicename":"news","category_parent":0}],"rise-blocks_excerpt":"Na manh\u00e3 do dia 10 de outubro, a Funda\u00e7\u00e3o de Estudos do Mar (FEMAR) recebeu 50 alunos do Col\u00e9gio Estadual Brasil-Chile (CIEP 260) para uma edi\u00e7\u00e3o do Cine Debate, projeto realizado pela Escola T\u00e9cnica de Estudos do Mar (ETEMAR) em parceria com a Secretaria de Estado de Educa\u00e7\u00e3o do Rio de Janeiro (SEEDUC\/RJ).","_links":{"self":[{"href":"https:\/\/fundacaofemar.org.br\/portalwordpress\/wp-json\/wp\/v2\/posts\/69600","targetHints":{"allow":["GET"]}}],"collection":[{"href":"https:\/\/fundacaofemar.org.br\/portalwordpress\/wp-json\/wp\/v2\/posts"}],"about":[{"href":"https:\/\/fundacaofemar.org.br\/portalwordpress\/wp-json\/wp\/v2\/types\/post"}],"author":[{"embeddable":true,"href":"https:\/\/fundacaofemar.org.br\/portalwordpress\/wp-json\/wp\/v2\/users\/9"}],"replies":[{"embeddable":true,"href":"https:\/\/fundacaofemar.org.br\/portalwordpress\/wp-json\/wp\/v2\/comments?post=69600"}],"version-history":[{"count":0,"href":"https:\/\/fundacaofemar.org.br\/portalwordpress\/wp-json\/wp\/v2\/posts\/69600\/revisions"}],"wp:attachment":[{"href":"https:\/\/fundacaofemar.org.br\/portalwordpress\/wp-json\/wp\/v2\/media?parent=69600"}],"wp:term":[{"taxonomy":"category","embeddable":true,"href":"https:\/\/fundacaofemar.org.br\/portalwordpress\/wp-json\/wp\/v2\/categories?post=69600"},{"taxonomy":"post_tag","embeddable":true,"href":"https:\/\/fundacaofemar.org.br\/portalwordpress\/wp-json\/wp\/v2\/tags?post=69600"}],"curies":[{"name":"wp","href":"https:\/\/api.w.org\/{rel}","templated":true}]}}