{"id":69612,"date":"2025-10-15T09:34:12","date_gmt":"2025-10-15T12:34:12","guid":{"rendered":"https:\/\/fundacaofemar.org.br\/portalwordpress\/?p=69612"},"modified":"2025-11-26T07:30:38","modified_gmt":"2025-11-26T10:30:38","slug":"15-10-dia-do-professor-2","status":"publish","type":"post","link":"https:\/\/fundacaofemar.org.br\/portalwordpress\/2025\/10\/15\/15-10-dia-do-professor-2\/","title":{"rendered":"15\/10 \u2013 DIA DO PROFESSOR"},"content":{"rendered":"<div class=\"post-content\">\n<p><strong>Publicado em 15 de Outubro de 2025<\/strong><\/p>\n\n\n\n<p class=\"has-text-align-left\">Hoje celebramos os profissionais que orientam, inspiram e ajudam a moldar o futuro: os professores!<\/p>\n\n\n\n<p class=\"has-text-align-left\">Mais do que transmitir conhecimento, os educadores s\u00e3o verdadeiros agentes de transforma\u00e7\u00e3o. Com dedica\u00e7\u00e3o, eles formam n\u00e3o apenas alunos, mas cidad\u00e3os conscientes, cr\u00edticos e preparados para construir uma Sociedade mais justa, igualit\u00e1ria e solid\u00e1ria.<\/p>\n\n\n\n<p class=\"has-text-align-left\">A Funda\u00e7\u00e3o de Estudos do Mar (FEMAR) reconhece o papel essencial dos professores na forma\u00e7\u00e3o de cada estudante. Nossa miss\u00e3o \u00e9 promover a educa\u00e7\u00e3o de qualidade, e isso s\u00f3 \u00e9 poss\u00edvel gra\u00e7as ao empenho e \u00e0 paix\u00e3o desses profissionais que, todos os dias, se dedicam ao ensino e ao desenvolvimento humano.<\/p>\n\n\n\n<p class=\"has-text-align-left\">Neste 15 de outubro, o nosso muito obrigado a todos os professores que fazem parte da nossa hist\u00f3ria. Voc\u00eas s\u00e3o a base da educa\u00e7\u00e3o e da transforma\u00e7\u00e3o social!<\/p>\n\n\n<div class=\"wp-block-image is-style-default wp-duotone-unset-1\">\n<figure class=\"aligncenter size-large is-resized\"><img fetchpriority=\"high\" decoding=\"async\" width=\"819\" height=\"1024\" src=\"https:\/\/fundacaofemar.org.br\/portalwordpress\/wp-content\/uploads\/2025\/10\/Feed-819x1024.png\" alt=\"\" class=\"wp-image-69615\" style=\"width:359px;height:auto\" srcset=\"https:\/\/fundacaofemar.org.br\/portalwordpress\/wp-content\/uploads\/2025\/10\/Feed-819x1024.png 819w, https:\/\/fundacaofemar.org.br\/portalwordpress\/wp-content\/uploads\/2025\/10\/Feed-240x300.png 240w, https:\/\/fundacaofemar.org.br\/portalwordpress\/wp-content\/uploads\/2025\/10\/Feed-768x960.png 768w, https:\/\/fundacaofemar.org.br\/portalwordpress\/wp-content\/uploads\/2025\/10\/Feed.png 1080w\" sizes=\"(max-width: 819px) 100vw, 819px\" \/><\/figure><\/div>\n\n\n<h1 class=\"wp-block-heading has-text-align-center\">PARAB\u00c9NS, PROFESSOR!<\/h1>\n\n\n\n<h2 class=\"wp-block-heading has-text-align-center\"><strong><mark style=\"background-color:rgba(0, 0, 0, 0)\" class=\"has-inline-color has-vivid-cyan-blue-color\"><strong>Funda\u00e7\u00e3o Pioneira da Maritimidade no Brasil<\/strong><\/mark><\/strong><\/h2>\n\n\n\n<h2 class=\"wp-block-heading has-text-align-center\"><strong><mark style=\"background-color:rgba(0, 0, 0, 0)\" class=\"has-inline-color has-vivid-cyan-blue-color\"><strong>Funda\u00e7\u00e3o de Estudos do Mar<\/strong><\/mark><\/strong><\/h2>\n\n\n\n<p><\/p>\n\n\n\n<figure class=\"wp-block-pullquote\"><blockquote><p><strong><em><mark style=\"background-color:rgba(0, 0, 0, 0)\" class=\"has-inline-color has-black-color\">N\u00e3o perca! Acompanhe mais atividades em nossas redes sociais:<\/mark><\/em><\/strong><br><a href=\"https:\/\/linktr.ee\/fundacaofemar\"><strong><mark style=\"background-color:rgba(0, 0, 0, 0)\" class=\"has-inline-color has-vivid-cyan-blue-color\">https:\/\/linktr.ee\/fundacaofemar<\/mark><\/strong><\/a><\/p><\/blockquote><\/figure>\n\n\n\n<p><\/p>\n<\/div>","protected":false},"excerpt":{"rendered":"<p>Hoje celebramos os profissionais que orientam, inspiram e ajudam a moldar o futuro: os professores!<\/p>\n","protected":false},"author":9,"featured_media":0,"comment_status":"closed","ping_status":"closed","sticky":false,"template":"","format":"standard","meta":{"footnotes":""},"categories":[29,2],"tags":[],"class_list":["post-69612","post","type-post","status-publish","format-standard","hentry","category-ensino","category-news"],"rise-blocks_total_comments":0,"rise-blocks_categories":[{"term_id":29,"name":"Ensino","slug":"ensino","term_group":0,"term_taxonomy_id":29,"taxonomy":"category","description":"","parent":2,"count":143,"filter":"raw","cat_ID":29,"category_count":143,"category_description":"","cat_name":"Ensino","category_nicename":"ensino","category_parent":2},{"term_id":2,"name":"News","slug":"news","term_group":0,"term_taxonomy_id":2,"taxonomy":"category","description":"","parent":0,"count":365,"filter":"raw","cat_ID":2,"category_count":365,"category_description":"","cat_name":"News","category_nicename":"news","category_parent":0}],"rise-blocks_excerpt":"Hoje celebramos os profissionais que orientam, inspiram e ajudam a moldar o futuro: os professores!","_links":{"self":[{"href":"https:\/\/fundacaofemar.org.br\/portalwordpress\/wp-json\/wp\/v2\/posts\/69612","targetHints":{"allow":["GET"]}}],"collection":[{"href":"https:\/\/fundacaofemar.org.br\/portalwordpress\/wp-json\/wp\/v2\/posts"}],"about":[{"href":"https:\/\/fundacaofemar.org.br\/portalwordpress\/wp-json\/wp\/v2\/types\/post"}],"author":[{"embeddable":true,"href":"https:\/\/fundacaofemar.org.br\/portalwordpress\/wp-json\/wp\/v2\/users\/9"}],"replies":[{"embeddable":true,"href":"https:\/\/fundacaofemar.org.br\/portalwordpress\/wp-json\/wp\/v2\/comments?post=69612"}],"version-history":[{"count":0,"href":"https:\/\/fundacaofemar.org.br\/portalwordpress\/wp-json\/wp\/v2\/posts\/69612\/revisions"}],"wp:attachment":[{"href":"https:\/\/fundacaofemar.org.br\/portalwordpress\/wp-json\/wp\/v2\/media?parent=69612"}],"wp:term":[{"taxonomy":"category","embeddable":true,"href":"https:\/\/fundacaofemar.org.br\/portalwordpress\/wp-json\/wp\/v2\/categories?post=69612"},{"taxonomy":"post_tag","embeddable":true,"href":"https:\/\/fundacaofemar.org.br\/portalwordpress\/wp-json\/wp\/v2\/tags?post=69612"}],"curies":[{"name":"wp","href":"https:\/\/api.w.org\/{rel}","templated":true}]}}