{"id":69654,"date":"2025-10-17T16:13:18","date_gmt":"2025-10-17T19:13:18","guid":{"rendered":"https:\/\/fundacaofemar.org.br\/portalwordpress\/?p=69654"},"modified":"2025-11-26T07:30:04","modified_gmt":"2025-11-26T10:30:04","slug":"estudantes-da-etemar-recebem-a-visita-do-ex-aluno-luiz-burity","status":"publish","type":"post","link":"https:\/\/fundacaofemar.org.br\/portalwordpress\/2025\/10\/17\/estudantes-da-etemar-recebem-a-visita-do-ex-aluno-luiz-burity\/","title":{"rendered":"ESTUDANTES DA ETEMAR RECEBEM A VISITA DO EX-ALUNO LUIZ BURITY"},"content":{"rendered":"<div class=\"post-content\">\n<p><strong>Publicado em 17 de Outubro de 2025<\/strong><\/p>\n\n\n\n<p class=\"has-text-align-left\">No \u00faltimo dia 12 de setembro, os alunos dos Cursos T\u00e9cnicos em Transporte Aquavi\u00e1rio (CTTA) e em Portos (CTP), fruto da parceria da Funda\u00e7\u00e3o de Estudos do Mar (FEMAR) e da Secretaria de Estado de Educa\u00e7\u00e3o do Rio de Janeiro (SEEDUC-RJ), apresentaram trabalhos propostos pelas instrutoras Bianca Amorim e Valdenize Oliveira relacionados a quest\u00f5es ambientais.<\/p>\n\n\n<div class=\"wp-block-image is-style-default wp-duotone-unset-1\">\n<figure class=\"aligncenter size-large is-resized\"><img fetchpriority=\"high\" decoding=\"async\" width=\"768\" height=\"1024\" src=\"https:\/\/fundacaofemar.org.br\/portalwordpress\/wp-content\/uploads\/2025\/10\/011-768x1024.jpg\" alt=\"\" class=\"wp-image-69655\" style=\"width:359px;height:auto\" srcset=\"https:\/\/fundacaofemar.org.br\/portalwordpress\/wp-content\/uploads\/2025\/10\/011-768x1024.jpg 768w, https:\/\/fundacaofemar.org.br\/portalwordpress\/wp-content\/uploads\/2025\/10\/011-225x300.jpg 225w, https:\/\/fundacaofemar.org.br\/portalwordpress\/wp-content\/uploads\/2025\/10\/011.jpg 960w\" sizes=\"(max-width: 768px) 100vw, 768px\" \/><\/figure><\/div>\n\n\n<p class=\"has-text-align-left\">Ap\u00f3s as apresenta\u00e7\u00f5es dos trabalhos, os estudantes receberam a visita do ex-aluno do CTTA, Luiz Ot\u00e1vio Burity, que ministrou a palestra \u201cO Mar como Caminho: forma\u00e7\u00e3o t\u00e9cnica e futuro profissional\u201d, mostrando a relev\u00e2ncia da forma\u00e7\u00e3o t\u00e9cnica profissional para empregos tocantes \u00e0 economia do mar.<\/p>\n\n\n<div class=\"wp-block-image is-style-default wp-duotone-unset-2\">\n<figure class=\"aligncenter size-large is-resized\"><img decoding=\"async\" width=\"1024\" height=\"768\" src=\"https:\/\/fundacaofemar.org.br\/portalwordpress\/wp-content\/uploads\/2025\/10\/021-1024x768.jpg\" alt=\"\" class=\"wp-image-69656\" style=\"width:556px;height:auto\" srcset=\"https:\/\/fundacaofemar.org.br\/portalwordpress\/wp-content\/uploads\/2025\/10\/021-1024x768.jpg 1024w, https:\/\/fundacaofemar.org.br\/portalwordpress\/wp-content\/uploads\/2025\/10\/021-300x225.jpg 300w, https:\/\/fundacaofemar.org.br\/portalwordpress\/wp-content\/uploads\/2025\/10\/021-768x576.jpg 768w, https:\/\/fundacaofemar.org.br\/portalwordpress\/wp-content\/uploads\/2025\/10\/021.jpg 1280w\" sizes=\"(max-width: 1024px) 100vw, 1024px\" \/><\/figure><\/div>\n\n\n<p class=\"has-text-align-left\">Esses casos de sucesso servem de incentivo aos jovens que podem vislumbrar o que se espera no futuro daqueles que se dedicam ao estudo t\u00e9cnico t\u00e3o necess\u00e1rio ao desenvolvimento do nosso Pa\u00eds.<\/p>\n\n\n<div class=\"wp-block-image is-style-default wp-duotone-unset-3\">\n<figure class=\"aligncenter size-large is-resized\"><img decoding=\"async\" width=\"1024\" height=\"768\" src=\"https:\/\/fundacaofemar.org.br\/portalwordpress\/wp-content\/uploads\/2025\/10\/03-1-1024x768.jpg\" alt=\"\" class=\"wp-image-69657\" style=\"width:556px;height:auto\" srcset=\"https:\/\/fundacaofemar.org.br\/portalwordpress\/wp-content\/uploads\/2025\/10\/03-1-1024x768.jpg 1024w, https:\/\/fundacaofemar.org.br\/portalwordpress\/wp-content\/uploads\/2025\/10\/03-1-300x225.jpg 300w, https:\/\/fundacaofemar.org.br\/portalwordpress\/wp-content\/uploads\/2025\/10\/03-1-768x576.jpg 768w, https:\/\/fundacaofemar.org.br\/portalwordpress\/wp-content\/uploads\/2025\/10\/03-1.jpg 1280w\" sizes=\"(max-width: 1024px) 100vw, 1024px\" \/><\/figure><\/div>\n\n\n<h2 class=\"wp-block-heading has-text-align-center\"><strong><mark style=\"background-color:rgba(0, 0, 0, 0)\" class=\"has-inline-color has-vivid-cyan-blue-color\"><strong>Funda\u00e7\u00e3o Pioneira da Maritimidade no Brasil<\/strong><\/mark><\/strong><\/h2>\n\n\n\n<h2 class=\"wp-block-heading has-text-align-center\"><strong><mark style=\"background-color:rgba(0, 0, 0, 0)\" class=\"has-inline-color has-vivid-cyan-blue-color\"><strong>Funda\u00e7\u00e3o de Estudos do Mar<\/strong><\/mark><\/strong><\/h2>\n\n\n\n<p><\/p>\n\n\n\n<figure class=\"wp-block-pullquote\"><blockquote><p><strong><em><mark style=\"background-color:rgba(0, 0, 0, 0)\" class=\"has-inline-color has-black-color\">N\u00e3o perca! Acompanhe mais atividades em nossas redes sociais:<\/mark><\/em><\/strong><br><a href=\"https:\/\/linktr.ee\/fundacaofemar\"><strong><mark style=\"background-color:rgba(0, 0, 0, 0)\" class=\"has-inline-color has-vivid-cyan-blue-color\">https:\/\/linktr.ee\/fundacaofemar<\/mark><\/strong><\/a><\/p><\/blockquote><\/figure>\n\n\n\n<p><\/p>\n<\/div>","protected":false},"excerpt":{"rendered":"<p>Hoje celebramos os profissionais que orientam, inspiram e ajudam a moldar o futuro: os professores!<\/p>\n","protected":false},"author":9,"featured_media":0,"comment_status":"closed","ping_status":"closed","sticky":false,"template":"","format":"standard","meta":{"footnotes":""},"categories":[29,2],"tags":[],"class_list":["post-69654","post","type-post","status-publish","format-standard","hentry","category-ensino","category-news"],"rise-blocks_total_comments":0,"rise-blocks_categories":[{"term_id":29,"name":"Ensino","slug":"ensino","term_group":0,"term_taxonomy_id":29,"taxonomy":"category","description":"","parent":2,"count":143,"filter":"raw","cat_ID":29,"category_count":143,"category_description":"","cat_name":"Ensino","category_nicename":"ensino","category_parent":2},{"term_id":2,"name":"News","slug":"news","term_group":0,"term_taxonomy_id":2,"taxonomy":"category","description":"","parent":0,"count":365,"filter":"raw","cat_ID":2,"category_count":365,"category_description":"","cat_name":"News","category_nicename":"news","category_parent":0}],"rise-blocks_excerpt":"Hoje celebramos os profissionais que orientam, inspiram e ajudam a moldar o futuro: os professores!","_links":{"self":[{"href":"https:\/\/fundacaofemar.org.br\/portalwordpress\/wp-json\/wp\/v2\/posts\/69654","targetHints":{"allow":["GET"]}}],"collection":[{"href":"https:\/\/fundacaofemar.org.br\/portalwordpress\/wp-json\/wp\/v2\/posts"}],"about":[{"href":"https:\/\/fundacaofemar.org.br\/portalwordpress\/wp-json\/wp\/v2\/types\/post"}],"author":[{"embeddable":true,"href":"https:\/\/fundacaofemar.org.br\/portalwordpress\/wp-json\/wp\/v2\/users\/9"}],"replies":[{"embeddable":true,"href":"https:\/\/fundacaofemar.org.br\/portalwordpress\/wp-json\/wp\/v2\/comments?post=69654"}],"version-history":[{"count":0,"href":"https:\/\/fundacaofemar.org.br\/portalwordpress\/wp-json\/wp\/v2\/posts\/69654\/revisions"}],"wp:attachment":[{"href":"https:\/\/fundacaofemar.org.br\/portalwordpress\/wp-json\/wp\/v2\/media?parent=69654"}],"wp:term":[{"taxonomy":"category","embeddable":true,"href":"https:\/\/fundacaofemar.org.br\/portalwordpress\/wp-json\/wp\/v2\/categories?post=69654"},{"taxonomy":"post_tag","embeddable":true,"href":"https:\/\/fundacaofemar.org.br\/portalwordpress\/wp-json\/wp\/v2\/tags?post=69654"}],"curies":[{"name":"wp","href":"https:\/\/api.w.org\/{rel}","templated":true}]}}