{"id":69678,"date":"2025-10-20T08:51:55","date_gmt":"2025-10-20T11:51:55","guid":{"rendered":"https:\/\/fundacaofemar.org.br\/portalwordpress\/?p=69678"},"modified":"2025-11-26T07:29:48","modified_gmt":"2025-11-26T10:29:48","slug":"femar-participa-do-8o-congresso-nacional-do-confies","status":"publish","type":"post","link":"https:\/\/fundacaofemar.org.br\/portalwordpress\/2025\/10\/20\/femar-participa-do-8o-congresso-nacional-do-confies\/","title":{"rendered":"FEMAR PARTICIPA DO 8\u00ba CONGRESSO NACIONAL DO CONFIES"},"content":{"rendered":"<div class=\"post-content\">\n<p><strong>Publicado em 20 de Outubro de 2025<\/strong><\/p>\n\n\n\n<p class=\"has-text-align-left\">Entre os dias 15 e 17 de outubro, a Funda\u00e7\u00e3o de Estudos do Mar (FEMAR) marcou presen\u00e7a no 8\u00ba Congresso Nacional do Conselho Nacional das Funda\u00e7\u00f5es de Apoio \u00e0s Institui\u00e7\u00f5es de Ensino Superior e de Pesquisa Cient\u00edfica e Tecnol\u00f3gica (CONFIES), realizado em Bras\u00edlia (DF). Foram tr\u00eas dias debates, f\u00f3runs, oficinas, pain\u00e9is e mesas-redondas reunindo dirigentes, gestores e colaboradores das Funda\u00e7\u00f5es de Apoio de todo o Pa\u00eds.<\/p>\n\n\n<div class=\"wp-block-image is-style-default wp-duotone-unset-1\">\n<figure class=\"aligncenter size-large is-resized\"><img fetchpriority=\"high\" decoding=\"async\" width=\"1024\" height=\"660\" src=\"https:\/\/fundacaofemar.org.br\/portalwordpress\/wp-content\/uploads\/2025\/10\/001-1-1024x660.jpg\" alt=\"\" class=\"wp-image-69679\" style=\"width:477px;height:auto\" srcset=\"https:\/\/fundacaofemar.org.br\/portalwordpress\/wp-content\/uploads\/2025\/10\/001-1-1024x660.jpg 1024w, https:\/\/fundacaofemar.org.br\/portalwordpress\/wp-content\/uploads\/2025\/10\/001-1-300x193.jpg 300w, https:\/\/fundacaofemar.org.br\/portalwordpress\/wp-content\/uploads\/2025\/10\/001-1-768x495.jpg 768w, https:\/\/fundacaofemar.org.br\/portalwordpress\/wp-content\/uploads\/2025\/10\/001-1-1536x990.jpg 1536w, https:\/\/fundacaofemar.org.br\/portalwordpress\/wp-content\/uploads\/2025\/10\/001-1-2048x1320.jpg 2048w\" sizes=\"(max-width: 1024px) 100vw, 1024px\" \/><\/figure><\/div>\n\n\n<p class=\"has-text-align-left\">Pela primeira vez, um grupo expressivo de colaboradores de diversas setores da FEMAR participou do congresso. Foi uma troca de experi\u00eancias e aprendizados em diferentes \u00e1reas. A participa\u00e7\u00e3o ainda foi uma oportunidade de aprofundar o entendimento sobre os desafios, transforma\u00e7\u00f5es e inova\u00e7\u00f5es do setor das Funda\u00e7\u00f5es de Apoio, proporcionando um aprendizado valioso para a nossa equipe, com debates que envolveram desde a moderniza\u00e7\u00e3o dos processos e o uso da Intelig\u00eancia Artificial at\u00e9 a import\u00e2ncia do compliance e da sa\u00fade mental nas Institui\u00e7\u00f5es.<\/p>\n\n\n<div class=\"wp-block-image is-style-default wp-duotone-unset-2\">\n<figure class=\"aligncenter size-large is-resized\"><img decoding=\"async\" width=\"1024\" height=\"748\" src=\"https:\/\/fundacaofemar.org.br\/portalwordpress\/wp-content\/uploads\/2025\/10\/002-1024x748.jpg\" alt=\"\" class=\"wp-image-69680\" style=\"width:499px;height:auto\" srcset=\"https:\/\/fundacaofemar.org.br\/portalwordpress\/wp-content\/uploads\/2025\/10\/002-1024x748.jpg 1024w, https:\/\/fundacaofemar.org.br\/portalwordpress\/wp-content\/uploads\/2025\/10\/002-300x219.jpg 300w, https:\/\/fundacaofemar.org.br\/portalwordpress\/wp-content\/uploads\/2025\/10\/002-768x561.jpg 768w, https:\/\/fundacaofemar.org.br\/portalwordpress\/wp-content\/uploads\/2025\/10\/002-1536x1122.jpg 1536w, https:\/\/fundacaofemar.org.br\/portalwordpress\/wp-content\/uploads\/2025\/10\/002-2048x1496.jpg 2048w\" sizes=\"(max-width: 1024px) 100vw, 1024px\" \/><\/figure><\/div>\n\n\n<p class=\"has-text-align-left\">O congresso tamb\u00e9m premiou boas pr\u00e1ticas que fortalecem o campo das Funda\u00e7\u00f5es e refor\u00e7ou a import\u00e2ncia da coopera\u00e7\u00e3o e da inova\u00e7\u00e3o como pilares para o desenvolvimento da Pesquisa e do Ensino Superior no Pa\u00eds.<\/p>\n\n\n<div class=\"wp-block-image is-style-default wp-duotone-unset-3\">\n<figure class=\"aligncenter size-full is-resized\"><img decoding=\"async\" width=\"720\" height=\"665\" src=\"https:\/\/fundacaofemar.org.br\/portalwordpress\/wp-content\/uploads\/2025\/10\/003.jpg\" alt=\"\" class=\"wp-image-69681\" style=\"width:463px;height:auto\" srcset=\"https:\/\/fundacaofemar.org.br\/portalwordpress\/wp-content\/uploads\/2025\/10\/003.jpg 720w, https:\/\/fundacaofemar.org.br\/portalwordpress\/wp-content\/uploads\/2025\/10\/003-300x277.jpg 300w\" sizes=\"(max-width: 720px) 100vw, 720px\" \/><\/figure><\/div>\n\n\n<p class=\"has-text-align-left\">A participa\u00e7\u00e3o da FEMAR reafirma seu compromisso com a melhoria cont\u00ednua da gest\u00e3o, o fortalecimento da cultura de integridade e o apoio \u00e0 ci\u00eancia e \u00e0 educa\u00e7\u00e3o no Brasil<\/p>\n\n\n\n<h2 class=\"wp-block-heading has-text-align-center\">CONSELHO NACIONAL DAS FUNDA\u00c7\u00d5ES DE APOIO \u00c0S INSTITUI\u00c7\u00d5ES DE ENSINO SUPERIOR E DE PESQUISA CIENT\u00cdFICA E TECNOL\u00d3GICA<\/h2>\n\n\n\n<p class=\"has-text-align-left\">O CONFIES \u00e9 uma associa\u00e7\u00e3o nacional que re\u00fane e representa as Funda\u00e7\u00f5es de Apoio \u00e0s institui\u00e7\u00f5es de ensino superior e de pesquisa cient\u00edfica e tecnol\u00f3gica em todo o Brasil. Sua atua\u00e7\u00e3o busca fortalecer a integra\u00e7\u00e3o entre universidades, institutos de pesquisa, empresas e Sociedade, promovendo uma gest\u00e3o mais \u00e1gil, transparente e eficiente dos projetos de ci\u00eancia, tecnologia e inova\u00e7\u00e3o. Al\u00e9m de defender os interesses e direitos comuns das funda\u00e7\u00f5es, o CONFIES estimula a troca de experi\u00eancias e o aprimoramento cont\u00ednuo das pr\u00e1ticas de gest\u00e3o. Anualmente, realiza um congresso nacional que se consolida como um importante espa\u00e7o de debate e coopera\u00e7\u00e3o sobre os desafios e avan\u00e7os do setor.<\/p>\n\n\n\n<h2 class=\"wp-block-heading has-text-align-center\"><strong><mark style=\"background-color:rgba(0, 0, 0, 0)\" class=\"has-inline-color has-vivid-cyan-blue-color\"><strong>Funda\u00e7\u00e3o Pioneira da Maritimidade no Brasil<\/strong><\/mark><\/strong><\/h2>\n\n\n\n<h2 class=\"wp-block-heading has-text-align-center\"><strong><mark style=\"background-color:rgba(0, 0, 0, 0)\" class=\"has-inline-color has-vivid-cyan-blue-color\"><strong>Funda\u00e7\u00e3o de Estudos do Mar<\/strong><\/mark><\/strong><\/h2>\n\n\n\n<p><\/p>\n\n\n\n<figure class=\"wp-block-pullquote\"><blockquote><p><strong><em><mark style=\"background-color:rgba(0, 0, 0, 0)\" class=\"has-inline-color has-black-color\">N\u00e3o perca! Acompanhe mais atividades em nossas redes sociais:<\/mark><\/em><\/strong><br><a href=\"https:\/\/linktr.ee\/fundacaofemar\"><strong><mark style=\"background-color:rgba(0, 0, 0, 0)\" class=\"has-inline-color has-vivid-cyan-blue-color\">https:\/\/linktr.ee\/fundacaofemar<\/mark><\/strong><\/a><\/p><\/blockquote><\/figure>\n\n\n\n<p><\/p>\n<\/div>","protected":false},"excerpt":{"rendered":"<p>Entre os dias 15 e 17 de outubro, a Funda\u00e7\u00e3o de Estudos do Mar (FEMAR) marcou presen\u00e7a no 8\u00ba Congresso Nacional do Conselho Nacional das Funda\u00e7\u00f5es de Apoio \u00e0s Institui\u00e7\u00f5es de Ensino Superior e de Pesquisa Cient\u00edfica e Tecnol\u00f3gica (CONFIES), realizado em Bras\u00edlia (DF). Foram tr\u00eas dias debates, f\u00f3runs, oficinas, pain\u00e9is e mesas-redondas reunindo dirigentes, gestores e colaboradores das Funda\u00e7\u00f5es de Apoio de todo o Pa\u00eds.<\/p>\n","protected":false},"author":9,"featured_media":0,"comment_status":"closed","ping_status":"closed","sticky":false,"template":"","format":"standard","meta":{"footnotes":""},"categories":[29,2],"tags":[],"class_list":["post-69678","post","type-post","status-publish","format-standard","hentry","category-ensino","category-news"],"rise-blocks_total_comments":0,"rise-blocks_categories":[{"term_id":29,"name":"Ensino","slug":"ensino","term_group":0,"term_taxonomy_id":29,"taxonomy":"category","description":"","parent":2,"count":143,"filter":"raw","cat_ID":29,"category_count":143,"category_description":"","cat_name":"Ensino","category_nicename":"ensino","category_parent":2},{"term_id":2,"name":"News","slug":"news","term_group":0,"term_taxonomy_id":2,"taxonomy":"category","description":"","parent":0,"count":365,"filter":"raw","cat_ID":2,"category_count":365,"category_description":"","cat_name":"News","category_nicename":"news","category_parent":0}],"rise-blocks_excerpt":"Entre os dias 15 e 17 de outubro, a Funda\u00e7\u00e3o de Estudos do Mar (FEMAR) marcou presen\u00e7a no 8\u00ba Congresso Nacional do Conselho Nacional das Funda\u00e7\u00f5es de Apoio \u00e0s Institui\u00e7\u00f5es de Ensino Superior e de Pesquisa Cient\u00edfica e Tecnol\u00f3gica (CONFIES), realizado em Bras\u00edlia (DF). Foram tr\u00eas dias debates, f\u00f3runs, oficinas, pain\u00e9is e mesas-redondas reunindo dirigentes, gestores e colaboradores das Funda\u00e7\u00f5es de Apoio de todo o Pa\u00eds.","_links":{"self":[{"href":"https:\/\/fundacaofemar.org.br\/portalwordpress\/wp-json\/wp\/v2\/posts\/69678","targetHints":{"allow":["GET"]}}],"collection":[{"href":"https:\/\/fundacaofemar.org.br\/portalwordpress\/wp-json\/wp\/v2\/posts"}],"about":[{"href":"https:\/\/fundacaofemar.org.br\/portalwordpress\/wp-json\/wp\/v2\/types\/post"}],"author":[{"embeddable":true,"href":"https:\/\/fundacaofemar.org.br\/portalwordpress\/wp-json\/wp\/v2\/users\/9"}],"replies":[{"embeddable":true,"href":"https:\/\/fundacaofemar.org.br\/portalwordpress\/wp-json\/wp\/v2\/comments?post=69678"}],"version-history":[{"count":0,"href":"https:\/\/fundacaofemar.org.br\/portalwordpress\/wp-json\/wp\/v2\/posts\/69678\/revisions"}],"wp:attachment":[{"href":"https:\/\/fundacaofemar.org.br\/portalwordpress\/wp-json\/wp\/v2\/media?parent=69678"}],"wp:term":[{"taxonomy":"category","embeddable":true,"href":"https:\/\/fundacaofemar.org.br\/portalwordpress\/wp-json\/wp\/v2\/categories?post=69678"},{"taxonomy":"post_tag","embeddable":true,"href":"https:\/\/fundacaofemar.org.br\/portalwordpress\/wp-json\/wp\/v2\/tags?post=69678"}],"curies":[{"name":"wp","href":"https:\/\/api.w.org\/{rel}","templated":true}]}}