{"id":69991,"date":"2025-11-17T14:55:58","date_gmt":"2025-11-17T17:55:58","guid":{"rendered":"https:\/\/fundacaofemar.org.br\/portalwordpress\/?p=69991"},"modified":"2025-11-26T07:25:43","modified_gmt":"2025-11-26T10:25:43","slug":"femar-realiza-aula-de-campo-com-alunos-da-etemar","status":"publish","type":"post","link":"https:\/\/fundacaofemar.org.br\/portalwordpress\/2025\/11\/17\/femar-realiza-aula-de-campo-com-alunos-da-etemar\/","title":{"rendered":"FEMAR REALIZA AULA DE CAMPO COM ALUNOS DA ETEMAR"},"content":{"rendered":"<div class=\"post-content\">\n<p><strong>Publicado em 17 de Novembro de 2025<\/strong><\/p>\n\n\n\n<p class=\"has-text-align-left\">No dia 13 de novembro, a FEMAR realizou uma Aula de Campo para os alunos da turma de 1\u00ba ano do Curso T\u00e9cnico em Transporte Aquavi\u00e1rio articulado com o Ensino M\u00e9dio, fruto da parceria FEMAR e SEEDUC RJ<\/p>\n\n\n<div class=\"wp-block-image is-style-default wp-duotone-unset-1\">\n<figure class=\"aligncenter size-large is-resized\"><img fetchpriority=\"high\" decoding=\"async\" width=\"1024\" height=\"768\" src=\"https:\/\/fundacaofemar.org.br\/portalwordpress\/wp-content\/uploads\/2025\/11\/1-1024x768.jpg\" alt=\"\" class=\"wp-image-69992\" style=\"width:799px;height:auto\" srcset=\"https:\/\/fundacaofemar.org.br\/portalwordpress\/wp-content\/uploads\/2025\/11\/1-1024x768.jpg 1024w, https:\/\/fundacaofemar.org.br\/portalwordpress\/wp-content\/uploads\/2025\/11\/1-300x225.jpg 300w, https:\/\/fundacaofemar.org.br\/portalwordpress\/wp-content\/uploads\/2025\/11\/1-768x576.jpg 768w, https:\/\/fundacaofemar.org.br\/portalwordpress\/wp-content\/uploads\/2025\/11\/1-1536x1152.jpg 1536w, https:\/\/fundacaofemar.org.br\/portalwordpress\/wp-content\/uploads\/2025\/11\/1-2048x1536.jpg 2048w\" sizes=\"(max-width: 1024px) 100vw, 1024px\" \/><\/figure><\/div>\n\n\n<p class=\"has-text-align-left\">Na Aula de Campo, os alunos realizaram um tour pelo Centro do Rio de Janeiro, com o objetivo de estudar os modais de transporte ao longo da hist\u00f3ria, focando no modal aquavi\u00e1rio, finalizando a Aula no terminal das barcas.<\/p>\n\n\n<div class=\"wp-block-image is-style-default wp-duotone-unset-2\">\n<figure class=\"aligncenter size-large is-resized\"><img decoding=\"async\" width=\"768\" height=\"1024\" src=\"https:\/\/fundacaofemar.org.br\/portalwordpress\/wp-content\/uploads\/2025\/11\/2-768x1024.jpg\" alt=\"\" class=\"wp-image-69993\" style=\"width:648px;height:auto\" srcset=\"https:\/\/fundacaofemar.org.br\/portalwordpress\/wp-content\/uploads\/2025\/11\/2-768x1024.jpg 768w, https:\/\/fundacaofemar.org.br\/portalwordpress\/wp-content\/uploads\/2025\/11\/2-225x300.jpg 225w, https:\/\/fundacaofemar.org.br\/portalwordpress\/wp-content\/uploads\/2025\/11\/2-1152x1536.jpg 1152w, https:\/\/fundacaofemar.org.br\/portalwordpress\/wp-content\/uploads\/2025\/11\/2-1536x2048.jpg 1536w, https:\/\/fundacaofemar.org.br\/portalwordpress\/wp-content\/uploads\/2025\/11\/2-scaled.jpg 1920w\" sizes=\"(max-width: 768px) 100vw, 768px\" \/><\/figure><\/div>\n\n\n<p class=\"has-text-align-left\">Para fins avaliativos, os alunos dever\u00e3o elaborar um relat\u00f3rio sobre esta experi\u00eancia que compor\u00e1 a nota da disciplina no \u00faltimo bimestre do ano letivo.<\/p>\n\n\n<div class=\"wp-block-image is-style-default wp-duotone-unset-3\">\n<figure class=\"aligncenter size-large is-resized\"><img decoding=\"async\" width=\"917\" height=\"1024\" src=\"https:\/\/fundacaofemar.org.br\/portalwordpress\/wp-content\/uploads\/2025\/11\/3-917x1024.jpg\" alt=\"\" class=\"wp-image-69994\" style=\"width:717px;height:auto\" srcset=\"https:\/\/fundacaofemar.org.br\/portalwordpress\/wp-content\/uploads\/2025\/11\/3-917x1024.jpg 917w, https:\/\/fundacaofemar.org.br\/portalwordpress\/wp-content\/uploads\/2025\/11\/3-269x300.jpg 269w, https:\/\/fundacaofemar.org.br\/portalwordpress\/wp-content\/uploads\/2025\/11\/3-768x857.jpg 768w, https:\/\/fundacaofemar.org.br\/portalwordpress\/wp-content\/uploads\/2025\/11\/3-1376x1536.jpg 1376w, https:\/\/fundacaofemar.org.br\/portalwordpress\/wp-content\/uploads\/2025\/11\/3-1834x2048.jpg 1834w\" sizes=\"(max-width: 917px) 100vw, 917px\" \/><\/figure><\/div>\n\n\n<h2 class=\"wp-block-heading has-text-align-center\"><strong><mark style=\"background-color:rgba(0, 0, 0, 0)\" class=\"has-inline-color has-vivid-cyan-blue-color\"><strong>Funda\u00e7\u00e3o Pioneira da Maritimidade no Brasil<\/strong><\/mark><\/strong><\/h2>\n\n\n\n<h2 class=\"wp-block-heading has-text-align-center\"><strong><mark style=\"background-color:rgba(0, 0, 0, 0)\" class=\"has-inline-color has-vivid-cyan-blue-color\"><strong>Funda\u00e7\u00e3o de Estudos do Mar<\/strong><\/mark><\/strong><\/h2>\n\n\n\n<p><\/p>\n\n\n\n<figure class=\"wp-block-pullquote\"><blockquote><p><strong><em><mark style=\"background-color:rgba(0, 0, 0, 0)\" class=\"has-inline-color has-black-color\">N\u00e3o perca! Acompanhe mais atividades em nossas redes sociais:<\/mark><\/em><\/strong><br><a href=\"https:\/\/linktr.ee\/fundacaofemar\"><strong><mark style=\"background-color:rgba(0, 0, 0, 0)\" class=\"has-inline-color has-vivid-cyan-blue-color\">https:\/\/linktr.ee\/fundacaofemar<\/mark><\/strong><\/a><\/p><\/blockquote><\/figure>\n\n\n\n<p><\/p>\n<\/div>","protected":false},"excerpt":{"rendered":"<p>No dia 13 de novembro, a FEMAR realizou uma Aula de Campo para os alunos da turma de 1\u00ba ano do Curso T\u00e9cnico em Transporte Aquavi\u00e1rio articulado com o Ensino M\u00e9dio, fruto da parceria FEMAR e SEEDUC RJ<\/p>\n","protected":false},"author":9,"featured_media":0,"comment_status":"closed","ping_status":"closed","sticky":false,"template":"","format":"standard","meta":{"footnotes":""},"categories":[29,18,2],"tags":[],"class_list":["post-69991","post","type-post","status-publish","format-standard","hentry","category-ensino","category-eventos","category-news"],"rise-blocks_total_comments":0,"rise-blocks_categories":[{"term_id":29,"name":"Ensino","slug":"ensino","term_group":0,"term_taxonomy_id":29,"taxonomy":"category","description":"","parent":2,"count":143,"filter":"raw","cat_ID":29,"category_count":143,"category_description":"","cat_name":"Ensino","category_nicename":"ensino","category_parent":2},{"term_id":18,"name":"Eventos","slug":"eventos","term_group":0,"term_taxonomy_id":18,"taxonomy":"category","description":"","parent":2,"count":239,"filter":"raw","cat_ID":18,"category_count":239,"category_description":"","cat_name":"Eventos","category_nicename":"eventos","category_parent":2},{"term_id":2,"name":"News","slug":"news","term_group":0,"term_taxonomy_id":2,"taxonomy":"category","description":"","parent":0,"count":365,"filter":"raw","cat_ID":2,"category_count":365,"category_description":"","cat_name":"News","category_nicename":"news","category_parent":0}],"rise-blocks_excerpt":"No dia 13 de novembro, a FEMAR realizou uma Aula de Campo para os alunos da turma de 1\u00ba ano do Curso T\u00e9cnico em Transporte Aquavi\u00e1rio articulado com o Ensino M\u00e9dio, fruto da parceria FEMAR e SEEDUC RJ","_links":{"self":[{"href":"https:\/\/fundacaofemar.org.br\/portalwordpress\/wp-json\/wp\/v2\/posts\/69991","targetHints":{"allow":["GET"]}}],"collection":[{"href":"https:\/\/fundacaofemar.org.br\/portalwordpress\/wp-json\/wp\/v2\/posts"}],"about":[{"href":"https:\/\/fundacaofemar.org.br\/portalwordpress\/wp-json\/wp\/v2\/types\/post"}],"author":[{"embeddable":true,"href":"https:\/\/fundacaofemar.org.br\/portalwordpress\/wp-json\/wp\/v2\/users\/9"}],"replies":[{"embeddable":true,"href":"https:\/\/fundacaofemar.org.br\/portalwordpress\/wp-json\/wp\/v2\/comments?post=69991"}],"version-history":[{"count":0,"href":"https:\/\/fundacaofemar.org.br\/portalwordpress\/wp-json\/wp\/v2\/posts\/69991\/revisions"}],"wp:attachment":[{"href":"https:\/\/fundacaofemar.org.br\/portalwordpress\/wp-json\/wp\/v2\/media?parent=69991"}],"wp:term":[{"taxonomy":"category","embeddable":true,"href":"https:\/\/fundacaofemar.org.br\/portalwordpress\/wp-json\/wp\/v2\/categories?post=69991"},{"taxonomy":"post_tag","embeddable":true,"href":"https:\/\/fundacaofemar.org.br\/portalwordpress\/wp-json\/wp\/v2\/tags?post=69991"}],"curies":[{"name":"wp","href":"https:\/\/api.w.org\/{rel}","templated":true}]}}