{"id":70549,"date":"2025-12-02T15:25:09","date_gmt":"2025-12-02T18:25:09","guid":{"rendered":"https:\/\/fundacaofemar.org.br\/portalwordpress\/?p=70549"},"modified":"2025-12-02T15:25:11","modified_gmt":"2025-12-02T18:25:11","slug":"femar-marca-presenca-na-2a-edicao-do-tomorrow-blue-economy-niteroi","status":"publish","type":"post","link":"https:\/\/fundacaofemar.org.br\/portalwordpress\/2025\/12\/02\/femar-marca-presenca-na-2a-edicao-do-tomorrow-blue-economy-niteroi\/","title":{"rendered":"FEMAR MARCA PRESEN\u00c7A NA 2\u00aa EDI\u00c7\u00c3O DO TOMORROW BLUE ECONOMY NITER\u00d3I"},"content":{"rendered":"<div class=\"post-content\">\n<p><strong>Publicado em 02 de Dezembro de 2025<\/strong><\/p>\n\n\n\n<p class=\"has-text-align-left\">A economia do mar deixou de ser apenas um potencial e se tornou uma urg\u00eancia. Ela envolve biotecnologia, energias renov\u00e1veis, log\u00edstica inteligente, conserva\u00e7\u00e3o ambiental e turismo regenerativo \u2014 setores que impulsionam empregos, inova\u00e7\u00e3o e sustentabilidade, abrindo uma nova fronteira para o desenvolvimento do Pa\u00eds.<\/p>\n\n\n\n<p class=\"has-text-align-left\">Com esse compromisso, a Funda\u00e7\u00e3o de Estudos do Mar (FEMAR) participou, no dia 27 de novembro, da 2\u00aa edi\u00e7\u00e3o do Tomorrow Blue Economy Niter\u00f3i, evento que refor\u00e7a o papel da cidade como refer\u00eancia nacional em inova\u00e7\u00e3o e sustentabilidade na Economia Azul. Reunindo especialistas e l\u00edderes de diversos pa\u00edses, o encontro ampliou debates sobre o uso respons\u00e1vel dos recursos marinhos e de \u00e1gua doce, novas tecnologias, governan\u00e7a integrada e solu\u00e7\u00f5es digitais avan\u00e7adas. A proposta central: acelerar a\u00e7\u00f5es coletivas por um futuro mais resiliente, justo e pr\u00f3spero, guiado pelo potencial da \u00e1gua.<\/p>\n\n\n<div class=\"wp-block-image is-style-default wp-duotone-unset-1\">\n<figure class=\"aligncenter size-full is-resized\"><img fetchpriority=\"high\" decoding=\"async\" width=\"2560\" height=\"1441\" src=\"https:\/\/fundacaofemar.org.br\/portalwordpress\/wp-content\/uploads\/2025\/12\/01-scaled.jpg\" alt=\"\" class=\"wp-image-70550\" style=\"width:680px;height:auto\" srcset=\"https:\/\/fundacaofemar.org.br\/portalwordpress\/wp-content\/uploads\/2025\/12\/01-scaled.jpg 2560w, https:\/\/fundacaofemar.org.br\/portalwordpress\/wp-content\/uploads\/2025\/12\/01-300x169.jpg 300w, https:\/\/fundacaofemar.org.br\/portalwordpress\/wp-content\/uploads\/2025\/12\/01-1024x576.jpg 1024w, https:\/\/fundacaofemar.org.br\/portalwordpress\/wp-content\/uploads\/2025\/12\/01-768x432.jpg 768w, https:\/\/fundacaofemar.org.br\/portalwordpress\/wp-content\/uploads\/2025\/12\/01-1536x864.jpg 1536w, https:\/\/fundacaofemar.org.br\/portalwordpress\/wp-content\/uploads\/2025\/12\/01-2048x1153.jpg 2048w\" sizes=\"(max-width: 2560px) 100vw, 2560px\" \/><\/figure><\/div>\n\n\n<p class=\"has-text-align-left\">A Prof.\u00aa Valdenize Pereira de Oliveira, da FEMAR, foi moderadora do painel \u201cInova\u00e7\u00e3o nos Portos: Transforma\u00e7\u00e3o, Sustentabilidade e Competitividade\u201d, que reuniu Thomas Conradi Granli (Innovation Norway), Gabriela Campagna (Secretaria de Estado da Casa Civil do RJ) e Ulisses Oliveira (Porto Sudeste). O debate abordou o momento de transforma\u00e7\u00e3o vivido pelos portos, impulsionado por exig\u00eancias econ\u00f4micas e ambientais. Os especialistas destacaram como a inova\u00e7\u00e3o vem modernizando a gest\u00e3o portu\u00e1ria, trazendo efici\u00eancia, integra\u00e7\u00e3o entre setores e novas pr\u00e1ticas que fortalecem os portos como motores do desenvolvimento regional e global.<\/p>\n\n\n<div class=\"wp-block-image is-style-default wp-duotone-unset-2\">\n<figure class=\"aligncenter size-large is-resized\"><img decoding=\"async\" width=\"1024\" height=\"648\" src=\"https:\/\/fundacaofemar.org.br\/portalwordpress\/wp-content\/uploads\/2025\/12\/02-1024x648.jpg\" alt=\"\" class=\"wp-image-70551\" style=\"width:649px;height:auto\" srcset=\"https:\/\/fundacaofemar.org.br\/portalwordpress\/wp-content\/uploads\/2025\/12\/02-1024x648.jpg 1024w, https:\/\/fundacaofemar.org.br\/portalwordpress\/wp-content\/uploads\/2025\/12\/02-300x190.jpg 300w, https:\/\/fundacaofemar.org.br\/portalwordpress\/wp-content\/uploads\/2025\/12\/02-768x486.jpg 768w, https:\/\/fundacaofemar.org.br\/portalwordpress\/wp-content\/uploads\/2025\/12\/02-1536x972.jpg 1536w, https:\/\/fundacaofemar.org.br\/portalwordpress\/wp-content\/uploads\/2025\/12\/02-2048x1296.jpg 2048w\" sizes=\"(max-width: 1024px) 100vw, 1024px\" \/><\/figure><\/div>\n\n\n<p class=\"has-text-align-left\">No per\u00edodo da tarde, a Prof.\u00aa Valdenize participou como palestrante no painel \u201cPortos da Pr\u00f3xima Gera\u00e7\u00e3o: Impulsionando o Futuro do Transporte Aquavi\u00e1rio\u201d, que explorou o crescente papel do oceano na transi\u00e7\u00e3o energ\u00e9tica global. A discuss\u00e3o mostrou como a Economia Azul vem abrindo caminhos para energias renov\u00e1veis \u2014 ondas, mar\u00e9s, correntes mar\u00edtimas e vento offshore \u2014 e como essas fontes est\u00e3o se convertendo em solu\u00e7\u00f5es concretas para um futuro mais limpo. O painel contou tamb\u00e9m com a participa\u00e7\u00e3o de Walter Lucas da Silva (Cluster Tecnol\u00f3gico Naval RJ) e Eduardo Miguez (Rio Neg\u00f3cios), com modera\u00e7\u00e3o de Caio Cunha (Porto do A\u00e7u).<\/p>\n\n\n<div class=\"wp-block-image is-style-default wp-duotone-unset-3\">\n<figure class=\"aligncenter size-large is-resized\"><img decoding=\"async\" width=\"1024\" height=\"637\" src=\"https:\/\/fundacaofemar.org.br\/portalwordpress\/wp-content\/uploads\/2025\/12\/03-1024x637.jpg\" alt=\"\" class=\"wp-image-70552\" style=\"width:646px;height:auto\" srcset=\"https:\/\/fundacaofemar.org.br\/portalwordpress\/wp-content\/uploads\/2025\/12\/03-1024x637.jpg 1024w, https:\/\/fundacaofemar.org.br\/portalwordpress\/wp-content\/uploads\/2025\/12\/03-300x186.jpg 300w, https:\/\/fundacaofemar.org.br\/portalwordpress\/wp-content\/uploads\/2025\/12\/03-768x477.jpg 768w, https:\/\/fundacaofemar.org.br\/portalwordpress\/wp-content\/uploads\/2025\/12\/03-1536x955.jpg 1536w, https:\/\/fundacaofemar.org.br\/portalwordpress\/wp-content\/uploads\/2025\/12\/03-2048x1273.jpg 2048w\" sizes=\"(max-width: 1024px) 100vw, 1024px\" \/><\/figure><\/div>\n\n\n<p class=\"has-text-align-left\">A 2\u00aa edi\u00e7\u00e3o do Tomorrow Blue Economy consolida Niter\u00f3i como um polo estrat\u00e9gico da Economia Azul no Brasil. O evento reuniu l\u00edderes, executivos, pesquisadores e representantes da Sociedade para discutir temas como transi\u00e7\u00e3o energ\u00e9tica offshore, portos inteligentes e biotecnologia marinha \u2014 conectando inova\u00e7\u00e3o, conserva\u00e7\u00e3o e neg\u00f3cios com prop\u00f3sito.<\/p>\n\n\n<div class=\"wp-block-image is-style-default wp-duotone-unset-4\">\n<figure class=\"aligncenter size-large is-resized\"><img loading=\"lazy\" decoding=\"async\" width=\"1024\" height=\"640\" src=\"https:\/\/fundacaofemar.org.br\/portalwordpress\/wp-content\/uploads\/2025\/12\/04-1024x640.jpg\" alt=\"\" class=\"wp-image-70553\" style=\"width:667px;height:auto\" srcset=\"https:\/\/fundacaofemar.org.br\/portalwordpress\/wp-content\/uploads\/2025\/12\/04-1024x640.jpg 1024w, https:\/\/fundacaofemar.org.br\/portalwordpress\/wp-content\/uploads\/2025\/12\/04-300x187.jpg 300w, https:\/\/fundacaofemar.org.br\/portalwordpress\/wp-content\/uploads\/2025\/12\/04-768x480.jpg 768w, https:\/\/fundacaofemar.org.br\/portalwordpress\/wp-content\/uploads\/2025\/12\/04-1536x959.jpg 1536w, https:\/\/fundacaofemar.org.br\/portalwordpress\/wp-content\/uploads\/2025\/12\/04-2048x1279.jpg 2048w\" sizes=\"(max-width: 1024px) 100vw, 1024px\" \/><\/figure><\/div>\n\n\n<h2 class=\"wp-block-heading has-text-align-center\"><strong><mark style=\"background-color:rgba(0, 0, 0, 0)\" class=\"has-inline-color has-vivid-cyan-blue-color\"><strong>Funda\u00e7\u00e3o Pioneira da Maritimidade no Brasil<\/strong><\/mark><\/strong><\/h2>\n\n\n\n<h2 class=\"wp-block-heading has-text-align-center\"><strong><mark style=\"background-color:rgba(0, 0, 0, 0)\" class=\"has-inline-color has-vivid-cyan-blue-color\"><strong>Funda\u00e7\u00e3o de Estudos do Mar<\/strong><\/mark><\/strong><\/h2>\n\n\n\n<p><\/p>\n\n\n\n<figure class=\"wp-block-pullquote\"><blockquote><p><strong><em><mark style=\"background-color:rgba(0, 0, 0, 0)\" class=\"has-inline-color has-black-color\">N\u00e3o perca! Acompanhe mais atividades em nossas redes sociais:<\/mark><\/em><\/strong><br><a href=\"https:\/\/linktr.ee\/fundacaofemar\"><strong><mark style=\"background-color:rgba(0, 0, 0, 0)\" class=\"has-inline-color has-vivid-cyan-blue-color\">https:\/\/linktr.ee\/fundacaofemar<\/mark><\/strong><\/a><\/p><\/blockquote><\/figure>\n\n\n\n<p><\/p>\n<\/div>","protected":false},"excerpt":{"rendered":"<p>A economia do mar deixou de ser apenas um potencial e se tornou uma urg\u00eancia. Ela envolve biotecnologia, energias renov\u00e1veis, log\u00edstica inteligente, conserva\u00e7\u00e3o ambiental e turismo regenerativo \u2014 setores que impulsionam empregos, inova\u00e7\u00e3o e sustentabilidade, abrindo uma nova fronteira para o desenvolvimento do Pa\u00eds.<\/p>\n","protected":false},"author":9,"featured_media":0,"comment_status":"closed","ping_status":"closed","sticky":false,"template":"","format":"standard","meta":{"footnotes":""},"categories":[18,2],"tags":[],"class_list":["post-70549","post","type-post","status-publish","format-standard","hentry","category-eventos","category-news"],"rise-blocks_total_comments":0,"rise-blocks_categories":[{"term_id":18,"name":"Eventos","slug":"eventos","term_group":0,"term_taxonomy_id":18,"taxonomy":"category","description":"","parent":2,"count":239,"filter":"raw","cat_ID":18,"category_count":239,"category_description":"","cat_name":"Eventos","category_nicename":"eventos","category_parent":2},{"term_id":2,"name":"News","slug":"news","term_group":0,"term_taxonomy_id":2,"taxonomy":"category","description":"","parent":0,"count":365,"filter":"raw","cat_ID":2,"category_count":365,"category_description":"","cat_name":"News","category_nicename":"news","category_parent":0}],"rise-blocks_excerpt":"A economia do mar deixou de ser apenas um potencial e se tornou uma urg\u00eancia. Ela envolve biotecnologia, energias renov\u00e1veis, log\u00edstica inteligente, conserva\u00e7\u00e3o ambiental e turismo regenerativo \u2014 setores que impulsionam empregos, inova\u00e7\u00e3o e sustentabilidade, abrindo uma nova fronteira para o desenvolvimento do Pa\u00eds.","_links":{"self":[{"href":"https:\/\/fundacaofemar.org.br\/portalwordpress\/wp-json\/wp\/v2\/posts\/70549","targetHints":{"allow":["GET"]}}],"collection":[{"href":"https:\/\/fundacaofemar.org.br\/portalwordpress\/wp-json\/wp\/v2\/posts"}],"about":[{"href":"https:\/\/fundacaofemar.org.br\/portalwordpress\/wp-json\/wp\/v2\/types\/post"}],"author":[{"embeddable":true,"href":"https:\/\/fundacaofemar.org.br\/portalwordpress\/wp-json\/wp\/v2\/users\/9"}],"replies":[{"embeddable":true,"href":"https:\/\/fundacaofemar.org.br\/portalwordpress\/wp-json\/wp\/v2\/comments?post=70549"}],"version-history":[{"count":0,"href":"https:\/\/fundacaofemar.org.br\/portalwordpress\/wp-json\/wp\/v2\/posts\/70549\/revisions"}],"wp:attachment":[{"href":"https:\/\/fundacaofemar.org.br\/portalwordpress\/wp-json\/wp\/v2\/media?parent=70549"}],"wp:term":[{"taxonomy":"category","embeddable":true,"href":"https:\/\/fundacaofemar.org.br\/portalwordpress\/wp-json\/wp\/v2\/categories?post=70549"},{"taxonomy":"post_tag","embeddable":true,"href":"https:\/\/fundacaofemar.org.br\/portalwordpress\/wp-json\/wp\/v2\/tags?post=70549"}],"curies":[{"name":"wp","href":"https:\/\/api.w.org\/{rel}","templated":true}]}}