{"id":70678,"date":"2025-12-04T08:59:52","date_gmt":"2025-12-04T11:59:52","guid":{"rendered":"https:\/\/fundacaofemar.org.br\/portalwordpress\/?p=70678"},"modified":"2025-12-04T08:59:54","modified_gmt":"2025-12-04T11:59:54","slug":"femar-sedia-o-brew-e-recebe-especialistas-nacionais-e-internacionais-em-materiais-energeticos","status":"publish","type":"post","link":"https:\/\/fundacaofemar.org.br\/portalwordpress\/2025\/12\/04\/femar-sedia-o-brew-e-recebe-especialistas-nacionais-e-internacionais-em-materiais-energeticos\/","title":{"rendered":"FEMAR SEDIA O BREW E RECEBE ESPECIALISTAS NACIONAIS E INTERNACIONAIS EM MATERIAIS ENERG\u00c9TICOS"},"content":{"rendered":"<div class=\"post-content\">\n<p><strong>Publicado em 04 de Dezembro de 2025<\/strong><\/p>\n\n\n\n<p class=\"has-text-align-left\">No dia 27 de novembro, a Funda\u00e7\u00e3o de Estudos do Mar (FEMAR) sediou Brazilian Energetics Workshop (BREW), evento presidido pelo Dr. Maur\u00edcio Ferraponoff Lemos, pesquisador do Instituto de Pesquisas da Marinha do Brasil (IPqM), em conjunto com o comit\u00ea organizador e cient\u00edfico formado por pesquisadores do Instituto Militar de Engenharia (IME), do Instituto de Aeron\u00e1utica e Espa\u00e7o (IAE) e da Universidade Federal do Rio Grande do Sul (UFRGS).<\/p>\n\n\n\n<p class=\"has-text-align-left\">O BREW foi concebido como um f\u00f3rum brasileiro dedicado \u00e0 pesquisa, desenvolvimento e inova\u00e7\u00e3o em materiais energ\u00e9ticos, reunindo especialistas de institui\u00e7\u00f5es civis, acad\u00eamicas e militares do Pa\u00eds e do exterior. O objetivo central \u00e9 promover discuss\u00f5es sobre todos os aspectos relacionados ao tema \u2014 desde a s\u00edntese e previs\u00e3o de mol\u00e9culas estrat\u00e9gicas at\u00e9 processos industriais, fabrica\u00e7\u00e3o, caracteriza\u00e7\u00e3o e aplica\u00e7\u00f5es avan\u00e7adas.<\/p>\n\n\n<div class=\"wp-block-image is-style-default wp-duotone-unset-1\">\n<figure class=\"aligncenter size-full is-resized\"><img fetchpriority=\"high\" decoding=\"async\" width=\"2560\" height=\"1920\" src=\"https:\/\/fundacaofemar.org.br\/portalwordpress\/wp-content\/uploads\/2025\/12\/01-1-scaled.jpg\" alt=\"\" class=\"wp-image-70679\" style=\"width:651px;height:auto\" srcset=\"https:\/\/fundacaofemar.org.br\/portalwordpress\/wp-content\/uploads\/2025\/12\/01-1-scaled.jpg 2560w, https:\/\/fundacaofemar.org.br\/portalwordpress\/wp-content\/uploads\/2025\/12\/01-1-300x225.jpg 300w, https:\/\/fundacaofemar.org.br\/portalwordpress\/wp-content\/uploads\/2025\/12\/01-1-1024x768.jpg 1024w, https:\/\/fundacaofemar.org.br\/portalwordpress\/wp-content\/uploads\/2025\/12\/01-1-768x576.jpg 768w, https:\/\/fundacaofemar.org.br\/portalwordpress\/wp-content\/uploads\/2025\/12\/01-1-1536x1152.jpg 1536w, https:\/\/fundacaofemar.org.br\/portalwordpress\/wp-content\/uploads\/2025\/12\/01-1-2048x1536.jpg 2048w\" sizes=\"(max-width: 2560px) 100vw, 2560px\" \/><\/figure><\/div>\n\n\n<p class=\"has-text-align-left\">Os participantes foram recebidos pelo Vice-Presidente da FEMAR, Jayme Teixeira, que ressaltou a import\u00e2ncia da realiza\u00e7\u00e3o do BREW no Rio de Janeiro, em especial na Funda\u00e7\u00e3o: \u201crefor\u00e7a o papel como Institui\u00e7\u00e3o comprometida com a promo\u00e7\u00e3o do conhecimento cient\u00edfico e com o desenvolvimento de tecnologias estrat\u00e9gicas para o Pa\u00eds, fortalecendo redes de coopera\u00e7\u00e3o entre academia, governo e setor produtivo\u201d, destacou.<\/p>\n\n\n<div class=\"wp-block-image is-style-default wp-duotone-unset-2\">\n<figure class=\"aligncenter size-large is-resized\"><img decoding=\"async\" width=\"1024\" height=\"768\" src=\"https:\/\/fundacaofemar.org.br\/portalwordpress\/wp-content\/uploads\/2025\/12\/02-1-1024x768.jpg\" alt=\"\" class=\"wp-image-70680\" style=\"width:649px;height:auto\" srcset=\"https:\/\/fundacaofemar.org.br\/portalwordpress\/wp-content\/uploads\/2025\/12\/02-1-1024x768.jpg 1024w, https:\/\/fundacaofemar.org.br\/portalwordpress\/wp-content\/uploads\/2025\/12\/02-1-300x225.jpg 300w, https:\/\/fundacaofemar.org.br\/portalwordpress\/wp-content\/uploads\/2025\/12\/02-1-768x576.jpg 768w, https:\/\/fundacaofemar.org.br\/portalwordpress\/wp-content\/uploads\/2025\/12\/02-1-1536x1152.jpg 1536w, https:\/\/fundacaofemar.org.br\/portalwordpress\/wp-content\/uploads\/2025\/12\/02-1.jpg 1600w\" sizes=\"(max-width: 1024px) 100vw, 1024px\" \/><\/figure><\/div>\n\n\n<p class=\"has-text-align-left\">A programa\u00e7\u00e3o contou com palestras de representantes de institui\u00e7\u00f5es brasileiras e internacionais, incluindo: IME, IAE, Universidade de Bras\u00edlia (UnB), Universidade do Estado do Rio de Janeiro (UERJ), Instituto Tecnol\u00f3gico de Aeron\u00e1utica (ITA), Universidade Federal do Rio Grande do Sul (UFRGS), Fraunhofer ICT (Alemanha), e, empresas especializadas na fabrica\u00e7\u00e3o de materiais energ\u00e9ticos.<\/p>\n\n\n\n<p class=\"has-text-align-left\">A iniciativa ocorreu em paralelo ao 12\u00ba Encontro T\u00e9cnico de Materiais e Qu\u00edmica (ETMQ12), organizado pelo Instituto de Pesquisas da Marinha do Brasil, conforme o calend\u00e1rio oficial de Ci\u00eancia, Tecnologia e Inova\u00e7\u00e3o de 2025.<\/p>\n\n\n<div class=\"wp-block-image is-style-default wp-duotone-unset-3\">\n<figure class=\"aligncenter size-large is-resized\"><img decoding=\"async\" width=\"1024\" height=\"724\" src=\"https:\/\/fundacaofemar.org.br\/portalwordpress\/wp-content\/uploads\/2025\/12\/03-1-1024x724.jpg\" alt=\"\" class=\"wp-image-70681\" style=\"width:646px;height:auto\" srcset=\"https:\/\/fundacaofemar.org.br\/portalwordpress\/wp-content\/uploads\/2025\/12\/03-1-1024x724.jpg 1024w, https:\/\/fundacaofemar.org.br\/portalwordpress\/wp-content\/uploads\/2025\/12\/03-1-300x212.jpg 300w, https:\/\/fundacaofemar.org.br\/portalwordpress\/wp-content\/uploads\/2025\/12\/03-1-768x543.jpg 768w, https:\/\/fundacaofemar.org.br\/portalwordpress\/wp-content\/uploads\/2025\/12\/03-1-1536x1086.jpg 1536w, https:\/\/fundacaofemar.org.br\/portalwordpress\/wp-content\/uploads\/2025\/12\/03-1.jpg 1600w\" sizes=\"(max-width: 1024px) 100vw, 1024px\" \/><\/figure><\/div>\n\n\n<h2 class=\"wp-block-heading has-text-align-center\"><strong><mark style=\"background-color:rgba(0, 0, 0, 0)\" class=\"has-inline-color has-vivid-cyan-blue-color\"><strong>Funda\u00e7\u00e3o Pioneira da Maritimidade no Brasil<\/strong><\/mark><\/strong><\/h2>\n\n\n\n<h2 class=\"wp-block-heading has-text-align-center\"><strong><mark style=\"background-color:rgba(0, 0, 0, 0)\" class=\"has-inline-color has-vivid-cyan-blue-color\"><strong>Funda\u00e7\u00e3o de Estudos do Mar<\/strong><\/mark><\/strong><\/h2>\n\n\n\n<p><\/p>\n\n\n\n<figure class=\"wp-block-pullquote\"><blockquote><p><strong><em><mark style=\"background-color:rgba(0, 0, 0, 0)\" class=\"has-inline-color has-black-color\">N\u00e3o perca! Acompanhe mais atividades em nossas redes sociais:<\/mark><\/em><\/strong><br><a href=\"https:\/\/linktr.ee\/fundacaofemar\"><strong><mark style=\"background-color:rgba(0, 0, 0, 0)\" class=\"has-inline-color has-vivid-cyan-blue-color\">https:\/\/linktr.ee\/fundacaofemar<\/mark><\/strong><\/a><\/p><\/blockquote><\/figure>\n\n\n\n<p><\/p>\n<\/div>","protected":false},"excerpt":{"rendered":"<p>No dia 27 de novembro, a Funda\u00e7\u00e3o de Estudos do Mar (FEMAR) sediou Brazilian Energetics Workshop (BREW), evento presidido pelo Dr. Maur\u00edcio Ferraponoff Lemos, pesquisador do Instituto de Pesquisas da Marinha do Brasil (IPqM), em conjunto com o comit\u00ea organizador e cient\u00edfico formado por pesquisadores do Instituto Militar de Engenharia (IME), do Instituto de Aeron\u00e1utica e Espa\u00e7o (IAE) e da Universidade Federal do Rio Grande do Sul (UFRGS).<\/p>\n","protected":false},"author":9,"featured_media":0,"comment_status":"closed","ping_status":"closed","sticky":false,"template":"","format":"standard","meta":{"footnotes":""},"categories":[18,2],"tags":[],"class_list":["post-70678","post","type-post","status-publish","format-standard","hentry","category-eventos","category-news"],"rise-blocks_total_comments":0,"rise-blocks_categories":[{"term_id":18,"name":"Eventos","slug":"eventos","term_group":0,"term_taxonomy_id":18,"taxonomy":"category","description":"","parent":2,"count":239,"filter":"raw","cat_ID":18,"category_count":239,"category_description":"","cat_name":"Eventos","category_nicename":"eventos","category_parent":2},{"term_id":2,"name":"News","slug":"news","term_group":0,"term_taxonomy_id":2,"taxonomy":"category","description":"","parent":0,"count":365,"filter":"raw","cat_ID":2,"category_count":365,"category_description":"","cat_name":"News","category_nicename":"news","category_parent":0}],"rise-blocks_excerpt":"No dia 27 de novembro, a Funda\u00e7\u00e3o de Estudos do Mar (FEMAR) sediou Brazilian Energetics Workshop (BREW), evento presidido pelo Dr. Maur\u00edcio Ferraponoff Lemos, pesquisador do Instituto de Pesquisas da Marinha do Brasil (IPqM), em conjunto com o comit\u00ea organizador e cient\u00edfico formado por pesquisadores do Instituto Militar de Engenharia (IME), do Instituto de Aeron\u00e1utica e Espa\u00e7o (IAE) e da Universidade Federal do Rio Grande do Sul (UFRGS).","_links":{"self":[{"href":"https:\/\/fundacaofemar.org.br\/portalwordpress\/wp-json\/wp\/v2\/posts\/70678","targetHints":{"allow":["GET"]}}],"collection":[{"href":"https:\/\/fundacaofemar.org.br\/portalwordpress\/wp-json\/wp\/v2\/posts"}],"about":[{"href":"https:\/\/fundacaofemar.org.br\/portalwordpress\/wp-json\/wp\/v2\/types\/post"}],"author":[{"embeddable":true,"href":"https:\/\/fundacaofemar.org.br\/portalwordpress\/wp-json\/wp\/v2\/users\/9"}],"replies":[{"embeddable":true,"href":"https:\/\/fundacaofemar.org.br\/portalwordpress\/wp-json\/wp\/v2\/comments?post=70678"}],"version-history":[{"count":0,"href":"https:\/\/fundacaofemar.org.br\/portalwordpress\/wp-json\/wp\/v2\/posts\/70678\/revisions"}],"wp:attachment":[{"href":"https:\/\/fundacaofemar.org.br\/portalwordpress\/wp-json\/wp\/v2\/media?parent=70678"}],"wp:term":[{"taxonomy":"category","embeddable":true,"href":"https:\/\/fundacaofemar.org.br\/portalwordpress\/wp-json\/wp\/v2\/categories?post=70678"},{"taxonomy":"post_tag","embeddable":true,"href":"https:\/\/fundacaofemar.org.br\/portalwordpress\/wp-json\/wp\/v2\/tags?post=70678"}],"curies":[{"name":"wp","href":"https:\/\/api.w.org\/{rel}","templated":true}]}}