{"id":70690,"date":"2025-12-05T14:27:41","date_gmt":"2025-12-05T17:27:41","guid":{"rendered":"https:\/\/fundacaofemar.org.br\/portalwordpress\/?p=70690"},"modified":"2025-12-05T14:27:42","modified_gmt":"2025-12-05T17:27:42","slug":"presidente-da-femar-e-autoridades-participam-de-encontro-estrategico-da-dgn-sobre-o-futuro-da-navegacao","status":"publish","type":"post","link":"https:\/\/fundacaofemar.org.br\/portalwordpress\/2025\/12\/05\/presidente-da-femar-e-autoridades-participam-de-encontro-estrategico-da-dgn-sobre-o-futuro-da-navegacao\/","title":{"rendered":"PRESIDENTE DA FEMAR E AUTORIDADES PARTICIPAM DE ENCONTRO ESTRAT\u00c9GICO DA DGN SOBRE O FUTURO DA NAVEGA\u00c7\u00c3O"},"content":{"rendered":"<div class=\"post-content\">\n<p><strong>Publicado em 05 de Dezembro de 2025<\/strong><\/p>\n\n\n\n<p class=\"has-text-align-left\">No dia 3 de dezembro, o Presidente da Funda\u00e7\u00e3o de Estudos do Mar (FEMAR), Marcelo Francisco Campos, e outras autoridades, foram recepcionados pelo Diretor-Geral de Navega\u00e7\u00e3o (DGN), Almirante de Esquadra S\u00edlvio Lu\u00eds, para uma reuni\u00e3o dedicada a temas estrat\u00e9gicos da Autoridade Mar\u00edtima Brasileira e da Comunidade Mar\u00edtima.<\/p>\n\n\n\n<p class=\"has-text-align-left\">Estiveram presentes no encontro, conforme se apresentam na foto da direita para a esquerda: o Diretor da Procuradoria Especial da Marinha (PEM), VA (RM1) Barros Coutinho; o Assessor do Comandante da Marinha para Assuntos ligados \u00e0 Autoridade Mar\u00edtima, AE (RM1) Borges; o Presidente da FEMAR, AE (RM1) Campos; o ex-Comandante da Marinha (CM), AE (RM1) Ilques; o Diretor-Geral da DGN, AE S\u00edlvio Lu\u00eds; o Diretor de Portos e Costas (DPC), VA Andr\u00e9 Macedo; o Juiz Presidente do Tribunal Mar\u00edtimo (TM), VA (RM1) Ralph Dias; e, o Comandante do Centro de Instru\u00e7\u00e3o Almirante Gra\u00e7a Aranha (CIAGA), CA Alvaro Lemos.<\/p>\n\n\n<div class=\"wp-block-image is-style-default wp-duotone-unset-1\">\n<figure class=\"aligncenter size-full is-resized\"><img fetchpriority=\"high\" decoding=\"async\" width=\"1920\" height=\"1278\" src=\"https:\/\/fundacaofemar.org.br\/portalwordpress\/wp-content\/uploads\/2025\/12\/Vale-essa-foto-DGN.jpg\" alt=\"\" class=\"wp-image-70691\" style=\"width:651px;height:auto\" srcset=\"https:\/\/fundacaofemar.org.br\/portalwordpress\/wp-content\/uploads\/2025\/12\/Vale-essa-foto-DGN.jpg 1920w, https:\/\/fundacaofemar.org.br\/portalwordpress\/wp-content\/uploads\/2025\/12\/Vale-essa-foto-DGN-300x200.jpg 300w, https:\/\/fundacaofemar.org.br\/portalwordpress\/wp-content\/uploads\/2025\/12\/Vale-essa-foto-DGN-1024x682.jpg 1024w, https:\/\/fundacaofemar.org.br\/portalwordpress\/wp-content\/uploads\/2025\/12\/Vale-essa-foto-DGN-768x511.jpg 768w, https:\/\/fundacaofemar.org.br\/portalwordpress\/wp-content\/uploads\/2025\/12\/Vale-essa-foto-DGN-1536x1022.jpg 1536w\" sizes=\"(max-width: 1920px) 100vw, 1920px\" \/><\/figure><\/div>\n\n\n<p class=\"has-text-align-left\">A reuni\u00e3o foi marcada por um di\u00e1logo sobre os principais desafios, entregas e oportunidades de 2025. Tamb\u00e9m foram discutidos os grandes eventos internacionais da Comunidade Mar\u00edtima que o Pa\u00eds sediar\u00e1 nos pr\u00f3ximos anos. A Diretoria tamb\u00e9m apresentou um balan\u00e7o positivo, mesmo diante as dificuldades, das a\u00e7\u00f5es realizadas no Setor de Navega\u00e7\u00e3o durante o ano de 2025.<\/p>\n\n\n\n<p class=\"has-text-align-left\">Outro destaque foi o engajamento das autoridades presentes, que seguem ativas em f\u00f3runs nacionais e internacionais, representando a Marinha do Brasil e considerando as demandas da Comunidade Mar\u00edtima para fortalecer o desenvolvimento da Economia Azul.<\/p>\n\n\n\n<h2 class=\"wp-block-heading has-text-align-center\"><strong><mark style=\"background-color:rgba(0, 0, 0, 0)\" class=\"has-inline-color has-vivid-cyan-blue-color\"><strong>Funda\u00e7\u00e3o Pioneira da Maritimidade no Brasil<\/strong><\/mark><\/strong><\/h2>\n\n\n\n<h2 class=\"wp-block-heading has-text-align-center\"><strong><mark style=\"background-color:rgba(0, 0, 0, 0)\" class=\"has-inline-color has-vivid-cyan-blue-color\"><strong>Funda\u00e7\u00e3o de Estudos do Mar<\/strong><\/mark><\/strong><\/h2>\n\n\n\n<p><\/p>\n\n\n\n<figure class=\"wp-block-pullquote\"><blockquote><p><strong><em><mark style=\"background-color:rgba(0, 0, 0, 0)\" class=\"has-inline-color has-black-color\">N\u00e3o perca! Acompanhe mais atividades em nossas redes sociais:<\/mark><\/em><\/strong><br><a href=\"https:\/\/linktr.ee\/fundacaofemar\"><strong><mark style=\"background-color:rgba(0, 0, 0, 0)\" class=\"has-inline-color has-vivid-cyan-blue-color\">https:\/\/linktr.ee\/fundacaofemar<\/mark><\/strong><\/a><\/p><\/blockquote><\/figure>\n\n\n\n<p><\/p>\n<\/div>","protected":false},"excerpt":{"rendered":"<p>No dia 3 de dezembro, o Presidente da Funda\u00e7\u00e3o de Estudos do Mar (FEMAR), Marcelo Francisco Campos, e outras autoridades, foram recepcionados pelo Diretor-Geral de Navega\u00e7\u00e3o (DGN), Almirante de Esquadra S\u00edlvio Lu\u00eds, para uma reuni\u00e3o dedicada a temas estrat\u00e9gicos da Autoridade Mar\u00edtima Brasileira e da Comunidade Mar\u00edtima.<\/p>\n","protected":false},"author":9,"featured_media":0,"comment_status":"closed","ping_status":"closed","sticky":false,"template":"","format":"standard","meta":{"footnotes":""},"categories":[18,2],"tags":[],"class_list":["post-70690","post","type-post","status-publish","format-standard","hentry","category-eventos","category-news"],"rise-blocks_total_comments":0,"rise-blocks_categories":[{"term_id":18,"name":"Eventos","slug":"eventos","term_group":0,"term_taxonomy_id":18,"taxonomy":"category","description":"","parent":2,"count":239,"filter":"raw","cat_ID":18,"category_count":239,"category_description":"","cat_name":"Eventos","category_nicename":"eventos","category_parent":2},{"term_id":2,"name":"News","slug":"news","term_group":0,"term_taxonomy_id":2,"taxonomy":"category","description":"","parent":0,"count":365,"filter":"raw","cat_ID":2,"category_count":365,"category_description":"","cat_name":"News","category_nicename":"news","category_parent":0}],"rise-blocks_excerpt":"No dia 3 de dezembro, o Presidente da Funda\u00e7\u00e3o de Estudos do Mar (FEMAR), Marcelo Francisco Campos, e outras autoridades, foram recepcionados pelo Diretor-Geral de Navega\u00e7\u00e3o (DGN), Almirante de Esquadra S\u00edlvio Lu\u00eds, para uma reuni\u00e3o dedicada a temas estrat\u00e9gicos da Autoridade Mar\u00edtima Brasileira e da Comunidade Mar\u00edtima.","_links":{"self":[{"href":"https:\/\/fundacaofemar.org.br\/portalwordpress\/wp-json\/wp\/v2\/posts\/70690","targetHints":{"allow":["GET"]}}],"collection":[{"href":"https:\/\/fundacaofemar.org.br\/portalwordpress\/wp-json\/wp\/v2\/posts"}],"about":[{"href":"https:\/\/fundacaofemar.org.br\/portalwordpress\/wp-json\/wp\/v2\/types\/post"}],"author":[{"embeddable":true,"href":"https:\/\/fundacaofemar.org.br\/portalwordpress\/wp-json\/wp\/v2\/users\/9"}],"replies":[{"embeddable":true,"href":"https:\/\/fundacaofemar.org.br\/portalwordpress\/wp-json\/wp\/v2\/comments?post=70690"}],"version-history":[{"count":0,"href":"https:\/\/fundacaofemar.org.br\/portalwordpress\/wp-json\/wp\/v2\/posts\/70690\/revisions"}],"wp:attachment":[{"href":"https:\/\/fundacaofemar.org.br\/portalwordpress\/wp-json\/wp\/v2\/media?parent=70690"}],"wp:term":[{"taxonomy":"category","embeddable":true,"href":"https:\/\/fundacaofemar.org.br\/portalwordpress\/wp-json\/wp\/v2\/categories?post=70690"},{"taxonomy":"post_tag","embeddable":true,"href":"https:\/\/fundacaofemar.org.br\/portalwordpress\/wp-json\/wp\/v2\/tags?post=70690"}],"curies":[{"name":"wp","href":"https:\/\/api.w.org\/{rel}","templated":true}]}}