{"id":70693,"date":"2025-12-05T15:52:39","date_gmt":"2025-12-05T18:52:39","guid":{"rendered":"https:\/\/fundacaofemar.org.br\/portalwordpress\/?p=70693"},"modified":"2025-12-05T15:52:41","modified_gmt":"2025-12-05T18:52:41","slug":"femar-participa-da-cerimonia-da-transmissao-de-cargo-do-novo-diretor-do-ieapm","status":"publish","type":"post","link":"https:\/\/fundacaofemar.org.br\/portalwordpress\/2025\/12\/05\/femar-participa-da-cerimonia-da-transmissao-de-cargo-do-novo-diretor-do-ieapm\/","title":{"rendered":"FEMAR PARTICIPA DA CERIM\u00d4NIA DA TRANSMISS\u00c3O DE CARGO DO NOVO DIRETOR DO IEAPM"},"content":{"rendered":"<div class=\"post-content\">\n<p><strong>Publicado em 05 de Dezembro de 2025<\/strong><\/p>\n\n\n\n<p class=\"has-text-align-left\">No dia 5 de dezembro, a Funda\u00e7\u00e3o de Estudos do Mar (FEMAR) marcou presen\u00e7a na Cerim\u00f4nia de Transmiss\u00e3o de Cargo do novo Diretor do Instituto de Estudos do Mar Almirante Paulo Moreira (IEAPM), o CMG Fabio Kenji Arakaki.<\/p>\n\n\n<div class=\"wp-block-image is-style-default wp-duotone-unset-1\">\n<figure class=\"aligncenter size-full is-resized\"><img fetchpriority=\"high\" decoding=\"async\" width=\"1600\" height=\"1200\" src=\"https:\/\/fundacaofemar.org.br\/portalwordpress\/wp-content\/uploads\/2025\/12\/Foto-orignal.jpg\" alt=\"\" class=\"wp-image-70694\" style=\"width:651px;height:auto\" srcset=\"https:\/\/fundacaofemar.org.br\/portalwordpress\/wp-content\/uploads\/2025\/12\/Foto-orignal.jpg 1600w, https:\/\/fundacaofemar.org.br\/portalwordpress\/wp-content\/uploads\/2025\/12\/Foto-orignal-300x225.jpg 300w, https:\/\/fundacaofemar.org.br\/portalwordpress\/wp-content\/uploads\/2025\/12\/Foto-orignal-1024x768.jpg 1024w, https:\/\/fundacaofemar.org.br\/portalwordpress\/wp-content\/uploads\/2025\/12\/Foto-orignal-768x576.jpg 768w, https:\/\/fundacaofemar.org.br\/portalwordpress\/wp-content\/uploads\/2025\/12\/Foto-orignal-1536x1152.jpg 1536w\" sizes=\"(max-width: 1600px) 100vw, 1600px\" \/><\/figure><\/div>\n\n\n<p class=\"has-text-align-left\">Realizado na sede do Instituto, na Praia dos Anjos, em Arraial do Cabo (RJ), o evento reuniu o Superintendente T\u00e9cnico, Paulo Cesar; a Gerente de Projetos, Sheila Meireles; e, o Assistente de Projetos, Edson Antunes, que representaram a FEMAR na ocasi\u00e3o.<\/p>\n\n\n\n<p class=\"has-text-align-left\">A participa\u00e7\u00e3o da Funda\u00e7\u00e3o de Estudos do Mar refor\u00e7a a sinergia entre as duas Institui\u00e7\u00f5es, especialmente porque o IEAPM tem como miss\u00e3o \u201crealizar atividades de pesquisa, desenvolvimento, inova\u00e7\u00e3o e presta\u00e7\u00e3o de servi\u00e7os tecnol\u00f3gicos na \u00e1rea de Ci\u00eancias do Mar, contribuindo para a amplia\u00e7\u00e3o do conhecimento e a eficaz utiliza\u00e7\u00e3o do meio ambiente marinho, no interesse da Marinha do Brasil e do desenvolvimento socioecon\u00f4mico do Pa\u00eds\u201d.<\/p>\n\n\n\n<p class=\"has-text-align-left\">Essa miss\u00e3o converge diretamente com a atua\u00e7\u00e3o da FEMAR, que promove iniciativas voltadas ao fortalecimento da pesquisa mar\u00edtima, da forma\u00e7\u00e3o de especialistas e do desenvolvimento sustent\u00e1vel da Amaz\u00f4nia Azul.<\/p>\n\n\n\n<h2 class=\"wp-block-heading has-text-align-center\"><strong><mark style=\"background-color:rgba(0, 0, 0, 0)\" class=\"has-inline-color has-vivid-cyan-blue-color\"><strong>Funda\u00e7\u00e3o Pioneira da Maritimidade no Brasil<\/strong><\/mark><\/strong><\/h2>\n\n\n\n<h2 class=\"wp-block-heading has-text-align-center\"><strong><mark style=\"background-color:rgba(0, 0, 0, 0)\" class=\"has-inline-color has-vivid-cyan-blue-color\"><strong>Funda\u00e7\u00e3o de Estudos do Mar<\/strong><\/mark><\/strong><\/h2>\n\n\n\n<p><\/p>\n\n\n\n<figure class=\"wp-block-pullquote\"><blockquote><p><strong><em><mark style=\"background-color:rgba(0, 0, 0, 0)\" class=\"has-inline-color has-black-color\">N\u00e3o perca! Acompanhe mais atividades em nossas redes sociais:<\/mark><\/em><\/strong><br><a href=\"https:\/\/linktr.ee\/fundacaofemar\"><strong><mark style=\"background-color:rgba(0, 0, 0, 0)\" class=\"has-inline-color has-vivid-cyan-blue-color\">https:\/\/linktr.ee\/fundacaofemar<\/mark><\/strong><\/a><\/p><\/blockquote><\/figure>\n\n\n\n<p><\/p>\n<\/div>","protected":false},"excerpt":{"rendered":"<p>No dia 5 de dezembro, a Funda\u00e7\u00e3o de Estudos do Mar (FEMAR) marcou presen\u00e7a na Cerim\u00f4nia de Transmiss\u00e3o de Cargo do novo Diretor do Instituto de Estudos do Mar Almirante Paulo Moreira (IEAPM), o CMG Fabio Kenji Arakaki.<\/p>\n","protected":false},"author":9,"featured_media":0,"comment_status":"closed","ping_status":"closed","sticky":false,"template":"","format":"standard","meta":{"footnotes":""},"categories":[18,2],"tags":[],"class_list":["post-70693","post","type-post","status-publish","format-standard","hentry","category-eventos","category-news"],"rise-blocks_total_comments":0,"rise-blocks_categories":[{"term_id":18,"name":"Eventos","slug":"eventos","term_group":0,"term_taxonomy_id":18,"taxonomy":"category","description":"","parent":2,"count":239,"filter":"raw","cat_ID":18,"category_count":239,"category_description":"","cat_name":"Eventos","category_nicename":"eventos","category_parent":2},{"term_id":2,"name":"News","slug":"news","term_group":0,"term_taxonomy_id":2,"taxonomy":"category","description":"","parent":0,"count":365,"filter":"raw","cat_ID":2,"category_count":365,"category_description":"","cat_name":"News","category_nicename":"news","category_parent":0}],"rise-blocks_excerpt":"No dia 5 de dezembro, a Funda\u00e7\u00e3o de Estudos do Mar (FEMAR) marcou presen\u00e7a na Cerim\u00f4nia de Transmiss\u00e3o de Cargo do novo Diretor do Instituto de Estudos do Mar Almirante Paulo Moreira (IEAPM), o CMG Fabio Kenji Arakaki.","_links":{"self":[{"href":"https:\/\/fundacaofemar.org.br\/portalwordpress\/wp-json\/wp\/v2\/posts\/70693","targetHints":{"allow":["GET"]}}],"collection":[{"href":"https:\/\/fundacaofemar.org.br\/portalwordpress\/wp-json\/wp\/v2\/posts"}],"about":[{"href":"https:\/\/fundacaofemar.org.br\/portalwordpress\/wp-json\/wp\/v2\/types\/post"}],"author":[{"embeddable":true,"href":"https:\/\/fundacaofemar.org.br\/portalwordpress\/wp-json\/wp\/v2\/users\/9"}],"replies":[{"embeddable":true,"href":"https:\/\/fundacaofemar.org.br\/portalwordpress\/wp-json\/wp\/v2\/comments?post=70693"}],"version-history":[{"count":0,"href":"https:\/\/fundacaofemar.org.br\/portalwordpress\/wp-json\/wp\/v2\/posts\/70693\/revisions"}],"wp:attachment":[{"href":"https:\/\/fundacaofemar.org.br\/portalwordpress\/wp-json\/wp\/v2\/media?parent=70693"}],"wp:term":[{"taxonomy":"category","embeddable":true,"href":"https:\/\/fundacaofemar.org.br\/portalwordpress\/wp-json\/wp\/v2\/categories?post=70693"},{"taxonomy":"post_tag","embeddable":true,"href":"https:\/\/fundacaofemar.org.br\/portalwordpress\/wp-json\/wp\/v2\/tags?post=70693"}],"curies":[{"name":"wp","href":"https:\/\/api.w.org\/{rel}","templated":true}]}}