{"id":70931,"date":"2026-01-19T16:15:18","date_gmt":"2026-01-19T19:15:18","guid":{"rendered":"https:\/\/fundacaofemar.org.br\/portalwordpress\/?p=70931"},"modified":"2026-01-19T16:16:33","modified_gmt":"2026-01-19T19:16:33","slug":"curso-expirp","status":"publish","type":"post","link":"https:\/\/fundacaofemar.org.br\/portalwordpress\/2026\/01\/19\/curso-expirp\/","title":{"rendered":"CURSO EXPIRP"},"content":{"rendered":"<div class=\"post-content\">\n<p><strong>Publicado em 19 de Janeiro  de 2026<\/strong><\/p>\n\n\n\n<figure class=\"wp-block-image size-full is-style-default\"><img fetchpriority=\"high\" decoding=\"async\" width=\"1920\" height=\"729\" src=\"https:\/\/fundacaofemar.org.br\/portalwordpress\/wp-content\/uploads\/2026\/01\/Arte-Aprovada1.png\" alt=\"\" class=\"wp-image-70932\" srcset=\"https:\/\/fundacaofemar.org.br\/portalwordpress\/wp-content\/uploads\/2026\/01\/Arte-Aprovada1.png 1920w, https:\/\/fundacaofemar.org.br\/portalwordpress\/wp-content\/uploads\/2026\/01\/Arte-Aprovada1-300x114.png 300w, https:\/\/fundacaofemar.org.br\/portalwordpress\/wp-content\/uploads\/2026\/01\/Arte-Aprovada1-1024x389.png 1024w, https:\/\/fundacaofemar.org.br\/portalwordpress\/wp-content\/uploads\/2026\/01\/Arte-Aprovada1-768x292.png 768w, https:\/\/fundacaofemar.org.br\/portalwordpress\/wp-content\/uploads\/2026\/01\/Arte-Aprovada1-1536x583.png 1536w\" sizes=\"(max-width: 1920px) 100vw, 1920px\" \/><\/figure>\n\n\n\n<p><strong><strong><em>CURSO EXPIRP<\/em><\/strong><\/strong><\/p>\n\n\n\n<p>O Curso Exporta\u00e7\u00e3o e Importa\u00e7\u00e3o: Rotinas e Procedimentos (EXPIRP) visa proporcionar ao aluno a oportunidade de conhecer as t\u00e9cnicas e desenvolver rotinas de uma opera\u00e7\u00e3o de com\u00e9rcio exterior..<\/p>\n\n\n\n<p><strong>DIRETRIZES<\/strong><\/p>\n\n\n\n<p><strong>Carga hor\u00e1ria: <\/strong>15 horas<strong><\/strong><\/p>\n\n\n\n<p><strong>Modalidade:<\/strong> On-line, com aulas s\u00edncronas (ao vivo), via plataforma TEAMS<\/p>\n\n\n\n<p><strong>Per\u00edodo de realiza\u00e7\u00e3o<\/strong>: de 10\/03 a 24\/03\/2026<\/p>\n\n\n\n<p><strong>Dias das Aulas<\/strong>: 10, 12, 17, 19 e 24\/03\/2026<\/p>\n\n\n\n<p><strong>Hor\u00e1rio:<\/strong> 18h \u00e0s 21h<\/p>\n\n\n\n<p><strong>CONTE\u00daDOS ABORDADOS<\/strong><\/p>\n\n\n\n<ul class=\"wp-block-list\">\n<li><strong>Introdu\u00e7\u00e3o<\/strong><\/li>\n\n\n\n<li><strong>Personagens do Com\u00e9rcio Internacional<\/strong><\/li>\n\n\n\n<li><strong>Rotinas do Com\u00e9rcio Internacional<\/strong><\/li>\n\n\n\n<li><strong>Principais documentos no com\u00e9rcio exterior<\/strong><\/li>\n\n\n\n<li><strong>A Importa\u00e7\u00e3o e a Exporta\u00e7\u00e3o no Brasil<\/strong><\/li>\n\n\n\n<li><strong>Estrutura do Com\u00e9rcio Exterior Brasileiro<\/strong><\/li>\n\n\n\n<li><strong>\u00d3rg\u00e3os Gestores<\/strong><\/li>\n\n\n\n<li><strong>\u00d3rg\u00e3os Anuentes<\/strong><\/li>\n\n\n\n<li><strong>Habilita\u00e7\u00e3o para Operar no Com\u00e9rcio Exterior<\/strong><\/li>\n\n\n\n<li><strong>Processo de Importa\u00e7\u00e3o<\/strong><\/li>\n\n\n\n<li><strong>Processo de Exporta\u00e7\u00e3o<\/strong><\/li>\n<\/ul>\n\n\n\n<p><strong>CERTIFICADO<\/strong><\/p>\n\n\n\n<p>Ser\u00e1 concedido o Certificado de Conclus\u00e3o \u00e0queles que cumprirem as diretrizes do curso.<\/p>\n\n\n\n<p><strong>INVESTIMENTO<\/strong><\/p>\n\n\n\n<p>O valor do investimento \u00e9 de <strong>R$ 500,00, <\/strong>podendo ser pago por meio de:<\/p>\n\n\n\n<ul class=\"wp-block-list\">\n<li>PIX<\/li>\n\n\n\n<li>TED<\/li>\n\n\n\n<li>Cart\u00e3o de Cr\u00e9dito<\/li>\n<\/ul>\n\n\n\n<p>O pagamento somente ser\u00e1 realizado ap\u00f3s confirma\u00e7\u00e3o de inscri\u00e7\u00e3o, que ser\u00e1 recebida por e-mail.<\/p>\n\n\n\n<p><strong>INSCRI\u00c7\u00c3O<\/strong><\/p>\n\n\n\n<p><strong>Per\u00edodo de inscri\u00e7\u00e3o:<\/strong> de 21 de janeiro a 23 de fevereiro de 2026.<\/p>\n\n\n\n<p>Para maiores informa\u00e7\u00f5es:<\/p>\n\n\n\n<p>\u260e<strong> 21 3237-9511 \/ 3237-9518<\/strong><\/p>\n\n\n\n<p>\ud83d\udcbb<mark style=\"background-color:rgba(0, 0, 0, 0)\" class=\"has-inline-color has-vivid-cyan-blue-color\"> <span \n                data-original-string='u544fyz1RfgDm7c\/0gN8eQ==9dc7U7qdM9m0Jz3E3GYQieWEdhRvhsn6nZKQ3k4dLqtia8nFEY3dsqeJ\/jEH1B6uzZl'\n                class='apbct-email-encoder'\n                title='This contact has been encoded by Anti-Spam by CleanTalk. Click to decode. To finish the decoding make sure that JavaScript is enabled in your browser.'>se<span class=\"apbct-blur\">**************<\/span>@<span class=\"apbct-blur\">***************<\/span>rg.br<\/span><\/mark><\/p>\n\n\n<div class=\"wp-block-image\">\n<figure class=\"aligncenter size-full\"><img decoding=\"async\" width=\"287\" height=\"167\" src=\"https:\/\/fundacaofemar.org.br\/portalwordpress\/wp-content\/uploads\/2024\/04\/gifs-de-seta-para-baixo-5.gif\" alt=\"\" class=\"wp-image-61739\"\/><\/figure><\/div>\n\n\n<h3 class=\"wp-block-heading has-text-align-center\"><a href=\"https:\/\/sige.srv.br\/secretaria\/inscricao_publica.php?sis=LD&amp;vp=45\" target=\"_blank\" rel=\"noreferrer noopener\">Clique Aqui e fa\u00e7a sua inscri\u00e7\u00e3o:<\/a><\/h3>\n\n\n\n<h4 class=\"wp-block-heading has-text-align-center\"><strong><em><mark style=\"background-color:rgba(0, 0, 0, 0)\" class=\"has-inline-color has-vivid-cyan-blue-color\">Garanta sua pr\u00e9-inscri\u00e7\u00e3o e aguarde a confirma\u00e7\u00e3o por e-mail!<\/mark><\/em><\/strong><br><\/h4>\n\n\n\n<h4 class=\"wp-block-heading has-text-align-center\"><strong><mark style=\"background-color:rgba(0, 0, 0, 0)\" class=\"has-inline-color has-vivid-cyan-blue-color\"><strong><strong>Funda\u00e7\u00e3o Pioneira da Maritimidade no Brasil<\/strong><\/strong><\/mark><\/strong><\/h4>\n\n\n\n<figure class=\"wp-block-pullquote\"><blockquote><p><strong><em><mark style=\"background-color:rgba(0, 0, 0, 0)\" class=\"has-inline-color has-black-color\">N\u00e3o deixe de acompanhar nossas novidades nos links abaixo:<\/mark><\/em><\/strong><br><a href=\"http:\/\/linktr.ee\/fundacaofemar\" target=\"_blank\" rel=\"noreferrer noopener\"><strong>http:\/\/linktr.ee\/fundacaofemar<\/strong><\/a><\/p><\/blockquote><\/figure>\n\n\n\n<p><\/p>\n<\/div>","protected":false},"excerpt":{"rendered":"<p>CURSO EXPIRP<br \/>\nO Curso Exporta\u00e7\u00e3o e Importa\u00e7\u00e3o: Rotinas e Procedimentos (EXPIRP) visa proporcionar ao aluno a oportunidade de conhecer as t\u00e9cnicas e desenvolver rotinas de uma opera\u00e7\u00e3o de com\u00e9rcio exterior. <\/p>\n","protected":false},"author":9,"featured_media":0,"comment_status":"closed","ping_status":"closed","sticky":false,"template":"","format":"standard","meta":{"footnotes":""},"categories":[29,2],"tags":[],"class_list":["post-70931","post","type-post","status-publish","format-standard","hentry","category-ensino","category-news"],"rise-blocks_total_comments":0,"rise-blocks_categories":[{"term_id":29,"name":"Ensino","slug":"ensino","term_group":0,"term_taxonomy_id":29,"taxonomy":"category","description":"","parent":2,"count":143,"filter":"raw","cat_ID":29,"category_count":143,"category_description":"","cat_name":"Ensino","category_nicename":"ensino","category_parent":2},{"term_id":2,"name":"News","slug":"news","term_group":0,"term_taxonomy_id":2,"taxonomy":"category","description":"","parent":0,"count":365,"filter":"raw","cat_ID":2,"category_count":365,"category_description":"","cat_name":"News","category_nicename":"news","category_parent":0}],"rise-blocks_excerpt":"CURSO EXPIRP\nO Curso Exporta\u00e7\u00e3o e Importa\u00e7\u00e3o: Rotinas e Procedimentos (EXPIRP) visa proporcionar ao aluno a oportunidade de conhecer as t\u00e9cnicas e desenvolver rotinas de uma opera\u00e7\u00e3o de com\u00e9rcio exterior. ","_links":{"self":[{"href":"https:\/\/fundacaofemar.org.br\/portalwordpress\/wp-json\/wp\/v2\/posts\/70931","targetHints":{"allow":["GET"]}}],"collection":[{"href":"https:\/\/fundacaofemar.org.br\/portalwordpress\/wp-json\/wp\/v2\/posts"}],"about":[{"href":"https:\/\/fundacaofemar.org.br\/portalwordpress\/wp-json\/wp\/v2\/types\/post"}],"author":[{"embeddable":true,"href":"https:\/\/fundacaofemar.org.br\/portalwordpress\/wp-json\/wp\/v2\/users\/9"}],"replies":[{"embeddable":true,"href":"https:\/\/fundacaofemar.org.br\/portalwordpress\/wp-json\/wp\/v2\/comments?post=70931"}],"version-history":[{"count":0,"href":"https:\/\/fundacaofemar.org.br\/portalwordpress\/wp-json\/wp\/v2\/posts\/70931\/revisions"}],"wp:attachment":[{"href":"https:\/\/fundacaofemar.org.br\/portalwordpress\/wp-json\/wp\/v2\/media?parent=70931"}],"wp:term":[{"taxonomy":"category","embeddable":true,"href":"https:\/\/fundacaofemar.org.br\/portalwordpress\/wp-json\/wp\/v2\/categories?post=70931"},{"taxonomy":"post_tag","embeddable":true,"href":"https:\/\/fundacaofemar.org.br\/portalwordpress\/wp-json\/wp\/v2\/tags?post=70931"}],"curies":[{"name":"wp","href":"https:\/\/api.w.org\/{rel}","templated":true}]}}