{"id":71003,"date":"2026-01-23T09:58:05","date_gmt":"2026-01-23T12:58:05","guid":{"rendered":"https:\/\/fundacaofemar.org.br\/portalwordpress\/?p=71003"},"modified":"2026-01-23T09:58:24","modified_gmt":"2026-01-23T12:58:24","slug":"24-01-dia-internacional-da-educacao-2","status":"publish","type":"post","link":"https:\/\/fundacaofemar.org.br\/portalwordpress\/2026\/01\/23\/24-01-dia-internacional-da-educacao-2\/","title":{"rendered":"24\/01 \u2013 DIA INTERNACIONAL DA EDUCA\u00c7\u00c3O"},"content":{"rendered":"<div class=\"post-content\">\n<p>Apostar na Educa\u00e7\u00e3o \u00e9 investir em novas descobertas e no progresso cont\u00ednuo. Em 24 de janeiro, celebramos internacionalmente a Educa\u00e7\u00e3o, uma das principais ferramentas para transformar vidas e abrir portas para a inova\u00e7\u00e3o.<\/p>\n\n\n\n<p>A Funda\u00e7\u00e3o de Estudos do Mar (FEMAR) \u00e9 uma Institui\u00e7\u00e3o focada em apoiar e prestar servi\u00e7os especializados nas \u00e1reas de ensino, pesquisa, extens\u00e3o e inova\u00e7\u00e3o tecnol\u00f3gica voltadas \u00e0 produ\u00e7\u00e3o e a transmiss\u00e3o do conhecimento do mar. Visando promover o bem-estar do p\u00fablico externo, desenvolve de forma volunt\u00e1ria e gratuita, no seu Programa de Responsabilidade Social (PRS), o Projeto Escola no Mar (PROEMAR), o Projeto de Gratuidade de Cursos (PGC) e o Projeto de Atividades de Conscientiza\u00e7\u00e3o (PROATICONS).<\/p>\n\n\n<div class=\"wp-block-image is-style-default wp-duotone-unset-1\">\n<figure class=\"aligncenter size-full is-resized\"><img fetchpriority=\"high\" decoding=\"async\" width=\"1080\" height=\"1350\" src=\"https:\/\/fundacaofemar.org.br\/portalwordpress\/wp-content\/uploads\/2026\/01\/IntEdu.png\" alt=\"\" class=\"wp-image-71005\" style=\"width:487px;height:auto\" srcset=\"https:\/\/fundacaofemar.org.br\/portalwordpress\/wp-content\/uploads\/2026\/01\/IntEdu.png 1080w, https:\/\/fundacaofemar.org.br\/portalwordpress\/wp-content\/uploads\/2026\/01\/IntEdu-240x300.png 240w, https:\/\/fundacaofemar.org.br\/portalwordpress\/wp-content\/uploads\/2026\/01\/IntEdu-819x1024.png 819w, https:\/\/fundacaofemar.org.br\/portalwordpress\/wp-content\/uploads\/2026\/01\/IntEdu-768x960.png 768w\" sizes=\"(max-width: 1080px) 100vw, 1080px\" \/><\/figure><\/div>\n\n\n<p class=\"has-text-align-center\"><strong>QUE O CONHECIMENTO VEN\u00c7A SEMPRE!<\/strong><\/p>\n\n\n\n<p class=\"has-text-align-center\"><strong><em><mark style=\"background-color:rgba(0, 0, 0, 0)\" class=\"has-inline-color has-black-color\">N\u00e3o perca! Acompanhe mais atividades em nossas redes sociais:<\/mark><\/em><\/strong>  <a href=\"https:\/\/linktr.ee\/fundacaofemar\">https:\/\/linktr.ee\/fundacaofemar<\/a><\/p>\n\n\n\n<p class=\"has-text-align-center\"><br><\/p>\n<\/div>","protected":false},"excerpt":{"rendered":"<p>Apostar na Educa\u00e7\u00e3o \u00e9 investir em novas descobertas e no progresso cont\u00ednuo. Em 24 de janeiro, celebramos internacionalmente a Educa\u00e7\u00e3o, uma das principais ferramentas para transformar vidas e abrir portas para a inova\u00e7\u00e3o.<\/p>\n","protected":false},"author":9,"featured_media":0,"comment_status":"closed","ping_status":"closed","sticky":false,"template":"","format":"standard","meta":{"footnotes":""},"categories":[18,2],"tags":[],"class_list":["post-71003","post","type-post","status-publish","format-standard","hentry","category-eventos","category-news"],"rise-blocks_total_comments":0,"rise-blocks_categories":[{"term_id":18,"name":"Eventos","slug":"eventos","term_group":0,"term_taxonomy_id":18,"taxonomy":"category","description":"","parent":2,"count":239,"filter":"raw","cat_ID":18,"category_count":239,"category_description":"","cat_name":"Eventos","category_nicename":"eventos","category_parent":2},{"term_id":2,"name":"News","slug":"news","term_group":0,"term_taxonomy_id":2,"taxonomy":"category","description":"","parent":0,"count":365,"filter":"raw","cat_ID":2,"category_count":365,"category_description":"","cat_name":"News","category_nicename":"news","category_parent":0}],"rise-blocks_excerpt":"Apostar na Educa\u00e7\u00e3o \u00e9 investir em novas descobertas e no progresso cont\u00ednuo. Em 24 de janeiro, celebramos internacionalmente a Educa\u00e7\u00e3o, uma das principais ferramentas para transformar vidas e abrir portas para a inova\u00e7\u00e3o.","_links":{"self":[{"href":"https:\/\/fundacaofemar.org.br\/portalwordpress\/wp-json\/wp\/v2\/posts\/71003","targetHints":{"allow":["GET"]}}],"collection":[{"href":"https:\/\/fundacaofemar.org.br\/portalwordpress\/wp-json\/wp\/v2\/posts"}],"about":[{"href":"https:\/\/fundacaofemar.org.br\/portalwordpress\/wp-json\/wp\/v2\/types\/post"}],"author":[{"embeddable":true,"href":"https:\/\/fundacaofemar.org.br\/portalwordpress\/wp-json\/wp\/v2\/users\/9"}],"replies":[{"embeddable":true,"href":"https:\/\/fundacaofemar.org.br\/portalwordpress\/wp-json\/wp\/v2\/comments?post=71003"}],"version-history":[{"count":0,"href":"https:\/\/fundacaofemar.org.br\/portalwordpress\/wp-json\/wp\/v2\/posts\/71003\/revisions"}],"wp:attachment":[{"href":"https:\/\/fundacaofemar.org.br\/portalwordpress\/wp-json\/wp\/v2\/media?parent=71003"}],"wp:term":[{"taxonomy":"category","embeddable":true,"href":"https:\/\/fundacaofemar.org.br\/portalwordpress\/wp-json\/wp\/v2\/categories?post=71003"},{"taxonomy":"post_tag","embeddable":true,"href":"https:\/\/fundacaofemar.org.br\/portalwordpress\/wp-json\/wp\/v2\/tags?post=71003"}],"curies":[{"name":"wp","href":"https:\/\/api.w.org\/{rel}","templated":true}]}}