{"id":71019,"date":"2026-01-26T10:56:32","date_gmt":"2026-01-26T13:56:32","guid":{"rendered":"https:\/\/fundacaofemar.org.br\/portalwordpress\/?p=71019"},"modified":"2026-02-06T13:13:26","modified_gmt":"2026-02-06T16:13:26","slug":"26-01-dia-mundial-da-educacao-ambiental-2","status":"publish","type":"post","link":"https:\/\/fundacaofemar.org.br\/portalwordpress\/2026\/01\/26\/26-01-dia-mundial-da-educacao-ambiental-2\/","title":{"rendered":"26\/01 &#8211; DIA MUNDIAL DA EDUCA\u00c7\u00c3O AMBIENTAL"},"content":{"rendered":"<div class=\"post-content\">\n<p>Educar \u00e9 o primeiro passo para transformar e cuidar do Planeta! Atividades sustent\u00e1veis no ambiente escolar fortalecem a conex\u00e3o com os bens naturais, incentivam a conserva\u00e7\u00e3o e criam experi\u00eancias l\u00fadicas, envolventes e cheias de significado. Leia abaixo e aprenda mais!<\/p>\n\n\n<div class=\"wp-block-image is-style-default wp-duotone-unset-1\">\n<figure class=\"aligncenter size-full is-resized\"><img fetchpriority=\"high\" decoding=\"async\" width=\"1080\" height=\"1350\" src=\"https:\/\/fundacaofemar.org.br\/portalwordpress\/wp-content\/uploads\/2026\/01\/EDUAMB-21.png\" alt=\"\" class=\"wp-image-71020\" style=\"width:414px;height:auto\" srcset=\"https:\/\/fundacaofemar.org.br\/portalwordpress\/wp-content\/uploads\/2026\/01\/EDUAMB-21.png 1080w, https:\/\/fundacaofemar.org.br\/portalwordpress\/wp-content\/uploads\/2026\/01\/EDUAMB-21-240x300.png 240w, https:\/\/fundacaofemar.org.br\/portalwordpress\/wp-content\/uploads\/2026\/01\/EDUAMB-21-819x1024.png 819w, https:\/\/fundacaofemar.org.br\/portalwordpress\/wp-content\/uploads\/2026\/01\/EDUAMB-21-768x960.png 768w\" sizes=\"(max-width: 1080px) 100vw, 1080px\" \/><\/figure><\/div>\n\n<div class=\"wp-block-image\">\n<figure class=\"aligncenter size-large is-resized\"><img decoding=\"async\" width=\"819\" height=\"1024\" src=\"https:\/\/fundacaofemar.org.br\/portalwordpress\/wp-content\/uploads\/2026\/01\/EDUAMB-31-1-819x1024.png\" alt=\"\" class=\"wp-image-71024\" style=\"width:414px;height:auto\" srcset=\"https:\/\/fundacaofemar.org.br\/portalwordpress\/wp-content\/uploads\/2026\/01\/EDUAMB-31-1-819x1024.png 819w, https:\/\/fundacaofemar.org.br\/portalwordpress\/wp-content\/uploads\/2026\/01\/EDUAMB-31-1-240x300.png 240w, https:\/\/fundacaofemar.org.br\/portalwordpress\/wp-content\/uploads\/2026\/01\/EDUAMB-31-1-768x960.png 768w, https:\/\/fundacaofemar.org.br\/portalwordpress\/wp-content\/uploads\/2026\/01\/EDUAMB-31-1.png 1080w\" sizes=\"(max-width: 819px) 100vw, 819px\" \/><\/figure><\/div>\n\n<div class=\"wp-block-image\">\n<figure class=\"aligncenter size-large is-resized\"><img decoding=\"async\" width=\"819\" height=\"1024\" src=\"https:\/\/fundacaofemar.org.br\/portalwordpress\/wp-content\/uploads\/2026\/01\/EDUAMB-41-819x1024.png\" alt=\"\" class=\"wp-image-71025\" style=\"width:413px;height:auto\" srcset=\"https:\/\/fundacaofemar.org.br\/portalwordpress\/wp-content\/uploads\/2026\/01\/EDUAMB-41-819x1024.png 819w, https:\/\/fundacaofemar.org.br\/portalwordpress\/wp-content\/uploads\/2026\/01\/EDUAMB-41-240x300.png 240w, https:\/\/fundacaofemar.org.br\/portalwordpress\/wp-content\/uploads\/2026\/01\/EDUAMB-41-768x960.png 768w, https:\/\/fundacaofemar.org.br\/portalwordpress\/wp-content\/uploads\/2026\/01\/EDUAMB-41.png 1080w\" sizes=\"(max-width: 819px) 100vw, 819px\" \/><\/figure><\/div>\n\n\n<p>N\u00e3o deixe de acompanhar nossas novidades no link abaixo: N\u00e3o deixe de acompanhar nossas novidades no link abaixo: <a href=\"https:\/\/linktr.ee\/fundacaofemar\">https:\/\/linktr.ee\/fundacaofemar<\/a><\/p>\n\n\n\n<p><\/p>\n<\/div>","protected":false},"excerpt":{"rendered":"<p>Educar \u00e9 o primeiro passo para transformar e cuidar do Planeta! Atividades sustent\u00e1veis no ambiente escolar fortalecem a conex\u00e3o com os bens naturais, incentivam a conserva\u00e7\u00e3o e criam experi\u00eancias l\u00fadicas, envolventes e cheias de significado.<\/p>\n","protected":false},"author":9,"featured_media":0,"comment_status":"closed","ping_status":"closed","sticky":false,"template":"","format":"standard","meta":{"footnotes":""},"categories":[18,2],"tags":[],"class_list":["post-71019","post","type-post","status-publish","format-standard","hentry","category-eventos","category-news"],"rise-blocks_total_comments":0,"rise-blocks_categories":[{"term_id":18,"name":"Eventos","slug":"eventos","term_group":0,"term_taxonomy_id":18,"taxonomy":"category","description":"","parent":2,"count":239,"filter":"raw","cat_ID":18,"category_count":239,"category_description":"","cat_name":"Eventos","category_nicename":"eventos","category_parent":2},{"term_id":2,"name":"News","slug":"news","term_group":0,"term_taxonomy_id":2,"taxonomy":"category","description":"","parent":0,"count":365,"filter":"raw","cat_ID":2,"category_count":365,"category_description":"","cat_name":"News","category_nicename":"news","category_parent":0}],"rise-blocks_excerpt":"Educar \u00e9 o primeiro passo para transformar e cuidar do Planeta! Atividades sustent\u00e1veis no ambiente escolar fortalecem a conex\u00e3o com os bens naturais, incentivam a conserva\u00e7\u00e3o e criam experi\u00eancias l\u00fadicas, envolventes e cheias de significado.","_links":{"self":[{"href":"https:\/\/fundacaofemar.org.br\/portalwordpress\/wp-json\/wp\/v2\/posts\/71019","targetHints":{"allow":["GET"]}}],"collection":[{"href":"https:\/\/fundacaofemar.org.br\/portalwordpress\/wp-json\/wp\/v2\/posts"}],"about":[{"href":"https:\/\/fundacaofemar.org.br\/portalwordpress\/wp-json\/wp\/v2\/types\/post"}],"author":[{"embeddable":true,"href":"https:\/\/fundacaofemar.org.br\/portalwordpress\/wp-json\/wp\/v2\/users\/9"}],"replies":[{"embeddable":true,"href":"https:\/\/fundacaofemar.org.br\/portalwordpress\/wp-json\/wp\/v2\/comments?post=71019"}],"version-history":[{"count":0,"href":"https:\/\/fundacaofemar.org.br\/portalwordpress\/wp-json\/wp\/v2\/posts\/71019\/revisions"}],"wp:attachment":[{"href":"https:\/\/fundacaofemar.org.br\/portalwordpress\/wp-json\/wp\/v2\/media?parent=71019"}],"wp:term":[{"taxonomy":"category","embeddable":true,"href":"https:\/\/fundacaofemar.org.br\/portalwordpress\/wp-json\/wp\/v2\/categories?post=71019"},{"taxonomy":"post_tag","embeddable":true,"href":"https:\/\/fundacaofemar.org.br\/portalwordpress\/wp-json\/wp\/v2\/tags?post=71019"}],"curies":[{"name":"wp","href":"https:\/\/api.w.org\/{rel}","templated":true}]}}