{"id":71504,"date":"2026-03-06T14:53:43","date_gmt":"2026-03-06T17:53:43","guid":{"rendered":"https:\/\/fundacaofemar.org.br\/portalwordpress\/?p=71504"},"modified":"2026-03-06T14:54:19","modified_gmt":"2026-03-06T17:54:19","slug":"projeto-mar-de-escolhas-retoma-as-atividades","status":"publish","type":"post","link":"https:\/\/fundacaofemar.org.br\/portalwordpress\/2026\/03\/06\/projeto-mar-de-escolhas-retoma-as-atividades\/","title":{"rendered":"PROJETO \u201cMAR DE ESCOLHAS\u201d RETOMA AS ATIVIDADES"},"content":{"rendered":"<div class=\"post-content\">\n<p>A Funda\u00e7\u00e3o de Estudos do Mar (FEMAR) retomou, no dia 06 de mar\u00e7o, as atividades do \u201cMar de Escolhas\u201d, como parte do Projeto Atividades de Conscientiza\u00e7\u00e3o (PROATICONS), que visa disseminar o conhecimento das diversas carreiras relacionadas ao mar, que muitas vezes s\u00e3o pouco divulgadas para a Sociedade em geral.\u00a0\u00a0<\/p>\n\n\n<div class=\"wp-block-image\">\n<figure class=\"aligncenter size-large is-resized\"><img fetchpriority=\"high\" decoding=\"async\" width=\"878\" height=\"1024\" src=\"https:\/\/fundacaofemar.org.br\/portalwordpress\/wp-content\/uploads\/2026\/03\/031-878x1024.jpg\" alt=\"\" class=\"wp-image-71505\" style=\"width:336px;height:auto\" srcset=\"https:\/\/fundacaofemar.org.br\/portalwordpress\/wp-content\/uploads\/2026\/03\/031-878x1024.jpg 878w, https:\/\/fundacaofemar.org.br\/portalwordpress\/wp-content\/uploads\/2026\/03\/031-257x300.jpg 257w, https:\/\/fundacaofemar.org.br\/portalwordpress\/wp-content\/uploads\/2026\/03\/031-768x896.jpg 768w, https:\/\/fundacaofemar.org.br\/portalwordpress\/wp-content\/uploads\/2026\/03\/031.jpg 1200w\" sizes=\"(max-width: 878px) 100vw, 878px\" \/><\/figure><\/div>\n\n\n<p>A primeira institui\u00e7\u00e3o de ensino comtemplada com o Projeto levou 103 alunos para participarem das atividades do \u201cMar de Escolhas\u201d. Matriculados no 9\u00ba ano do Ensino Fundamental II, da Escola Municipal Orsina da Fonseca, localizada na Tijuca, bairro da Zona Norte do munic\u00edpio do Rio de Janeiro. Os estudantes entenderam a import\u00e2ncia do mar e como ele apresenta muitas oportunidades para o futuro, al\u00e9m de explorar as op\u00e7\u00f5es de emprego que podem abra\u00e7ar.<\/p>\n\n\n<div class=\"wp-block-image\">\n<figure class=\"aligncenter size-full is-resized\"><img decoding=\"async\" width=\"1600\" height=\"946\" src=\"https:\/\/fundacaofemar.org.br\/portalwordpress\/wp-content\/uploads\/2026\/03\/012.jpg\" alt=\"\" class=\"wp-image-71506\" style=\"width:333px;height:auto\" srcset=\"https:\/\/fundacaofemar.org.br\/portalwordpress\/wp-content\/uploads\/2026\/03\/012.jpg 1600w, https:\/\/fundacaofemar.org.br\/portalwordpress\/wp-content\/uploads\/2026\/03\/012-300x177.jpg 300w, https:\/\/fundacaofemar.org.br\/portalwordpress\/wp-content\/uploads\/2026\/03\/012-1024x605.jpg 1024w, https:\/\/fundacaofemar.org.br\/portalwordpress\/wp-content\/uploads\/2026\/03\/012-768x454.jpg 768w, https:\/\/fundacaofemar.org.br\/portalwordpress\/wp-content\/uploads\/2026\/03\/012-1536x908.jpg 1536w\" sizes=\"(max-width: 1600px) 100vw, 1600px\" \/><\/figure><\/div>\n\n\n<p>A Capit\u00e3o de Longo Curso (CLC), Comandante Hildelene Bahia, primeira mulher a Comandar um Navio da Marinha Mercante Brasileira, deu in\u00edcio \u00e0s palestras, ressaltando as carreiras da Marinha Mercante.<\/p>\n\n\n<div class=\"wp-block-image\">\n<figure class=\"aligncenter size-large is-resized\"><img decoding=\"async\" width=\"1024\" height=\"636\" src=\"https:\/\/fundacaofemar.org.br\/portalwordpress\/wp-content\/uploads\/2026\/03\/022-1024x636.jpg\" alt=\"\" class=\"wp-image-71507\" style=\"width:490px;height:auto\" srcset=\"https:\/\/fundacaofemar.org.br\/portalwordpress\/wp-content\/uploads\/2026\/03\/022-1024x636.jpg 1024w, https:\/\/fundacaofemar.org.br\/portalwordpress\/wp-content\/uploads\/2026\/03\/022-300x186.jpg 300w, https:\/\/fundacaofemar.org.br\/portalwordpress\/wp-content\/uploads\/2026\/03\/022-768x477.jpg 768w, https:\/\/fundacaofemar.org.br\/portalwordpress\/wp-content\/uploads\/2026\/03\/022-1536x953.jpg 1536w, https:\/\/fundacaofemar.org.br\/portalwordpress\/wp-content\/uploads\/2026\/03\/022.jpg 1600w\" sizes=\"(max-width: 1024px) 100vw, 1024px\" \/><\/figure><\/div>\n\n\n<p>Em seguida, a Tenente Carolina Maiolino do Centro de Comunica\u00e7\u00e3o Social da Marinha do Brasil (MB), abordou as profiss\u00f5es da For\u00e7a. Finalizando as atividades, a Auxiliar de Ensino da FEMAR, Ana Carolina Pessanha, destacou e apresentou os cursos que a Funda\u00e7\u00e3o de Estudos do Mar oferece para a Sociedade.<\/p>\n\n\n<div class=\"wp-block-image\">\n<figure class=\"aligncenter size-large is-resized\"><img loading=\"lazy\" decoding=\"async\" width=\"966\" height=\"1024\" src=\"https:\/\/fundacaofemar.org.br\/portalwordpress\/wp-content\/uploads\/2026\/03\/041-966x1024.jpg\" alt=\"\" class=\"wp-image-71508\" style=\"width:383px;height:auto\" srcset=\"https:\/\/fundacaofemar.org.br\/portalwordpress\/wp-content\/uploads\/2026\/03\/041-966x1024.jpg 966w, https:\/\/fundacaofemar.org.br\/portalwordpress\/wp-content\/uploads\/2026\/03\/041-283x300.jpg 283w, https:\/\/fundacaofemar.org.br\/portalwordpress\/wp-content\/uploads\/2026\/03\/041-768x814.jpg 768w, https:\/\/fundacaofemar.org.br\/portalwordpress\/wp-content\/uploads\/2026\/03\/041.jpg 1200w\" sizes=\"(max-width: 966px) 100vw, 966px\" \/><\/figure><\/div>\n\n\n<p>O &#8220;Mar de Escolhas&#8221; proporciona um momento especial de conscientiza\u00e7\u00e3o para a nova gera\u00e7\u00e3o no sentido da prote\u00e7\u00e3o dos oceanos e da divulga\u00e7\u00e3o do conhecimento sobre as diversas oportunidades proporcionadas pelo desenvolvimento da mentalidade mar\u00edtima!<\/p>\n\n\n<div class=\"wp-block-image\">\n<figure class=\"aligncenter size-large is-resized\"><img loading=\"lazy\" decoding=\"async\" width=\"768\" height=\"1024\" src=\"https:\/\/fundacaofemar.org.br\/portalwordpress\/wp-content\/uploads\/2026\/03\/05-768x1024.jpg\" alt=\"\" class=\"wp-image-71509\" style=\"width:398px;height:auto\" srcset=\"https:\/\/fundacaofemar.org.br\/portalwordpress\/wp-content\/uploads\/2026\/03\/05-768x1024.jpg 768w, https:\/\/fundacaofemar.org.br\/portalwordpress\/wp-content\/uploads\/2026\/03\/05-225x300.jpg 225w, https:\/\/fundacaofemar.org.br\/portalwordpress\/wp-content\/uploads\/2026\/03\/05-1152x1536.jpg 1152w, https:\/\/fundacaofemar.org.br\/portalwordpress\/wp-content\/uploads\/2026\/03\/05.jpg 1200w\" sizes=\"(max-width: 768px) 100vw, 768px\" \/><\/figure><\/div>\n\n\n<h4 class=\"wp-block-heading has-text-align-center\"><strong><mark style=\"background-color:rgba(0, 0, 0, 0)\" class=\"has-inline-color has-vivid-cyan-blue-color\"><strong><strong>Funda\u00e7\u00e3o Pioneira da Maritimidade no Brasil<\/strong><\/strong><\/mark><\/strong><\/h4>\n\n\n\n<figure class=\"wp-block-pullquote\"><blockquote><p><strong><em><mark style=\"background-color:rgba(0, 0, 0, 0)\" class=\"has-inline-color has-black-color\">N\u00e3o deixe de acompanhar nossas novidades nos links abaixo:<\/mark><\/em><\/strong><br><a href=\"http:\/\/linktr.ee\/fundacaofemar\" target=\"_blank\" rel=\"noreferrer noopener\"><strong>http:\/\/linktr.ee\/fundacaofemar<\/strong><\/a><\/p><\/blockquote><\/figure>\n\n\n\n<p><\/p>\n<\/div>","protected":false},"excerpt":{"rendered":"<p>A Funda\u00e7\u00e3o de Estudos do Mar (FEMAR) retomou, no dia 06 de mar\u00e7o, as atividades<a href=\"https:\/\/fundacaofemar.org.br\/portalwordpress\/2026\/03\/06\/projeto-mar-de-escolhas-retoma-as-atividades\/\" class=\"bizfit-read-more\">Leia Mais<i class=\"fa fa-long-arrow-right\" aria-hidden=\"true\"><\/i><\/a><\/p>\n","protected":false},"author":9,"featured_media":0,"comment_status":"closed","ping_status":"closed","sticky":false,"template":"","format":"standard","meta":{"footnotes":""},"categories":[29,2],"tags":[],"class_list":["post-71504","post","type-post","status-publish","format-standard","hentry","category-ensino","category-news"],"rise-blocks_total_comments":0,"rise-blocks_categories":[{"term_id":29,"name":"Ensino","slug":"ensino","term_group":0,"term_taxonomy_id":29,"taxonomy":"category","description":"","parent":2,"count":143,"filter":"raw","cat_ID":29,"category_count":143,"category_description":"","cat_name":"Ensino","category_nicename":"ensino","category_parent":2},{"term_id":2,"name":"News","slug":"news","term_group":0,"term_taxonomy_id":2,"taxonomy":"category","description":"","parent":0,"count":365,"filter":"raw","cat_ID":2,"category_count":365,"category_description":"","cat_name":"News","category_nicename":"news","category_parent":0}],"rise-blocks_excerpt":"A Funda\u00e7\u00e3o de Estudos do Mar (FEMAR) retomou, no dia 06 de mar\u00e7o, as atividades do \u201cMar de Escolhas\u201d, como parte do Projeto Atividades de Conscientiza\u00e7\u00e3o (PROATICONS), que visa disseminar o conhecimento das diversas carreiras relacionadas ao mar, que muitas vezes s\u00e3o pouco divulgadas para a Sociedade em geral.\u00a0\u00a0 A primeira institui\u00e7\u00e3o de ensino comtemplada com o Projeto levou 103..","_links":{"self":[{"href":"https:\/\/fundacaofemar.org.br\/portalwordpress\/wp-json\/wp\/v2\/posts\/71504","targetHints":{"allow":["GET"]}}],"collection":[{"href":"https:\/\/fundacaofemar.org.br\/portalwordpress\/wp-json\/wp\/v2\/posts"}],"about":[{"href":"https:\/\/fundacaofemar.org.br\/portalwordpress\/wp-json\/wp\/v2\/types\/post"}],"author":[{"embeddable":true,"href":"https:\/\/fundacaofemar.org.br\/portalwordpress\/wp-json\/wp\/v2\/users\/9"}],"replies":[{"embeddable":true,"href":"https:\/\/fundacaofemar.org.br\/portalwordpress\/wp-json\/wp\/v2\/comments?post=71504"}],"version-history":[{"count":0,"href":"https:\/\/fundacaofemar.org.br\/portalwordpress\/wp-json\/wp\/v2\/posts\/71504\/revisions"}],"wp:attachment":[{"href":"https:\/\/fundacaofemar.org.br\/portalwordpress\/wp-json\/wp\/v2\/media?parent=71504"}],"wp:term":[{"taxonomy":"category","embeddable":true,"href":"https:\/\/fundacaofemar.org.br\/portalwordpress\/wp-json\/wp\/v2\/categories?post=71504"},{"taxonomy":"post_tag","embeddable":true,"href":"https:\/\/fundacaofemar.org.br\/portalwordpress\/wp-json\/wp\/v2\/tags?post=71504"}],"curies":[{"name":"wp","href":"https:\/\/api.w.org\/{rel}","templated":true}]}}